{"id":23444,"date":"2015-07-17T09:36:22","date_gmt":"2015-07-17T12:36:22","guid":{"rendered":"http:\/\/www.novaconcursos.com.br\/portal\/?p=23444"},"modified":"2024-07-16T15:01:31","modified_gmt":"2024-07-16T18:01:31","slug":"ifes-56-vagas-e-salarios-de-ate-r-3-66654-2015-07","status":"publish","type":"post","link":"https:\/\/www.novaconcursos.com.br\/portal\/noticias\/ifes-56-vagas-e-salarios-de-ate-r-3-66654-2015-07\/","title":{"rendered":"IFES: 56 vagas e sal\u00e1rios de at\u00e9 R$ 3.666,54"},"content":{"rendered":"<div class=\"wp-block-image\">\n<figure class=\"alignleft\"><a href=\"https:\/\/www.novaconcursos.com.br\/portal\/wp-content\/uploads\/2015\/07\/ifes.jpg\"><img decoding=\"async\" width=\"300\" height=\"192\" src=\"https:\/\/www.novaconcursos.com.br\/portal\/wp-content\/uploads\/2015\/07\/ifes-300x192.jpg\" alt=\"ifes\" class=\"wp-image-23398\" loading=\"lazy\" title=\"\" srcset=\"https:\/\/www.novaconcursos.com.br\/portal\/wp-content\/uploads\/2015\/07\/ifes-300x192.jpg 300w, https:\/\/www.novaconcursos.com.br\/portal\/wp-content\/uploads\/2015\/07\/ifes.jpg 394w\" sizes=\"auto, (max-width: 480px) 100vw, (max-width: 768px) 100vw, (max-width: 1200px) 70vw, 768px\"><\/a><\/figure><\/div>\n\n\n<p>O Instituto\u00a0Federal de Educa\u00e7\u00e3o, Ci\u00eancia e Tecnologia do Esp\u00edrito Santo est\u00e1 inscrevendo candidatos de todos os n\u00edveis de conhecimento para 56 oportunidades de trabalho. Os sal\u00e1rios oferecidos variam entre R$ 1.739,04 e R$ 3.666,54 de acordo com a escolaridade e o cargo pleiteados pelo candidato.<\/p>\n\n\n\n<p><strong>Cargos<\/strong><\/p>\n\n\n\n<p>Os cargos oferecidos s\u00e3o\u00a0T\u00e9cnico-Administrativo em Educa\u00e7\u00e3o, nas fun\u00e7\u00f5es de Assistente de Aluno, Assistente de Tecnologia da Informa\u00e7\u00e3o, Auxiliar de Enfermagem, Auxiliar de Biblioteca, Assistente em Administra\u00e7\u00e3o, T\u00e9cnico de Laborat\u00f3rio nas \u00e1reas de Agroind\u00fastria, Mec\u00e2nica, Minera\u00e7\u00e3o e Inform\u00e1tica, T\u00e9cnico em Edifica\u00e7\u00f5es, T\u00e9cnico em Enfermagem, T\u00e9cnico em Tecnologia da Informa\u00e7\u00e3o, T\u00e9cnico em Secretariado, Tradutor e Int\u00e9rprete de Linguagem de Sinais,\u00a0Analista de Tecnologia da Informa\u00e7\u00e3o, Assistente Social, Bibliotec\u00e1rio Documentalista, Engenheiro na \u00e1rea de Agronomia, M\u00e9dico do Trabalho, T\u00e9cnico em Assuntos Educacionais e Tecn\u00f3logo com forma\u00e7\u00e3o em Recursos Humanos.<\/p>\n\n\n\n<p><b>Inscri\u00e7\u00f5es<\/b><\/p>\n\n\n\n<p>O per\u00edodo de inscri\u00e7\u00f5es iniciou-se no dia 09 de julho e vai at\u00e9 o dia 23 de julho. As inscri\u00e7\u00f5es s\u00e3o feitas atrav\u00e9s do site do pr\u00f3prio IFES e custam R$ 51 para cargos de n\u00edvel fundamental, R$ 61 para cargos de n\u00edveis m\u00e9dio e t\u00e9cnico e R$ 101 para cargos de n\u00edvel superior.<\/p>\n\n\n\n<p><strong>Provas<\/strong><\/p>\n\n\n\n<p>As provas objetivas ser\u00e3o aplicadas na data prevista de 16 de agosto, a partir das 14h, no campus escolhido pelo candidato no momento de inscri\u00e7\u00e3o. Alguns cargos ter\u00e3o tamb\u00e9m testes f\u00edsicos e prova de t\u00edtulos.<\/p>","protected":false},"excerpt":{"rendered":"<p>O Instituto\u00a0Federal de Educa\u00e7\u00e3o, Ci\u00eancia e Tecnologia do Esp\u00edrito Santo est\u00e1 inscrevendo candidatos de todos os n\u00edveis de conhecimento para 56 oportunidades de trabalho. Os sal\u00e1rios oferecidos variam entre R$ 1.739,04 e R$ 3.666,54 de acordo com a escolaridade e o cargo pleiteados pelo candidato. Cargos Os cargos oferecidos s\u00e3o\u00a0T\u00e9cnico-Administrativo em Educa\u00e7\u00e3o, nas fun\u00e7\u00f5es de [&hellip;]<\/p>\n","protected":false},"author":16,"featured_media":23445,"comment_status":"closed","ping_status":"closed","sticky":false,"template":"","format":"standard","meta":{"_acf_changed":false,"footnotes":"","_wp_rev_ctl_limit":""},"categories":[228],"tags":[14155,14156],"class_list":["post-23444","post","type-post","status-publish","format-standard","has-post-thumbnail","hentry","category-noticias","tag-analise-de-edital-ifes","tag-concurso-ifes"],"acf":[],"_links":{"self":[{"href":"https:\/\/www.novaconcursos.com.br\/portal\/wp-json\/wp\/v2\/posts\/23444","targetHints":{"allow":["GET"]}}],"collection":[{"href":"https:\/\/www.novaconcursos.com.br\/portal\/wp-json\/wp\/v2\/posts"}],"about":[{"href":"https:\/\/www.novaconcursos.com.br\/portal\/wp-json\/wp\/v2\/types\/post"}],"author":[{"embeddable":true,"href":"https:\/\/www.novaconcursos.com.br\/portal\/wp-json\/wp\/v2\/users\/16"}],"replies":[{"embeddable":true,"href":"https:\/\/www.novaconcursos.com.br\/portal\/wp-json\/wp\/v2\/comments?post=23444"}],"version-history":[{"count":2,"href":"https:\/\/www.novaconcursos.com.br\/portal\/wp-json\/wp\/v2\/posts\/23444\/revisions"}],"predecessor-version":[{"id":244123,"href":"https:\/\/www.novaconcursos.com.br\/portal\/wp-json\/wp\/v2\/posts\/23444\/revisions\/244123"}],"wp:featuredmedia":[{"embeddable":true,"href":"https:\/\/www.novaconcursos.com.br\/portal\/wp-json\/wp\/v2\/media\/23445"}],"wp:attachment":[{"href":"https:\/\/www.novaconcursos.com.br\/portal\/wp-json\/wp\/v2\/media?parent=23444"}],"wp:term":[{"taxonomy":"category","embeddable":true,"href":"https:\/\/www.novaconcursos.com.br\/portal\/wp-json\/wp\/v2\/categories?post=23444"},{"taxonomy":"post_tag","embeddable":true,"href":"https:\/\/www.novaconcursos.com.br\/portal\/wp-json\/wp\/v2\/tags?post=23444"}],"curies":[{"name":"wp","href":"https:\/\/api.w.org\/{rel}","templated":true}]}}