{"id":235256,"date":"2020-01-30T17:30:00","date_gmt":"2020-01-30T20:30:00","guid":{"rendered":"https:\/\/www.novaconcursos.com.br\/portal\/?p=235256"},"modified":"2024-08-07T17:37:58","modified_gmt":"2024-08-07T20:37:58","slug":"concurso-pf-corporacao-solicita-edital-com-oferta-de-3-mil-vagas","status":"publish","type":"post","link":"https:\/\/www.novaconcursos.com.br\/portal\/noticias\/concurso-pf-corporacao-solicita-edital-com-oferta-de-3-mil-vagas\/","title":{"rendered":"Concurso PF: Corpora\u00e7\u00e3o solicita edital com oferta de 3 mil vagas!"},"content":{"rendered":"<p>Foi confirmado pelo presidente da ADPF, um\u00a0<strong>aumento no pedido de vagas<\/strong>\u00a0para o novo\u00a0concurso\u00a0<strong>PF<\/strong>\u00a0(Pol\u00edcia Federal), foram solicitados\u00a0<strong>3.000 vagas<\/strong>.<\/p>\n\n\n\n<h2 class=\"wp-block-heading\" id=\"vagas-no-novo-edital-do-concurso-pf\">Vagas no novo edital do concurso PF<\/h2>\n\n\n\n<p>O concurso da Pol\u00edcia Federal de 2020, tem novidades. O presidente da ADPF (Associa\u00e7\u00e3o Nacional dos Delegados de Pol\u00edcia Federal), Edvandir Paiva,\u00a0<strong>concedeu uma declara\u00e7\u00e3o indicando que o pedido enviado pela corpora\u00e7\u00e3o contempla 3.000 vagas para uma nova sele\u00e7\u00e3o<\/strong>.<\/p>\n\n\n\n<p><em>\u201cSobre o concurso da Pol\u00edcia Federal, o nosso diretor-geral pediu mais 3 mil vagas de concurso. N\u00f3s esperamos que seja atendido, pelo menos, paulatinamente, abrindo algumas vagas agora e outras depois\u201d<\/em>, informou Edvandir Paiva.<\/p>\n\n\n\n<p>O vice-presidente da ADPF, Luciano Leiro,\u00a0<strong>confirmou que o pedido para 3.000 vagas est\u00e1 sob an\u00e1lise do Minist\u00e9rio da Economia<\/strong>.<\/p>\n\n\n\n<p><em>\u201cElas est\u00e3o distribu\u00eddas por todos os cargos. N\u00f3s j\u00e1 temos essa quantidade de vagas, quase que um ter\u00e7o do efetivo total. H\u00e1 10.800 policiais hoje e temos 14 mil vagas. Ou seja, a diferen\u00e7a est\u00e1 solicitada pelo diretor-geral\u201d<\/em>, confirmou Luciano Leiro.<\/p>\n\n\n\n<p>A declara\u00e7\u00e3o do presidente da associa\u00e7\u00e3o foi dada em resposta aos seguidores do jornal Correio Braziliense, no Instagram.\u00a0<strong>Eles o questionaram sobre a perspectiva do concurso<\/strong>\u00a0<strong>PF<\/strong>. Edvandir ainda respondeu a uma pergunta sobre carreira \u00fanica na Pol\u00edcia Federal.<\/p>\n\n\n\n<p><em>\u201cEu n\u00e3o acredito em carreira \u00fanica. Isso significa acabar com o concurso p\u00fablico, um dos instrumentos mais democr\u00e1ticos da Rep\u00fablica\u201d<\/em>.<\/p>\n\n\n\n<p>Em entrevista dada ao jornal, Edvandir Paiva, comenta que a defasagem prejudica qualquer trabalho da Pol\u00edcia Federal, ap\u00f3s ser questionado sobre a fuga dos presos pr\u00f3ximos \u00e0 fronteira. Vale ressaltar,\u00a0<strong>que no m\u00eas de fevereiro de 2019, a ADPF informou que o d\u00e9ficit da Pol\u00edcia Federal era de 4.330 servidores<\/strong>.<\/p>\n\n\n\n<figure class=\"wp-block-image\"><img decoding=\"async\" width=\"1024\" height=\"577\" src=\"https:\/\/web.archive.org\/web\/20210120100836im_\/https:\/\/www.novaconcursos.com.br\/portal\/wp-content\/uploads\/2019\/05\/PF-1024x577.jpg\" alt=\"Nova-PF\" class=\"wp-image-85623\" loading=\"lazy\" title=\"\" srcset=\"https:\/\/www.novaconcursos.com.br\/portal\/wp-content\/uploads\/2019\/05\/PF-300x169.jpg 300w, https:\/\/www.novaconcursos.com.br\/portal\/wp-content\/uploads\/2019\/05\/PF-1024x577.jpg 1024w, https:\/\/www.novaconcursos.com.br\/portal\/wp-content\/uploads\/2019\/05\/PF.jpg 1280w\" sizes=\"auto, (max-width: 480px) 100vw, (max-width: 768px) 100vw, (max-width: 1200px) 70vw, 768px\"><\/figure><h2 class=\"wp-block-heading\" id=\"pedido-de-vagas-no-concurso-pf-trs-vezes-maior\">Pedido de vagas no concurso PF \u00e9 tr\u00eas vezes maior<\/h2>\n\n\n\n<p>A informa\u00e7\u00e3o de que a Pol\u00edcia Federal possa ter solicitado um pedido com 3.000 vagas, \u00e9 uma excelente novidade para os interessados no certame. Isso porque, anteriormente,\u00a0<strong>haviam sido confirmadas 834 vagas por meio de dois pedidos<\/strong>.<\/p>\n\n\n\n<p>Dessa maneira,\u00a0<strong>o novo quantitativo supera em mais de tr\u00eas vezes o anterior<\/strong>. At\u00e9 o momento, n\u00e3o se sabe a distribui\u00e7\u00e3o, mas espera-se que possa contemplar as duas \u00e1reas:\u00a0<strong>Policial e Administrativa<\/strong>.<\/p>\n\n\n\n<p>As 834 vagas at\u00e9 ent\u00e3o confirmadas,\u00a0<strong>contemplariam cargos de n\u00edveis m\u00e9dio e superior<\/strong>. A primeira confirma\u00e7\u00e3o veio no m\u00eas de junho de 2019, quando a Pol\u00edcia Federal confirmou o envio de pedido de concurso ao Governo, no prazo limite de at\u00e9 31 de maio.<\/p>\n\n\n\n<p>No m\u00eas de agosto de 2019, a diretora de Gest\u00e3o de Pessoal substituta, Vanessa Gon\u00e7alves Leite Souza,\u00a0<strong>informou que a Pol\u00edcia Federal havia registrado pedido para uma demanda em cargos de n\u00edveis m\u00e9dio e superior, das \u00e1reas Administrativa e Policial<\/strong>. A informa\u00e7\u00e3o foi obtida em resta no Portal de Acesso \u00e0 Informa\u00e7\u00e3o.<\/p>\n\n\n\n<p>De acordo com Vanessa, um dos pedidos de concurso enviado ao Minist\u00e9rio da Economia teria como objetivo de preencher\u00a0<strong>600 vagas de Agente Policial<\/strong>, que exige n\u00edvel superior em qualquer \u00e1rea e Carteira Nacional de Habilita\u00e7\u00e3o, proporcionado sal\u00e1rio de\u00a0<strong>R$ 12.441,26<\/strong>.<\/p>\n\n\n\n<p>Al\u00e9m da \u00e1rea Policial,\u00a0<strong>foi confirmado o envio de pedido de concurso para o cargo de Agente Administrativo<\/strong>, pelo presidente da Fenapef (Federa\u00e7\u00e3o Nacional dos Policiais Federais), Lu\u00eds Ant\u00f4nio Boudens. Segundo presidente, o pedido da \u00e1rea de Apoio foi para\u00a0<strong>234 vagas<\/strong>.<\/p>\n\n\n\n<p>O cargo de\u00a0<strong>Agente Administrativo<\/strong>\u00a0tem como exig\u00eancia o\u00a0<strong>n\u00edvel m\u00e9dio<\/strong>, com remunera\u00e7\u00e3o de\u00a0<strong>R$ 4.710,76<\/strong>\u00a0mensais. J\u00e1 para graduados, poder\u00e3o ser contempladas v\u00e1rias \u00e1reas, com sal\u00e1rio inicial de\u00a0<strong>R$ 5.554,87<\/strong>.<\/p>\n\n\n\n<p><\/p>","protected":false},"excerpt":{"rendered":"<p>Foi confirmado pelo presidente da ADPF, um\u00a0aumento no pedido de vagas\u00a0para o novo\u00a0concurso\u00a0PF\u00a0(Pol\u00edcia Federal), foram solicitados\u00a03.000 vagas. Vagas no novo edital do concurso PF O concurso da Pol\u00edcia Federal de 2020, tem novidades. O presidente da ADPF (Associa\u00e7\u00e3o Nacional dos Delegados de Pol\u00edcia Federal), Edvandir Paiva,\u00a0concedeu uma declara\u00e7\u00e3o indicando que o pedido enviado pela corpora\u00e7\u00e3o [&hellip;]<\/p>\n","protected":false},"author":46247,"featured_media":0,"comment_status":"closed","ping_status":"closed","sticky":false,"template":"","format":"standard","meta":{"_acf_changed":false,"footnotes":"","_wp_rev_ctl_limit":""},"categories":[228],"tags":[],"class_list":["post-235256","post","type-post","status-publish","format-standard","hentry","category-noticias"],"acf":[],"_links":{"self":[{"href":"https:\/\/www.novaconcursos.com.br\/portal\/wp-json\/wp\/v2\/posts\/235256","targetHints":{"allow":["GET"]}}],"collection":[{"href":"https:\/\/www.novaconcursos.com.br\/portal\/wp-json\/wp\/v2\/posts"}],"about":[{"href":"https:\/\/www.novaconcursos.com.br\/portal\/wp-json\/wp\/v2\/types\/post"}],"author":[{"embeddable":true,"href":"https:\/\/www.novaconcursos.com.br\/portal\/wp-json\/wp\/v2\/users\/46247"}],"replies":[{"embeddable":true,"href":"https:\/\/www.novaconcursos.com.br\/portal\/wp-json\/wp\/v2\/comments?post=235256"}],"version-history":[{"count":1,"href":"https:\/\/www.novaconcursos.com.br\/portal\/wp-json\/wp\/v2\/posts\/235256\/revisions"}],"predecessor-version":[{"id":235257,"href":"https:\/\/www.novaconcursos.com.br\/portal\/wp-json\/wp\/v2\/posts\/235256\/revisions\/235257"}],"wp:attachment":[{"href":"https:\/\/www.novaconcursos.com.br\/portal\/wp-json\/wp\/v2\/media?parent=235256"}],"wp:term":[{"taxonomy":"category","embeddable":true,"href":"https:\/\/www.novaconcursos.com.br\/portal\/wp-json\/wp\/v2\/categories?post=235256"},{"taxonomy":"post_tag","embeddable":true,"href":"https:\/\/www.novaconcursos.com.br\/portal\/wp-json\/wp\/v2\/tags?post=235256"}],"curies":[{"name":"wp","href":"https:\/\/api.w.org\/{rel}","templated":true}]}}