{"id":235272,"date":"2020-12-28T17:49:00","date_gmt":"2020-12-28T20:49:00","guid":{"rendered":"https:\/\/www.novaconcursos.com.br\/portal\/?p=235272"},"modified":"2024-08-07T17:07:28","modified_gmt":"2024-08-07T20:07:28","slug":"concurso-sedu-es-edital-professores","status":"publish","type":"post","link":"https:\/\/www.novaconcursos.com.br\/portal\/noticias\/concurso-sedu-es-edital-professores\/","title":{"rendered":"Concurso SEDU ES: Governador garante publica\u00e7\u00e3o do edital para Professores em 2021!"},"content":{"rendered":"<p>Foi assegurado pelo governador do Esp\u00edrito Santo, Renato Casagrande, que o\u00a0<strong>edital<\/strong>\u00a0do\u00a0concurso\u00a0SEDU ES (Secretaria de Educa\u00e7\u00e3o do Esp\u00edrito Santo)\u00a0<strong>para Professores, ser\u00e1 publicado no ano de 2021<\/strong>.<\/p>\n\n\n\n<p>Ainda no Estado, o concurso PC ES ter\u00e1 edital ofertando vagas para os n\u00edveis m\u00e9dio e superior.\u00a0<\/p>\n\n\n\n<h2 class=\"wp-block-heading\" id=\"publicao-do-edital-do-concurso-sedu-es\">Publica\u00e7\u00e3o do edital do concurso SEDU ES<\/h2>\n\n\n\n<p>Foi garantido pelo governador do Esp\u00edrito Santo, Renato Casagrande,\u00a0<strong>que ir\u00e1 realizar o\u00a0concurso\u00a0SEDU ES para Professores no ano de 2021<\/strong>. O quantitativo de vagas que ser\u00e3o ofertadas ainda est\u00e1 em estudo.<\/p>\n\n\n\n<p>O\u00a0certame\u00a0ser\u00e1 para<strong>\u00a0repor servidores que se aposentaram ou se exoneraram dos cargos<\/strong>. Atualmente, parte dessas vac\u00e2ncias \u00e9 ocupada por docentes contratados em regime de designa\u00e7\u00e3o tempor\u00e1ria (DT).<\/p>\n\n\n\n<p>Pela Lei Complementar 173\/2020, s\u00f3 \u00e9 poss\u00edvel abrir\u00a0certame\u00a0at\u00e9 o m\u00eas de dezembro de 2021 para\u00a0<strong>suprir cargos vagos<\/strong>. N\u00e3o \u00e9 permitido divulgar editais para preenchimento de novos cargos.<\/p>\n\n\n\n<p><em>\u201cTemos vagas abertas que est\u00e3o sendo ocupadas pelos DTs. N\u00e3o posso \u00e9 abrir novas vagas. Fazer concurso para ocupar vagas existentes \u00e9 permitido. Temos mais de 50% de DTs no Estado hoje, na Educa\u00e7\u00e3o\u201d<\/em>, informou o governador.<\/p>\n\n\n\n<p>De acordo com Renato Casagrande,\u00a0<strong>o ideal \u00e9 que as\u00a0sele\u00e7\u00f5es\u00a0para professores sejam regulares<\/strong>. De modo que o n\u00famero de profissionais contratado por tempo determinado, seja menor que o de efetivos.<\/p>\n\n\n\n<p><em>\u201c\u00c9 bom que a gente mantenha sempre concursos rotineiros. \u00c9 bom continuar com os DTs, eles s\u00e3o importantes para nosso funcionamento, para nos dar flexibilidade, mas ao mesmo tempo que n\u00e3o caia muito o n\u00famero de efetivos\u201d<\/em>, salientou Casagrande.<\/p>\n\n\n\n<p>O\u00a0concurso\u00a0SEDU ES est\u00e1 previsto na Lei Or\u00e7ament\u00e1ria Anual do Esp\u00edrito Santo<strong>\u00a0(LOA) para 2021<\/strong>. O texto, aprovado no m\u00eas de dezembro pela Assembleia Legislativa do Estado,\u00a0<strong>traz a reserva para inscri\u00e7\u00f5es e realiza\u00e7\u00e3o do certame<\/strong>.<\/p>\n\n\n\n<h2 class=\"wp-block-heading\" id=\"ltimo-concurso-sedu-es\">\u00daltimo concurso SEDU ES<\/h2>\n\n\n\n<p>O \u00faltimo\u00a0concurso\u00a0SEDU ES teve seu edital publicado no ano de 2018. Na ocasi\u00e3o, foram ofertadas\u00a0<strong>1.025 vagas para os cargos de Pedagogo e Professor em diversas especialidades<\/strong>.<\/p>\n\n\n\n<p><strong>As oportunidades foram distribu\u00eddas pelas seguintes \u00e1reas:<\/strong>\u00a0Pedagogo (87 vagas) e Professores nas \u00e1reas de Arte (58 vagas), Biologia\/Ci\u00eancias (108 vagas), Educa\u00e7\u00e3o F\u00edsica (73 vagas), Espanhol (01 vaga), Filosofia (03 vagas), F\u00edsica (67 vagas), Geografia (117 vagas), Hist\u00f3ria (58 vagas).<\/p>\n\n\n\n<p><strong>Al\u00e9m de:<\/strong>\u00a0L\u00edngua Inglesa (10 vagas), L\u00edngua Portuguesa (170 vagas), Matem\u00e1tica (227 vagas), Qu\u00edmica (44 vagas) e Sociologia (02 vagas). As vagas do certame estavam dispon\u00edveis para os 78 mun\u00edcipios que abrangem a Regi\u00e3o Metropolitana do Estado.<\/p>\n\n\n\n<p>Na \u00e9poca, os\u00a0<strong>sal\u00e1rios<\/strong>\u00a0dos Professores da rede estadual variavam entre\u00a0<strong>R$ 2.081,68<\/strong>\u00a0para docentes com licenciatura plena, e\u00a0<strong>R$ 3.732,67<\/strong>, para os com doutorado,\u00a0<strong>por 25 horas semanais<\/strong>. Al\u00e9m do acr\u00e9scimo do benef\u00edcio de aux\u00edlio alimenta\u00e7\u00e3o.<\/p>\n\n\n\n<p>A\u00a0<strong>banca organizadora respons\u00e1vel<\/strong>\u00a0pela\u00a0sele\u00e7\u00e3o\u00a0foi a\u00a0<strong>FCC<\/strong>\u00a0(Funda\u00e7\u00e3o Carlos Chagas),\u00a0<strong>os candidatos foram avaliados por prova objetiva, prova discursiva e avalia\u00e7\u00e3o de t\u00edtulos<\/strong>. O exame de m\u00faltipla escolha, por sua vez, foi constitu\u00eddo por conte\u00fados de conhecimentos b\u00e1sicos e conhecimentos espec\u00edficos, com car\u00e1ter eliminat\u00f3rio e classificat\u00f3rio.<\/p>\n\n\n\n<p>O\u00a0concurso\u00a0SEDU ES teve por objetivo\u00a0<strong>substituir as vagas de professores tempor\u00e1rios por efetivos<\/strong>. Com isso, o governo do Estado afirmou que ganhou na operacionalidade e otimiza\u00e7\u00e3o dos recursos.<\/p>","protected":false},"excerpt":{"rendered":"<p>Foi assegurado pelo governador do Esp\u00edrito Santo, Renato Casagrande, que o\u00a0edital\u00a0do\u00a0concurso\u00a0SEDU ES (Secretaria de Educa\u00e7\u00e3o do Esp\u00edrito Santo)\u00a0para Professores, ser\u00e1 publicado no ano de 2021. Ainda no Estado, o concurso PC ES ter\u00e1 edital ofertando vagas para os n\u00edveis m\u00e9dio e superior.\u00a0 Publica\u00e7\u00e3o do edital do concurso SEDU ES Foi garantido pelo governador do Esp\u00edrito [&hellip;]<\/p>\n","protected":false},"author":16,"featured_media":0,"comment_status":"closed","ping_status":"closed","sticky":false,"template":"","format":"standard","meta":{"_acf_changed":false,"footnotes":"","_wp_rev_ctl_limit":""},"categories":[228],"tags":[],"class_list":["post-235272","post","type-post","status-publish","format-standard","hentry","category-noticias"],"acf":[],"_links":{"self":[{"href":"https:\/\/www.novaconcursos.com.br\/portal\/wp-json\/wp\/v2\/posts\/235272","targetHints":{"allow":["GET"]}}],"collection":[{"href":"https:\/\/www.novaconcursos.com.br\/portal\/wp-json\/wp\/v2\/posts"}],"about":[{"href":"https:\/\/www.novaconcursos.com.br\/portal\/wp-json\/wp\/v2\/types\/post"}],"author":[{"embeddable":true,"href":"https:\/\/www.novaconcursos.com.br\/portal\/wp-json\/wp\/v2\/users\/16"}],"replies":[{"embeddable":true,"href":"https:\/\/www.novaconcursos.com.br\/portal\/wp-json\/wp\/v2\/comments?post=235272"}],"version-history":[{"count":1,"href":"https:\/\/www.novaconcursos.com.br\/portal\/wp-json\/wp\/v2\/posts\/235272\/revisions"}],"predecessor-version":[{"id":235273,"href":"https:\/\/www.novaconcursos.com.br\/portal\/wp-json\/wp\/v2\/posts\/235272\/revisions\/235273"}],"wp:attachment":[{"href":"https:\/\/www.novaconcursos.com.br\/portal\/wp-json\/wp\/v2\/media?parent=235272"}],"wp:term":[{"taxonomy":"category","embeddable":true,"href":"https:\/\/www.novaconcursos.com.br\/portal\/wp-json\/wp\/v2\/categories?post=235272"},{"taxonomy":"post_tag","embeddable":true,"href":"https:\/\/www.novaconcursos.com.br\/portal\/wp-json\/wp\/v2\/tags?post=235272"}],"curies":[{"name":"wp","href":"https:\/\/api.w.org\/{rel}","templated":true}]}}