{"id":235483,"date":"2019-09-27T13:51:00","date_gmt":"2019-09-27T16:51:00","guid":{"rendered":"https:\/\/www.novaconcursos.com.br\/portal\/?p=235483"},"modified":"2025-04-15T13:53:57","modified_gmt":"2025-04-15T16:53:57","slug":"concurso-prefeitura-de-sao-felix-do-xingu-pa-edital-e-retificado","status":"publish","type":"post","link":"https:\/\/www.novaconcursos.com.br\/portal\/noticias\/concurso-prefeitura-de-sao-felix-do-xingu-pa-edital-e-retificado\/","title":{"rendered":"Concurso Prefeitura de S\u00e3o F\u00e9lix do Xingu \u2013 PA: Edital \u00e9 retificado!"},"content":{"rendered":"<p>O\u00a0<strong>edital\u00a0<\/strong>do\u00a0Concurso\u00a0Prefeitura de S\u00e3o F\u00e9lix do Xingu \u2013 PA\u00a0<strong>\u00e9 retificado<\/strong>. O certame oferta vagas de\u00a0<strong>n\u00edveis fundamental, m\u00e9dio e superior<\/strong>, com sal\u00e1rios de at\u00e9\u00a0<strong>R$ 3,8 mil.<\/strong><\/p>\n\n\n\n<p>A<strong>\u00a0retifica\u00e7\u00e3o altera a quantidade de vagas\u00a0<\/strong>ofertadas no certame, antes a oferta era de\u00a0<strong>343 vagas<\/strong>, agora passa a ser\u00a0<strong>211 vagas<\/strong>\u00a0para preenchimento imediato e\u00a0<strong>109<\/strong>\u00a0para forma\u00e7\u00e3o de cadastro de reserva.<\/p>\n\n\n\n<p>Os\u00a0<strong>cargos exclu\u00eddos<\/strong>\u00a0foram:<\/p>\n\n\n\n<ul class=\"wp-block-list\"><li>Merendeira;<\/li>\n\n\n\n<li>Professor (somente da Zona Urbana);<\/li>\n\n\n\n<li>Supervisor de \u00c1rea II.<\/li>\n<\/ul><p>Al\u00e9m disso, a\u00a0<strong>retifica\u00e7\u00e3o<\/strong>\u00a0tamb\u00e9m traz o\u00a0<strong>aumento no quantitativo de vagas\u00a0<\/strong>e\u00a0<strong>integra\u00e7\u00e3o de alguns cargos:<\/strong><\/p>\n\n\n\n<h2 class=\"wp-block-heading\" id=\"nvel-alfabetizado\">N\u00edvel Alfabetizado<\/h2>\n\n\n\n<ul class=\"wp-block-list\"><li>Merendeira\/Polo da Ladeira Vermelha\u00a0\u2013 01 vaga;<\/li>\n\n\n\n<li>Merendeira\/Polo da Lindoeste\u00a0\u2013 01 vaga;<\/li>\n\n\n\n<li>Merendeira\/Polo da Sudoeste\u00a0\u2013 01 vaga;<\/li>\n\n\n\n<li>Merendeira\/Polo da Tail\u00e2ndia\u00a0\u2013 01 vaga;<\/li>\n\n\n\n<li>Merendeira\/Polo do Plano Dourado\u00a0\u2013 01 vaga.<\/li>\n<\/ul><h2 class=\"wp-block-heading\" id=\"nvel-superior\">N\u00edvel superior<\/h2>\n\n\n\n<ul class=\"wp-block-list\"><li>Coordenador Pedag\u00f3gico CP-II\u00a0\u2013 05 vagas;<\/li>\n\n\n\n<li>Coordenador Pedag\u00f3gico CP-II\/Polo da Taboca \u2013 03 vagas;<\/li>\n\n\n\n<li>Engenheiro Agr\u00f4nomo\u00a0\u2013 01 vaga;<\/li>\n\n\n\n<li>Fonoaudi\u00f3logo\u00a0\u2013 01 vaga;<\/li>\n\n\n\n<li>Gestor Ambiental\u00a0\u2013 01 vaga;<\/li>\n\n\n\n<li>Psic\u00f3logo\u00a0\u2013 01 vaga.<\/li>\n<\/ul><h2 class=\"wp-block-heading\" id=\"nvel-superior-professores\">N\u00edvel superior \u2013 Professores<\/h2>\n\n\n\n<ul class=\"wp-block-list\"><li>Professor P-II \u2013Educa\u00e7\u00e3o Infantil e Ensino Fundamental\/Zona Urbana\u00a0\u2013 50 vagas;<\/li>\n\n\n\n<li>Professor P-II \u2013 Educa\u00e7\u00e3o Infantil e Ensino Fundamental\/Ladeira Vermelha\u00a0\u2013 02 vagas;<\/li>\n\n\n\n<li>Professor P-II \u2013 Educa\u00e7\u00e3o Infantil e Ensino Fundamental\/Polo da Sudoeste\u00a0\u2013 02 vagas;<\/li>\n\n\n\n<li>Professor P-II \u2013 Educa\u00e7\u00e3o Infantil e Ensino Fundamental\/Polo da Taboca\u00a0\u2013 04 vagas;<\/li>\n\n\n\n<li>Professor P-II \u2013 Educa\u00e7\u00e3o Infantil e Ensino Fundamental\/Polo da Teil\u00e2ndia \u2013 01 vaga;<\/li>\n\n\n\n<li>Professor P-II \u2013 Educa\u00e7\u00e3o Infantil e Ensino Fundamental\/Polo do Plano Dourado\u00a0\u2013 01 vaga;<\/li>\n\n\n\n<li>Professor P-II \u2013 Educa\u00e7\u00e3o F\u00edsica\/Zona Urbana\u2013 02 vagas;<\/li>\n\n\n\n<li>Professor P-II \u2013 L\u00edngua Inglesa\/Zona Urbana\u00a0\u2013 01 vaga;<\/li>\n\n\n\n<li>Professor P-II \u2013 L\u00edngua Portuguesa\/Polo do Plano Dourado\u2013 01 vaga;<\/li>\n\n\n\n<li>Professor P-II \u2013 L\u00edngua Portuguesa\/Polo do Nereu\u00a0\u2013 01 vaga;<\/li>\n\n\n\n<li>Professor P-II \u2013 Matem\u00e1tica\/Polo da Teil\u00e2ndia\u2013 01 vaga;<\/li>\n\n\n\n<li>Professor P-II \u2013 Matem\u00e1tica\/Polo do Plano Dourado\u00a0\u2013 01 vaga;<\/li>\n\n\n\n<li>Professor P-II\/Matem\u00e1tica\/Polo do Nereu\u2013 01 vaga.<\/li>\n<\/ul><p>Outra mudan\u00e7a, ocorreu no\u00a0<strong>conte\u00fado program\u00e1tico<\/strong>\u00a0da<strong>\u00a0prova objetiva\u00a0<\/strong>para os\u00a0<strong>cargos<\/strong>\u00a0de Coordenador Pedag\u00f3gico CP-II, Engenheiro Agr\u00f4nomo, Fonoaudi\u00f3logo, Gestor Ambiental, Professor (\u00e1reas afins) e Psic\u00f3logo, fica\u00a0<strong>discriminada a estrutura<\/strong>\u00a0abaixo:<\/p>\n\n\n\n<ul class=\"wp-block-list\"><li>15 quest\u00f5es de L\u00edngua Portuguesa;<\/li>\n\n\n\n<li>10 quest\u00f5es de Inform\u00e1tica B\u00e1sica;<\/li>\n\n\n\n<li>15 quest\u00f5es de Conhecimentos Espec\u00edficos.<\/li>\n<\/ul><h2 class=\"wp-block-heading\" id=\"inscries-no-concurso-prefeitura-so-flix-xingu-pa\">Inscri\u00e7\u00f5es no concurso Prefeitura S\u00e3o F\u00e9lix Xingu \u2013 PA<\/h2>\n\n\n\n<p>As<strong>\u00a0inscri\u00e7\u00f5es<\/strong>\u00a0para o\u00a0<strong>certame<\/strong>\u00a0est\u00e3o\u00a0<strong>abertas<\/strong>\u00a0do dia<strong>\u00a027 de setembro at\u00e9 \u00e0s 23h59min do dia 27 de outubro de 2019.<\/strong><\/p>\n\n\n\n<p>Os<strong>\u00a0interessados<\/strong>\u00a0devem\u00a0<strong>acessar<\/strong>\u00a0o site da\u00a0<strong>banca organizadora<\/strong>,\u00a0Instituto IVIN.<\/p>\n\n\n\n<p>A<strong>\u00a0taxa de inscri\u00e7\u00e3o\u00a0<\/strong>varia nos seguintes valores:<\/p>\n\n\n\n<ul class=\"wp-block-list\"><li><strong>N\u00edvel fundamental:<\/strong>\u00a0R$ 70,00;<\/li>\n\n\n\n<li><strong>N\u00edvel m\u00e9dio:<\/strong>\u00a0R$ 80,00;<\/li>\n\n\n\n<li><strong>N\u00edvel Superior:<\/strong>\u00a0R$ 100,00.<\/li>\n<\/ul><p>O\u00a0<strong>pagamento do boleto<\/strong>\u00a0dever\u00e1 ser efetuado at\u00e9 o dia<strong>\u00a028 de outubro de 2019.<\/strong><\/p>\n\n\n\n<h3 class=\"wp-block-heading\">Vagas e sal\u00e1rios do concurso Prefeitura de S\u00e3o F\u00e9lix do Xingu \u2013 PA<\/h3>\n\n\n\n<p>O certame ofertar\u00e1\u00a0<strong>211 vagas<\/strong>\u00a0para preenchimento imediato mais<strong>\u00a0109<\/strong>\u00a0para forma\u00e7\u00e3o de cadastro de reserva, destinados para os<strong>\u00a0n\u00edveis fundamental, m\u00e9dio e superior.<\/strong><\/p>\n\n\n\n<p>Os\u00a0<strong>sal\u00e1rios<\/strong>\u00a0variam entre\u00a0<strong>R$ 998,00 a R$ 3.836,31<\/strong>, com jornada de trabalho de 30h a 40h semanais.<\/p>\n\n\n\n<h3 class=\"wp-block-heading\">Formas de avalia\u00e7\u00e3o do concurso Prefeitura de S\u00e3o F\u00e9lix \u2013 PA<\/h3>\n\n\n\n<p>Todos os candidatos ser\u00e3o<strong>\u00a0submetidos a provas objetivas<\/strong>, previstas para serem aplicadas nos dias\u00a0<strong>16 e 17 de novembro de 2019<\/strong>, nos seguintes\u00a0<strong>hor\u00e1rios:<\/strong><\/p>\n\n\n\n<ul class=\"wp-block-list\"><li><strong>N\u00edvel fundamental:\u00a0<\/strong>dia 16 de setembro das 14h \u00e0s 18h<\/li>\n\n\n\n<li><strong>N\u00edvel m\u00e9dio:<\/strong>\u00a0dia 17 de setembro das 8h \u00e0s 12h;<\/li>\n\n\n\n<li><strong>N\u00edvel superior:<\/strong>\u00a0dia 17 de setembro das 14h \u00e0s 18h.<\/li>\n<\/ul><p>Os<strong>\u00a0locais de prova<\/strong>\u00a0ainda ser\u00e3o\u00a0<strong>divulgados<\/strong>\u00a0no site da banca organizadora, com anteced\u00eancia m\u00ednima de<strong>\u00a0cinco dias \u00fateis da data da prova.<\/strong><\/p>\n\n\n\n<p>O<strong>\u00a0conte\u00fado program\u00e1tico\u00a0<\/strong>ser\u00e1 constitu\u00eddo, da seguinte maneira:<\/p>\n\n\n\n<h4 class=\"wp-block-heading\">N\u00edvel alfabetizado<\/h4>\n\n\n\n<ul class=\"wp-block-list\"><li>20 quest\u00f5es de L\u00edngua Portuguesa;<\/li>\n\n\n\n<li>20 quest\u00f5es de Matem\u00e1tica.<\/li>\n<\/ul><h4 class=\"wp-block-heading\">N\u00edvel fundamental<\/h4>\n\n\n\n<ul class=\"wp-block-list\"><li>15 quest\u00f5es de L\u00edngua Portuguesa;<\/li>\n\n\n\n<li>10 quest\u00f5es de Matem\u00e1tica;<\/li>\n\n\n\n<li>15 quest\u00f5es de Conhecimentos Espec\u00edficos.<\/li>\n<\/ul><h4 class=\"wp-block-heading\">N\u00edvel m\u00e9dio<\/h4>\n\n\n\n<ul class=\"wp-block-list\"><li>15 quest\u00f5es de L\u00edngua Portuguesa;<\/li>\n\n\n\n<li>05 quest\u00f5es de Matem\u00e1tica;<\/li>\n\n\n\n<li>05 quest\u00f5es de Inform\u00e1tica B\u00e1sica;<\/li>\n\n\n\n<li>15 quest\u00f5es de Conhecimentos Espec\u00edficos.<\/li>\n<\/ul><h4 class=\"wp-block-heading\">N\u00edvel superior<\/h4>\n\n\n\n<ul class=\"wp-block-list\"><li>15 quest\u00f5es de L\u00edngua Portuguesa;<\/li>\n\n\n\n<li>10 quest\u00f5es de Inform\u00e1tica B\u00e1sica;<\/li>\n\n\n\n<li>15 quest\u00f5es de Conhecimentos Espec\u00edficos.<\/li>\n<\/ul><p>O certame ter\u00e1\u00a0<strong>validade de dois anos<\/strong>, podendo ser prorrogado por igual per\u00edodo.<\/p>","protected":false},"excerpt":{"rendered":"<p>O\u00a0edital\u00a0do\u00a0Concurso\u00a0Prefeitura de S\u00e3o F\u00e9lix do Xingu \u2013 PA\u00a0\u00e9 retificado. O certame oferta vagas de\u00a0n\u00edveis fundamental, m\u00e9dio e superior, com sal\u00e1rios de at\u00e9\u00a0R$ 3,8 mil. A\u00a0retifica\u00e7\u00e3o altera a quantidade de vagas\u00a0ofertadas no certame, antes a oferta era de\u00a0343 vagas, agora passa a ser\u00a0211 vagas\u00a0para preenchimento imediato e\u00a0109\u00a0para forma\u00e7\u00e3o de cadastro de reserva. Os\u00a0cargos exclu\u00eddos\u00a0foram: Al\u00e9m disso, [&hellip;]<\/p>\n","protected":false},"author":16,"featured_media":0,"comment_status":"closed","ping_status":"closed","sticky":false,"template":"","format":"standard","meta":{"_acf_changed":false,"footnotes":"","_wp_rev_ctl_limit":""},"categories":[228],"tags":[],"class_list":["post-235483","post","type-post","status-publish","format-standard","hentry","category-noticias"],"acf":[],"_links":{"self":[{"href":"https:\/\/www.novaconcursos.com.br\/portal\/wp-json\/wp\/v2\/posts\/235483","targetHints":{"allow":["GET"]}}],"collection":[{"href":"https:\/\/www.novaconcursos.com.br\/portal\/wp-json\/wp\/v2\/posts"}],"about":[{"href":"https:\/\/www.novaconcursos.com.br\/portal\/wp-json\/wp\/v2\/types\/post"}],"author":[{"embeddable":true,"href":"https:\/\/www.novaconcursos.com.br\/portal\/wp-json\/wp\/v2\/users\/16"}],"replies":[{"embeddable":true,"href":"https:\/\/www.novaconcursos.com.br\/portal\/wp-json\/wp\/v2\/comments?post=235483"}],"version-history":[{"count":2,"href":"https:\/\/www.novaconcursos.com.br\/portal\/wp-json\/wp\/v2\/posts\/235483\/revisions"}],"predecessor-version":[{"id":279365,"href":"https:\/\/www.novaconcursos.com.br\/portal\/wp-json\/wp\/v2\/posts\/235483\/revisions\/279365"}],"wp:attachment":[{"href":"https:\/\/www.novaconcursos.com.br\/portal\/wp-json\/wp\/v2\/media?parent=235483"}],"wp:term":[{"taxonomy":"category","embeddable":true,"href":"https:\/\/www.novaconcursos.com.br\/portal\/wp-json\/wp\/v2\/categories?post=235483"},{"taxonomy":"post_tag","embeddable":true,"href":"https:\/\/www.novaconcursos.com.br\/portal\/wp-json\/wp\/v2\/tags?post=235483"}],"curies":[{"name":"wp","href":"https:\/\/api.w.org\/{rel}","templated":true}]}}