{"id":235513,"date":"2020-06-08T14:34:00","date_gmt":"2020-06-08T17:34:00","guid":{"rendered":"https:\/\/www.novaconcursos.com.br\/portal\/?p=235513"},"modified":"2024-08-07T17:23:02","modified_gmt":"2024-08-07T20:23:02","slug":"concurso-agepen-ms-deputados-aprovam-comprovar-idade-no-ato-da-inscricao","status":"publish","type":"post","link":"https:\/\/www.novaconcursos.com.br\/portal\/noticias\/concurso-agepen-ms-deputados-aprovam-comprovar-idade-no-ato-da-inscricao\/","title":{"rendered":"Concurso AGEPEN MS: Deputados aprovam comprovar idade no ato da inscri\u00e7\u00e3o!"},"content":{"rendered":"<p>Deputados do Mato Grosso do Sul,\u00a0<strong>s\u00e3o a favor da comprova\u00e7\u00e3o da idade para carreira de Seguran\u00e7a Penitenci\u00e1ria j\u00e1 na inscri\u00e7\u00e3o<\/strong>\u00a0do\u00a0concurso\u00a0<strong>AGEPEN MS<\/strong>\u00a0(Agente Penitenci\u00e1rio do Mato Grosso do Sul).<\/p>\n\n\n\n<h2 class=\"wp-block-heading\" id=\"comprovao-da-idade-no-concurso-agepen-ms\">Comprova\u00e7\u00e3o da idade no concurso AGEPEN MS<\/h2>\n\n\n\n<p>Os deputados estaduais do Mato Grosso do Sul votaram, por unanimidade e em segunda discuss\u00e3o,\u00a0<strong>a favor da comprova\u00e7\u00e3o da idade j\u00e1 na inscri\u00e7\u00e3o do concurso AGEPEN MS<\/strong>. A vota\u00e7\u00e3o ocorreu no dia 04 de junho, em plen\u00e1rio virtual da Assembleia Legislativa do Estado.<\/p>\n\n\n\n<p>Para pleitear uma vaga no cargo de Agente Penitenci\u00e1rio Estadual, \u00e9 preciso ter idade entre\u00a0<strong>21 e 40 anos<\/strong>. Al\u00e9m de\u00a0<strong>ensino superior completo<\/strong>, e altura m\u00ednima de\u00a0<strong>1,60m<\/strong>\u00a0para os sexos masculino e feminino.<\/p>\n\n\n\n<p>O\u00a0Projeto de Lei 47\/2020\u00a0, de autoria do Poder Executivo, prop\u00f5e que o interessado\u00a0<strong>comprove a idade j\u00e1 no ato da inscri\u00e7\u00e3o, para evitar que seja eliminado por esse crit\u00e9rio nas etapas finais da sele\u00e7\u00e3o<\/strong>.<\/p>\n\n\n\n<p><strong>At\u00e9 o \u00faltimo concurso AGEPEN MS, a comprova\u00e7\u00e3o da idade era feita apenas na data da posse<\/strong>. O Projeto de Lei altera a reda\u00e7\u00e3o da Lei 4.490, de 03 de abril de 2014, que disp\u00f5e sobre a reorganiza\u00e7\u00e3o da carreira Seguran\u00e7a Penitenci\u00e1ria.<\/p>\n\n\n\n<p>Antes de ir ao plen\u00e1rio pela segunda vez,\u00a0<strong>o PL teve parecer favor\u00e1vel pelas Comiss\u00f5es de Servi\u00e7os P\u00fablicos, Obras, Transporte, Infraestrutura e Administra\u00e7\u00e3o, e de Seguran\u00e7a P\u00fablica e de Defesa Social<\/strong>. A primeira vota\u00e7\u00e3o em plen\u00e1rio, foi no dia 05 de maio.<\/p>\n\n\n\n<p>De acordo com o governador Reinaldo Azambuja Silva,\u00a0<strong>o PL foi idealizado a partir da impossibilidade de se antever a data em que ser\u00e1 realizada a fase para verifica\u00e7\u00e3o do requisito da idade<\/strong>.<\/p>\n\n\n\n<p>Dessa maneira,\u00a0<strong>a ideia \u00e9 estabelecer a comprova\u00e7\u00e3o no momento da inscri\u00e7\u00e3o<\/strong>. Assim, o candidato n\u00e3o ser\u00e1 penalizado com a exclus\u00e3o por idade durante as fases do certame.<\/p>\n\n\n\n<p>A partir da publica\u00e7\u00e3o da lei,\u00a0<strong>a restri\u00e7\u00e3o \u00e0 idade deve ser estabelecida no edital do concurso AGEPEN MS<\/strong>. O governo do Mato Grosso do Sul, ainda n\u00e3o sinalizou um prazo para divulga\u00e7\u00e3o do pr\u00f3ximo edital.<\/p>\n\n\n\n<h2 class=\"wp-block-heading\" id=\"ltimo-concurso-agepen-ms\">\u00daltimo concurso AGEPEN MS<\/h2>\n\n\n\n<p>O\u00a0<strong>\u00faltimo\u00a0<\/strong>concurso AGEPEN MS teve seu\u00a0<strong>edital<\/strong>\u00a0publicado no ano de\u00a0<strong>2015<\/strong>. Na ocasi\u00e3o, foram ofertadas\u00a0<strong>438 vagas para cargos de n\u00edvel superior<\/strong>. As oportunidades foram para as\u00a0<strong>\u00e1reas de Seguran\u00e7a e Cust\u00f3dia<\/strong>\u00a0(307 vagas),\u00a0<strong>Administra\u00e7\u00e3o e Finan\u00e7as<\/strong>\u00a0(87 vagas) e\u00a0<strong>Assist\u00eancia e Per\u00edcia<\/strong>\u00a0(44 vagas).<\/p>\n\n\n\n<p>O sal\u00e1rio inicial foi de\u00a0<strong>R$ 2.940,00<\/strong>, os ganhos puderam chegar at\u00e9\u00a0<strong>R$ 6.997,20<\/strong>, pelas progress\u00f5es na carreira. A\u00a0<strong>banca organizadora<\/strong>\u00a0respons\u00e1vel pela execu\u00e7\u00e3o da sele\u00e7\u00e3o foi a\u00a0<strong>FAPEMS<\/strong>.<\/p>\n\n\n\n<p>Os candidatos foram avaliados por meio de\u00a0<strong>prova objetiva<\/strong>, de car\u00e1ter eliminat\u00f3rio e classificat\u00f3rio. A avalia\u00e7\u00e3o foi composta por\u00a0<strong>80 quest\u00f5es<\/strong>, sobre as disciplinas de L\u00edngua Portuguesa e Conhecimentos de Legisla\u00e7\u00e3o.<\/p>\n\n\n\n<p>Para as \u00e1reas de\u00a0<strong>Administra\u00e7\u00e3o e Finan\u00e7as e Assist\u00eancia e Per\u00edcia<\/strong>, ainda foram cobrados conte\u00fados de Conhecimentos Espec\u00edficos. Assim como Atualidades Brasileiras para a \u00e1rea de Seguran\u00e7a e Cust\u00f3dia.<\/p>\n\n\n\n<p><strong>Os habilitados passaram por outras seis etapas, sendo elas:<\/strong>\u00a0Avalia\u00e7\u00e3o Psicol\u00f3gica, Exame de Sa\u00fade, Antropom\u00e9trico e Cl\u00ednico, Teste de Aptid\u00e3o F\u00edsica (TAF), Prova de T\u00edtulos, Investiga\u00e7\u00e3o Social e Curso de Forma\u00e7\u00e3o.<\/p>\n\n\n\n<p>No\u00a0<strong>teste de aptid\u00e3o f\u00edsica (TAF)<\/strong>, os participantes \u00e0 \u00e1rea de Seguran\u00e7a e Cust\u00f3dia, foram submetidos aos seguintes exerc\u00edcios:<\/p>\n\n\n\n<ul class=\"wp-block-list\"><li>Flex\u00e3o em barra fixa (sexo masculino);<\/li>\n\n\n\n<li>Sustenta\u00e7\u00e3o na barra (feminino);<\/li>\n\n\n\n<li>Abdominal tipo remador (ambos os sexos);<\/li>\n\n\n\n<li>Corrida de 12 minutos (ambos), para a \u00e1rea de seguran\u00e7a e cust\u00f3dia.<\/li>\n<\/ul><p><strong>Os demais passaram, apenas, por um teste de corrida de 12 minutos<\/strong>. A etapa tinha car\u00e1ter eliminat\u00f3rio. No m\u00eas de setembro de 2019, o governador Reinaldo Azambuja Silva, autorizou a nomea\u00e7\u00e3o de mais de\u00a0<strong>300 candidatos aprovados<\/strong>\u00a0no certame.<\/p>","protected":false},"excerpt":{"rendered":"<p>Deputados do Mato Grosso do Sul,\u00a0s\u00e3o a favor da comprova\u00e7\u00e3o da idade para carreira de Seguran\u00e7a Penitenci\u00e1ria j\u00e1 na inscri\u00e7\u00e3o\u00a0do\u00a0concurso\u00a0AGEPEN MS\u00a0(Agente Penitenci\u00e1rio do Mato Grosso do Sul). Comprova\u00e7\u00e3o da idade no concurso AGEPEN MS Os deputados estaduais do Mato Grosso do Sul votaram, por unanimidade e em segunda discuss\u00e3o,\u00a0a favor da comprova\u00e7\u00e3o da idade j\u00e1 [&hellip;]<\/p>\n","protected":false},"author":16,"featured_media":0,"comment_status":"closed","ping_status":"closed","sticky":false,"template":"","format":"standard","meta":{"_acf_changed":false,"footnotes":"","_wp_rev_ctl_limit":""},"categories":[228],"tags":[],"class_list":["post-235513","post","type-post","status-publish","format-standard","hentry","category-noticias"],"acf":[],"_links":{"self":[{"href":"https:\/\/www.novaconcursos.com.br\/portal\/wp-json\/wp\/v2\/posts\/235513","targetHints":{"allow":["GET"]}}],"collection":[{"href":"https:\/\/www.novaconcursos.com.br\/portal\/wp-json\/wp\/v2\/posts"}],"about":[{"href":"https:\/\/www.novaconcursos.com.br\/portal\/wp-json\/wp\/v2\/types\/post"}],"author":[{"embeddable":true,"href":"https:\/\/www.novaconcursos.com.br\/portal\/wp-json\/wp\/v2\/users\/16"}],"replies":[{"embeddable":true,"href":"https:\/\/www.novaconcursos.com.br\/portal\/wp-json\/wp\/v2\/comments?post=235513"}],"version-history":[{"count":1,"href":"https:\/\/www.novaconcursos.com.br\/portal\/wp-json\/wp\/v2\/posts\/235513\/revisions"}],"predecessor-version":[{"id":235514,"href":"https:\/\/www.novaconcursos.com.br\/portal\/wp-json\/wp\/v2\/posts\/235513\/revisions\/235514"}],"wp:attachment":[{"href":"https:\/\/www.novaconcursos.com.br\/portal\/wp-json\/wp\/v2\/media?parent=235513"}],"wp:term":[{"taxonomy":"category","embeddable":true,"href":"https:\/\/www.novaconcursos.com.br\/portal\/wp-json\/wp\/v2\/categories?post=235513"},{"taxonomy":"post_tag","embeddable":true,"href":"https:\/\/www.novaconcursos.com.br\/portal\/wp-json\/wp\/v2\/tags?post=235513"}],"curies":[{"name":"wp","href":"https:\/\/api.w.org\/{rel}","templated":true}]}}