{"id":235862,"date":"2018-08-07T17:48:00","date_gmt":"2018-08-07T20:48:00","guid":{"rendered":"https:\/\/www.novaconcursos.com.br\/portal\/?p=235862"},"modified":"2025-12-29T12:10:42","modified_gmt":"2025-12-29T15:10:42","slug":"concurso-policia-federal-pf-saiu-edital-com-500-vagas","status":"publish","type":"post","link":"https:\/\/www.novaconcursos.com.br\/portal\/noticias\/concurso-policia-federal-pf-saiu-edital-com-500-vagas\/","title":{"rendered":"Concurso Pol\u00edcia Federal \u2013 PF 2018: Datas de provas s\u00e3o remarcadas!"},"content":{"rendered":"<p>Aten\u00e7\u00e3o concurseiros! A data das provas do novo <a href=\"https:\/\/www.novaconcursos.com.br\/portal\/concursos\/concurso-policia-federal\/\">concurso\u00a0Pol\u00edcia Federal <\/a><strong>\u2013 PF 2018<\/strong>\u00a0foram alteradas! Al\u00e9m disso, as\u00a0<strong>inscri\u00e7\u00f5es para alguns cargos tamb\u00e9m foram reabertas<\/strong>.<\/p>\n\n\n\n<p>Agora, as\u00a0<strong>provas objetivas<\/strong>, que caracterizam a primeira etapa de avalia\u00e7\u00f5es,\u00a0<strong>ser\u00e3o realizadas no dia 16 de setembro.<\/strong>\u00a0Tamb\u00e9m, os candidatos negros e com defici\u00eancia t\u00eam uma nova chance para realizarem a inscri\u00e7\u00e3o para o cargo de Perito:\u00a0at\u00e9 \u00e0s 18 horas do dia 13 de agosto.<\/p>\n\n\n\n<p>S\u00e3o\u00a0<strong>500 oportunidades<\/strong>\u00a0para cargos de n\u00edvel superior distribu\u00eddas entre os cargos de Agente, Delegado, Escriv\u00e3o, Papiloscopista e Perito.<\/p>\n\n\n\n<p><strong>Inscri\u00e7\u00f5es do concurso\u00a0Pol\u00edcia Federal<\/strong><\/p>\n\n\n\n<p>Para se inscrever acesse o site da organizadora do certame, a\u00a0Cebraspe, e efetue seu cadastro at\u00e9<strong>\u00a0\u00e0s 18h do dia 07 de\u00a0julho de 2018<\/strong>. As taxas s\u00e3o no valor de\u00a0<strong>R$ 180,00 para os cargos de Agente Policial, Escriv\u00e3o e Papiloscopista, e de R$ 250,00 para as vagas de Delegado e Perito Criminal<\/strong>.<\/p>\n\n\n\n<p><strong>Vagas e Sal\u00e1rios do concurso\u00a0PF<\/strong><\/p>\n\n\n\n<p>Todos os cargos contemplados neste certame s\u00e3o para candidatos com\u00a0<strong>n\u00edvel superior completo<\/strong>, confira\u00a0os detalhes:<\/p>\n\n\n\n<p>\u2013\u00a0<strong>Agente<\/strong>: 180 vagas; superior em qualquer \u00e1rea.<br>\u2013\u00a0<strong>Delegado<\/strong>: 150 vagas; superior em Direito.<br>\u2013\u00a0<strong>Escriv\u00e3o<\/strong>: 80 vagas; superior em qualquer \u00e1rea.<br>\u2013\u00a0<strong>Papiloscopista<\/strong>:\u00a030 vagas; superior em qualquer \u00e1rea.<br>\u2013\u00a0<strong>Perito<\/strong>: 60 vagas;\u00a0superior em v\u00e1rias modalidades, conforme a \u00e1rea. \u00c1rea 1: Ci\u00eancias Cont\u00e1beis\/Ci\u00eancias Econ\u00f4micas; \u00c1rea 2: Engenharia (El\u00e9trica, Eletr\u00f4nica, Telecomunica\u00e7\u00f5es ou Redes de Comunica\u00e7\u00e3o); \u00c1rea 3: An\u00e1lise de Sistemas, Ci\u00eancias da Computa\u00e7\u00e3o, Engenharia da Computa\u00e7\u00e3o, Engenharia de Redes de Comunica\u00e7\u00e3o, Inform\u00e1tica; \u00c1rea 4: Engenharia Agron\u00f4mica; \u00c1rea 5: Geologia; \u00c1rea 6: Engenharia Qu\u00edmica, Qu\u00edmica Industrial, Qu\u00edmica; \u00c1rea 7: Engenharia Civil; \u00c1rea 9: Engenharia Florestal; \u00c1rea 12: Medicina; \u00c1rea 14: Farm\u00e1cia.<\/p>\n\n\n\n<p>A remunera\u00e7\u00e3o inicial varia, conforme o cargo pretendido, podendo ser de\u00a0<strong>R$ 11.983,26<\/strong>\u00a0para as vagas de Agente, Escriv\u00e3o e Papiloscopista, e de\u00a0<strong>R$ 22.672,48<\/strong>\u00a0para os cargos de Delegado e Perito.<\/p>\n\n\n\n<p>No topo da carreira os cargos de Perito e Delegado podem obter vencimentos no valor de at\u00e9\u00a0<strong>R$ 31 mil<\/strong>.<\/p>\n\n\n\n<p><strong>Provas do\u00a0concurso PF<\/strong><\/p>\n\n\n\n<p>Todos os candidatos passar\u00e3o por\u00a0<strong>provas objetivas, discursivas, exame de aptid\u00e3o f\u00edsica, avalia\u00e7\u00e3o m\u00e9dica e avalia\u00e7\u00e3o psicol\u00f3gica<\/strong>. Para o cargo de\u00a0<strong>Delegado<\/strong>, haver\u00e1 uma\u00a0<strong>prova oral<\/strong>, e para a vaga de\u00a0<strong>Escriv\u00e3o<\/strong>, uma prova\u00a0<strong>pr\u00e1tica de digita\u00e7\u00e3o<\/strong>. Os cargos de\u00a0<strong>Delegado e Perito<\/strong>\u00a0tamb\u00e9m passar\u00e3o por um\u00a0<strong>exame de t\u00edtulos<\/strong>.<\/p>\n\n\n\n<p>As<strong>\u00a0provas objetivas e discursivas<\/strong>\u00a0ser\u00e3o realizadas no dia\u00a0<strong>19 de agosto de 2018<\/strong>, no turno da tarde. Para o cargo de Delegado, a prova objetiva ser\u00e1 realizada na parte da manh\u00e3 e a discursiva na parte da tarde. O m\u00e9todo de resposta ser\u00e1 por Certo ou Errado, na qual o candidato tem que marcar C se achar que a quest\u00e3o \u00e9 correta, e E se o enunciado estiver errado.\u00a0Veja o conte\u00fado program\u00e1tico na p\u00e1gina do\u00a0concurso Pol\u00edcia Federal 2018.<\/p>\n\n\n\n<p>O\u00a0<strong>m\u00ednimo de acertos<\/strong>\u00a0que cada candidato precisa alcan\u00e7ar para ser classificado no certame \u00e9 de:<\/p>\n\n\n\n<p>\u2013\u00a0<strong>Delegado<\/strong>: pelo menos\u00a048\u00a0pontos na prova objetiva;<br>\u2013\u00a0<strong>Perito Criminal<\/strong>: pelo menos 10 pontos na prova objetiva de Conhecimentos B\u00e1sicos,\u00a021 pontos na prova de Conhecimentos Espec\u00edficos e 48 pontos no conjunto da prova;<br>\u2013\u00a0<strong>Agente, Escriv\u00e3o e Papiloscopista<\/strong>: pelo menos 6 pontos na prova objetiva do Bloco 1, 3 pontos no Bloco 2 e 2 pontos no Bloco 3 e pelo menos 48 pontos no conjunto da prova objetiva.<\/p>\n\n\n\n<p>A\u00a0<strong>prova oral<\/strong>\u00a0para o cargo de Delegado ir\u00e1 acontecer no dia\u00a0<strong>11\u00a0de novembro<\/strong>, em Bras\u00edlia (DF). Ser\u00e1 alvo de avalia\u00e7\u00e3o o dom\u00ednio do conhecimento jur\u00eddico, a articula\u00e7\u00e3o do racioc\u00ednio, a capacidade de argumenta\u00e7\u00e3o e o uso correto do vern\u00e1culo.<\/p>\n\n\n\n<p>Para o cargo de\u00a0<strong>Escriv\u00e3o<\/strong>, a\u00a0<strong>prova pr\u00e1tica<\/strong>\u00a0tamb\u00e9m ser\u00e1 no dia 11 de novembro, e consistir\u00e1 de digita\u00e7\u00e3o de um texto predefinido de aproximadamente dois mil caracteres, em computador compat\u00edvel com\u00a0IBM\/PC.<\/p>\n\n\n\n<p>O\u00a0<strong>Exame de Teste F\u00edsico\u00a0<\/strong>constar\u00e1 dos exerc\u00edcios de Barra Fixa, Impuls\u00e3o Horizontal, Nata\u00e7\u00e3o (50 metros) e Corrida em 12 minutos<\/p>\n\n\n\n<p>Confira o modelo de avalia\u00e7\u00e3o para cada cargo relativos \u00e0 primeira etapa:<\/p>\n\n\n\n<p><strong>\u2013\u00a0Delegado:<\/strong><\/p>\n\n\n<div class=\"wp-block-image\">\n<figure class=\"aligncenter\"><img decoding=\"async\" src=\"https:\/\/web.archive.org\/web\/20201020114456im_\/https:\/\/www.novaconcursos.com.br\/portal\/wp-content\/themes\/nova-concursos-v2\/assets\/img\/tail-spin.svg\" alt=\"edital-pf-prova-delegado (1)\" class=\"wp-image-70064\" loading=\"lazy\" title=\"\"><\/figure><\/div>\n\n\n<p>\u2013\u00a0<strong>Perito<\/strong>:<\/p>\n\n\n<div class=\"wp-block-image\">\n<figure class=\"aligncenter\"><img decoding=\"async\" src=\"https:\/\/web.archive.org\/web\/20201020114456im_\/https:\/\/www.novaconcursos.com.br\/portal\/wp-content\/themes\/nova-concursos-v2\/assets\/img\/tail-spin.svg\" alt=\"edital-pf-prova-perito\" class=\"wp-image-70065\" loading=\"lazy\" title=\"\"><\/figure><\/div>\n\n\n<p>\u2013\u00a0<strong>Agente Policial e Papiloscopista<\/strong>:<\/p>\n\n\n<div class=\"wp-block-image\">\n<figure class=\"aligncenter\"><img decoding=\"async\" src=\"https:\/\/web.archive.org\/web\/20201020114456im_\/https:\/\/www.novaconcursos.com.br\/portal\/wp-content\/themes\/nova-concursos-v2\/assets\/img\/tail-spin.svg\" alt=\"edital-pf-prova-agente-papiloscopista\" class=\"wp-image-70066\" loading=\"lazy\" title=\"\"><\/figure><\/div>\n\n\n<p>\u2013\u00a0<strong>Escriv\u00e3o<\/strong>:<\/p>\n\n\n<div class=\"wp-block-image\">\n<figure class=\"aligncenter\"><img decoding=\"async\" src=\"https:\/\/web.archive.org\/web\/20201020114456im_\/https:\/\/www.novaconcursos.com.br\/portal\/wp-content\/themes\/nova-concursos-v2\/assets\/img\/tail-spin.svg\" alt=\"edital-pf-prova-escriv\u00e3o\" class=\"wp-image-70068\" loading=\"lazy\" title=\"\"><\/figure><\/div>\n\n\n<p>A segunda etapa de avalia\u00e7\u00e3o corresponde ao\u00a0<strong>Curso de Forma\u00e7\u00e3o P\u00a0rofissional<\/strong>.<\/p>\n\n\n\n<p>Os candidatos aprovados at\u00e9 o momento dever\u00e3o enviar alguns\u00a0<strong>documentos para a inscri\u00e7\u00e3o no curso<\/strong>, pelo site da\u00a0organizadora do certame\u00a0.<\/p>\n\n\n\n<p><strong>Os documentos s\u00e3o:<\/strong><\/p>\n\n\n\n<p>\u2013 T\u00edtulo de eleitor e comprovante da \u00faltima\u00a0elei\u00e7\u00e3o;<br>\u2013 Comprovante de quita\u00e7\u00e3o de obriga\u00e7\u00f5es militares (masculino);<br>\u2013 Carteira de identidade<br>\u2013 Carteira de motorista\u00a0categoria B\u00a0(no m\u00ednimo);<br>\u2013 Comprovante de escolaridade<br>\u2013 Diploma de n\u00edvel superior, ou declara\u00e7\u00e3o de conclus\u00e3o, ou declara\u00e7\u00e3o que o curso vai ser conclu\u00eddo at\u00e9 outubro de 2019, data prov\u00e1vel de nomea\u00e7\u00e3o dos aprovados.<\/p>\n\n\n\n<p>Quem for concorrer ao cargo de\u00a0<strong>Delegado<\/strong>, deve ainda enviar\u00a0documentos comprobat\u00f3rios que demonstrem que ter\u00e3o\u00a0<strong>3 (tr\u00eas) anos de atividade jur\u00eddica ou policial<\/strong>\u00a0at\u00e9 outubro de 2019.<\/p>\n\n\n\n<p>O curso ser\u00e1 realizado na\u00a0<strong>Academia Nacional de Pol\u00edcia<\/strong>, em Bras\u00edlia, no Distrito Federal. Os aprovados ter\u00e3o direito a\u00a0<strong>50% do subs\u00eddio inicial da categori<\/strong>a.<\/p>\n\n\n\n<p>Ap\u00f3s o Curso de Forma\u00e7\u00e3o, os aprovados poder\u00e3o escolher, de acordo com a classifica\u00e7\u00e3o, as lota\u00e7\u00f5es nos estados do Acre, Amap\u00e1, Amazonas, Mato Grosso, Mato Grosso do Sul, Par\u00e1, Rond\u00f4nia, Roraima, Tocantins e unidades de fronteira.<\/p>\n\n\n\n<p>A\u00a0<strong>Nova\u00a0Concursos<\/strong>\u00a0tem ajudado h\u00e1 mais de 10 anos quem quer vencer a batalha do concurso p\u00fablico. Se voc\u00ea quer aumentar as suas chances de passar, conhe\u00e7a os nossos materiais, acessando o nosso site!<\/p>","protected":false},"excerpt":{"rendered":"<p>Aten\u00e7\u00e3o concurseiros! A data das provas do novo concurso\u00a0Pol\u00edcia Federal \u2013 PF 2018\u00a0foram alteradas! Al\u00e9m disso, as\u00a0inscri\u00e7\u00f5es para alguns cargos tamb\u00e9m foram reabertas. Agora, as\u00a0provas objetivas, que caracterizam a primeira etapa de avalia\u00e7\u00f5es,\u00a0ser\u00e3o realizadas no dia 16 de setembro.\u00a0Tamb\u00e9m, os candidatos negros e com defici\u00eancia t\u00eam uma nova chance para realizarem a inscri\u00e7\u00e3o para o [&hellip;]<\/p>\n","protected":false},"author":16,"featured_media":0,"comment_status":"closed","ping_status":"closed","sticky":false,"template":"","format":"standard","meta":{"_acf_changed":false,"footnotes":"","_wp_rev_ctl_limit":""},"categories":[228],"tags":[],"class_list":["post-235862","post","type-post","status-publish","format-standard","hentry","category-noticias"],"acf":[],"_links":{"self":[{"href":"https:\/\/www.novaconcursos.com.br\/portal\/wp-json\/wp\/v2\/posts\/235862","targetHints":{"allow":["GET"]}}],"collection":[{"href":"https:\/\/www.novaconcursos.com.br\/portal\/wp-json\/wp\/v2\/posts"}],"about":[{"href":"https:\/\/www.novaconcursos.com.br\/portal\/wp-json\/wp\/v2\/types\/post"}],"author":[{"embeddable":true,"href":"https:\/\/www.novaconcursos.com.br\/portal\/wp-json\/wp\/v2\/users\/16"}],"replies":[{"embeddable":true,"href":"https:\/\/www.novaconcursos.com.br\/portal\/wp-json\/wp\/v2\/comments?post=235862"}],"version-history":[{"count":3,"href":"https:\/\/www.novaconcursos.com.br\/portal\/wp-json\/wp\/v2\/posts\/235862\/revisions"}],"predecessor-version":[{"id":301579,"href":"https:\/\/www.novaconcursos.com.br\/portal\/wp-json\/wp\/v2\/posts\/235862\/revisions\/301579"}],"wp:attachment":[{"href":"https:\/\/www.novaconcursos.com.br\/portal\/wp-json\/wp\/v2\/media?parent=235862"}],"wp:term":[{"taxonomy":"category","embeddable":true,"href":"https:\/\/www.novaconcursos.com.br\/portal\/wp-json\/wp\/v2\/categories?post=235862"},{"taxonomy":"post_tag","embeddable":true,"href":"https:\/\/www.novaconcursos.com.br\/portal\/wp-json\/wp\/v2\/tags?post=235862"}],"curies":[{"name":"wp","href":"https:\/\/api.w.org\/{rel}","templated":true}]}}