{"id":235971,"date":"2019-11-25T10:30:00","date_gmt":"2019-11-25T13:30:00","guid":{"rendered":"https:\/\/www.novaconcursos.com.br\/portal\/?p=235971"},"modified":"2024-08-08T10:11:48","modified_gmt":"2024-08-08T13:11:48","slug":"concurso-brb-resultado-final-e-divulgado","status":"publish","type":"post","link":"https:\/\/www.novaconcursos.com.br\/portal\/noticias\/concurso-brb-resultado-final-e-divulgado\/","title":{"rendered":"Concurso BRB: Resultado final \u00e9 divulgado!"},"content":{"rendered":"<p>Foi publicado o\u00a0<strong>resultado final<\/strong>\u00a0do\u00a0concurso\u00a0<strong>BRB<\/strong>\u00a0(Banco Regional de Bras\u00edlia\u00a0) para o cargo de\u00a0<strong>Escritur\u00e1rio<\/strong>. Foram ofertadas\u00a0<strong>100 vagas<\/strong>\u00a0destinadas para candidatos de n\u00edvel m\u00e9dio!<\/p>\n\n\n\n<h2 class=\"wp-block-heading\" id=\"resultado-final-do-concurso-brb\">Resultado final do concurso BRB<\/h2>\n\n\n\n<p>Est\u00e1 divulgado o\u00a0resultado final\u00a0do\u00a0<strong>concurso BRB<\/strong>, que ofertou\u00a0<strong>100 vagas<\/strong>\u00a0para o cargo de\u00a0<strong>Escritur\u00e1rio<\/strong>. Para concorrer a uma das vagas ofertadas, foi necess\u00e1rio o candidato possuir o ensino m\u00e9dio completo.<\/p>\n\n\n\n<p>O<strong>\u00a0sal\u00e1rio<\/strong>\u00a0atual para a carreira tem o valor de\u00a0<strong>R$ 3.204,26<\/strong>, com jornadas de\u00a0<strong>30<\/strong>\u00a0horas semanais, sendo\u00a0<strong>6<\/strong>\u00a0horas di\u00e1rias de trabalho.<\/p>\n\n\n\n<p>Al\u00e9m da remunera\u00e7\u00e3o, os candidatos empossados contam com\u00a0<strong>diversos benef\u00edcios<\/strong>\u00a0que est\u00e3o previstos em Acordo Coletivo de Trabalho e Regulamento de Pessoal, sendo:<\/p>\n\n\n\n<ul class=\"wp-block-list\"><li>Aux\u00edlio-Alimenta\u00e7\u00e3o\/Refei\u00e7\u00e3o: R$ 1.491,16;<\/li>\n\n\n\n<li>Aux\u00edlio-Creche: R$ 383,95;<\/li>\n\n\n\n<li>Aux\u00edlio-Natalidade: R$ 1.217,80;<\/li>\n\n\n\n<li>Aux\u00edlio-Funeral: R$ 8.146,94;<\/li>\n\n\n\n<li>Vale-Cultura: R$ 50,00;<\/li>\n\n\n\n<li>Bolsa de Estudo: 75% da mensalidade;<\/li>\n\n\n\n<li>Aux\u00edlio-Instru\u00e7\u00e3o: R$ 966,74;<\/li>\n\n\n\n<li>Cr\u00e9dito Educa\u00e7\u00e3o: R$ 484,13;<\/li>\n\n\n\n<li>Mestrado\/Doutorado: R$ 1.288,98;<\/li>\n\n\n\n<li>Aux\u00edlio Idioma: R$ 387,30.<\/li>\n<\/ul><h3 class=\"wp-block-heading\">Lota\u00e7\u00e3o dos candidatos<\/h3>\n\n\n\n<p>Os candidatos aprovados poder\u00e3o ser\u00a0<strong>lotados em qualquer ag\u00eancia<\/strong>, inclusive aquelas localizadas no Distrito Federal e no RIDE (Regi\u00e3o Integrada do Distrito Federal e Entorno).<\/p>\n\n\n\n<p>Atualmente, as ag\u00eancias est\u00e3o localizadas nas seguintes regi\u00f5es:<\/p>\n\n\n\n<h4 class=\"wp-block-heading\">Regi\u00f5es do DF<\/h4>\n\n\n\n<p>\u00c1guas Claras, Asa Norte, Asa Sul, Brasil\u00e2ndia, Candangol\u00e2ndia, Ceil\u00e2ndia, Cruzeiro, Estrutural, Gama, Guar\u00e1, Jardim Bot\u00e2nico, Lago Norte, Lago Sul, N\u00facleo Bandeirante, Parano\u00e1, Planaltina, Recanto das Emas, Riacho Fundo, SAAN, Samambaia, Santa Maria, S\u00e3o Sebasti\u00e3o, SIA, SEG, Sobradinho, Sudoeste, Taguatinga, Vicente Pires.<\/p>\n\n\n\n<h4 class=\"wp-block-heading\">Fora do DF<\/h4>\n\n\n\n<p>Goi\u00e1s: \u00c1guas Lindas, Alex\u00e2nia, An\u00e1polis, Formosa, Goi\u00e2nia, Luzi\u00e2nia, Novo Gama, Planaltina de Goi\u00e1s, Santo Ant\u00f4nio do Descoberto, Valpara\u00edso de Goi\u00e1s;<\/p>\n\n\n\n<p>Mato Grosso: Cuiab\u00e1;<\/p>\n\n\n\n<p>Mato Grosso do Sul: Campo Grande;<\/p>\n\n\n\n<p>Minas Gerais: Una\u00ed;<\/p>\n\n\n\n<p>Rio de Janeiro: Rio de Janeiro;<\/p>\n\n\n\n<p>S\u00e3o Paulo: S\u00e3o Paulo.<\/p>\n\n\n\n<p>Al\u00e9m do edital para o cargo de Escritur\u00e1rio, o Banco Regional de Bras\u00edlia tamb\u00e9m divulgou mais\u00a0<strong>dois editais que est\u00e3o em andamento e em processo final de divulga\u00e7\u00e3o dos resultados<\/strong>.<\/p>\n\n\n\n<p>Um com oferta\u00a0<strong>12 vagas<\/strong>\u00a0para os cargos de Analista de TI, Engenheiro de Seguran\u00e7a do Trabalho e M\u00e9dico do Trabalho, todos com exig\u00eancia de n\u00edvel superior.<\/p>\n\n\n\n<p>O outro oferta\u00a0<strong>uma vaga imediata para o cargo de Advogado<\/strong>, que requer a gradua\u00e7\u00e3o completa em Direito e registro na OAB. Al\u00e9m das vagas imediatas, todos os cargos ter\u00e3o forma\u00e7\u00e3o de cadastro reserva.<\/p>\n\n\n\n<h2 class=\"wp-block-heading\" id=\"requisitos-necessrios-para-investidura-no-cargo-do-concurso-\">Requisitos necess\u00e1rios para investidura no cargo do concurso BRB<\/h2>\n\n\n\n<p>Para o candidato aprovado no concurso BRB destinado ao cargo de Escriv\u00e3o,\u00a0<strong>s\u00e3o necess\u00e1rios alguns requisitos para tomar posse<\/strong>, sendo eles:<\/p>\n\n\n\n<ul class=\"wp-block-list\"><li>Ser brasileiro nato ou naturalizado ou cidad\u00e3o portugu\u00eas que tenha adquirido a igualdade de direitos e obriga\u00e7\u00f5es civis e o gozo dos direitos pol\u00edticos (Decreto Federal no 70.436, de 18 de abril de 1972, e Constitui\u00e7\u00e3o Federal);<\/li>\n\n\n\n<li>Apresentar certid\u00e3o de quita\u00e7\u00e3o eleitoral;<\/li>\n\n\n\n<li>Apresentar carteira de identidade civil e comprovante de Cadastro de Pessoa F\u00edsica (CPF);<\/li>\n\n\n\n<li>Apresentar certificado de reservista ou de dispensa de incorpora\u00e7\u00e3o, se do sexo masculino;<\/li>\n\n\n\n<li>Apresentar a comprova\u00e7\u00e3o do n\u00edvel de escolaridade exigido para o exerc\u00edcio do cargo;<\/li>\n\n\n\n<li>Ter idade m\u00ednima de 16 (dezesseis) anos completos na data de contrata\u00e7\u00e3o, conforme Decis\u00e3o no 7.949\/2009 do Tribunal de Contas do Distrito Federal;<\/li>\n\n\n\n<li>N\u00e3o estar em exerc\u00edcio remunerado de qualquer cargo, fun\u00e7\u00e3o ou emprego p\u00fablico em quaisquer dos \u00f3rg\u00e3os da Administra\u00e7\u00e3o P\u00fablica direta ou das seguintes entidades: empresa p\u00fablica, sociedade de economia mista, suas controladas ou coligadas; autarquia vinculada \u00e0 Uni\u00e3o, Estados, Munic\u00edpios e Distrito Federal, inclusive Funda\u00e7\u00e3o Civil mantida ou subvencionada pelo Poder P\u00fablico;<\/li>\n\n\n\n<li>N\u00e3o estar em licen\u00e7a, ainda que n\u00e3o remunerada, de cargo ou emprego p\u00fablico que exer\u00e7a na administra\u00e7\u00e3o direta ou indireta da Uni\u00e3o, Estados, Distrito Federal e Munic\u00edpios;<\/li>\n\n\n\n<li>N\u00e3o ser servidor p\u00fablico que tenha solicitado vac\u00e2ncia do cargo p\u00fablico que ocupa por outros motivos que n\u00e3o seja exonera\u00e7\u00e3o ou demiss\u00e3o;<\/li>\n\n\n\n<li>N\u00e3o ser aposentado pelo INSS por invalidez;<\/li>\n\n\n\n<li>N\u00e3o ser s\u00f3cio, s\u00f3cio\/gerente, s\u00f3cio\/cotista ou participante de conselho e\/ou administra\u00e7\u00e3o de organiza\u00e7\u00e3o banc\u00e1ria ou qualquer outra empresa concorrente do BRB;<\/li>\n\n\n\n<li>N\u00e3o manter rela\u00e7\u00e3o de emprego com incompatibilidade de hor\u00e1rio com a jornada de trabalho no BRB;<\/li>\n\n\n\n<li>N\u00e3o manter rela\u00e7\u00e3o de emprego, ainda que de natureza t\u00e9cnica ou especializada, em organiza\u00e7\u00e3o banc\u00e1ria, em empresa concorrente do BRB ou em empresa prestadora de servi\u00e7o para organiza\u00e7\u00e3o concorrente do BRB;<\/li>\n\n\n\n<li>N\u00e3o haver mantido rela\u00e7\u00e3o empregat\u00edcia com o BRB encerrada por um dos motivos capitulados no art. 482 da CLT, ou por qualquer outro motivo, se, \u00e0 \u00e9poca a rescis\u00e3o, era arrolado em processo administrativo disciplinar e este tenha sido finalizado com decis\u00e3o pela rescis\u00e3o por justa causa;<\/li>\n\n\n\n<li>N\u00e3o possuir senten\u00e7a criminal condenat\u00f3ria transitada em julgado que impe\u00e7a o exerc\u00edcio das atividades inerentes ao cargo;<\/li>\n\n\n\n<li>Apresentar as seguintes certid\u00f5es negativas, ou positivas com efeito de negativa, das cidades da jurisdi\u00e7\u00e3o onde reside e onde residiu nos \u00faltimos 5 (cinco) anos:<\/li>\n<\/ul><p>a) de antecedentes criminais da Justi\u00e7a Federal, da Justi\u00e7a Estadual e (ou) do Distrito Federal, da Justi\u00e7a Militar Federal, da Justi\u00e7a Militar Estadual e (ou) do Distrito Federal e da Justi\u00e7a Eleitoral;<\/p>\n\n\n\n<p>b) dos cart\u00f3rios de execu\u00e7\u00e3o c\u00edvel;<\/p>\n\n\n\n<p>c) dos cart\u00f3rios de protestos de t\u00edtulos;<\/p>\n\n\n\n<ul class=\"wp-block-list\"><li>Apresentar a documenta\u00e7\u00e3o exigida no presente edital no ato da contrata\u00e7\u00e3o. Cumprir as determina\u00e7\u00f5es deste edital, ter sido aprovado neste concurso p\u00fablico e considerado apto nos exames m\u00e9dicos admissionais;<\/li>\n\n\n\n<li>No ato da inscri\u00e7\u00e3o, n\u00e3o ser\u00e3o solicitados comprovantes das exig\u00eancias contidas no presente edital. No entanto, o candidato que n\u00e3o as satisfa\u00e7a no ato da admiss\u00e3o, mesmo tendo sido aprovado, ser\u00e1 automaticamente eliminado do concurso p\u00fablico.<\/li>\n<\/ul>","protected":false},"excerpt":{"rendered":"<p>Foi publicado o\u00a0resultado final\u00a0do\u00a0concurso\u00a0BRB\u00a0(Banco Regional de Bras\u00edlia\u00a0) para o cargo de\u00a0Escritur\u00e1rio. Foram ofertadas\u00a0100 vagas\u00a0destinadas para candidatos de n\u00edvel m\u00e9dio! Resultado final do concurso BRB Est\u00e1 divulgado o\u00a0resultado final\u00a0do\u00a0concurso BRB, que ofertou\u00a0100 vagas\u00a0para o cargo de\u00a0Escritur\u00e1rio. Para concorrer a uma das vagas ofertadas, foi necess\u00e1rio o candidato possuir o ensino m\u00e9dio completo. O\u00a0sal\u00e1rio\u00a0atual para a carreira [&hellip;]<\/p>\n","protected":false},"author":16,"featured_media":0,"comment_status":"closed","ping_status":"closed","sticky":false,"template":"","format":"standard","meta":{"_acf_changed":false,"footnotes":"","_wp_rev_ctl_limit":""},"categories":[228],"tags":[],"class_list":["post-235971","post","type-post","status-publish","format-standard","hentry","category-noticias"],"acf":[],"_links":{"self":[{"href":"https:\/\/www.novaconcursos.com.br\/portal\/wp-json\/wp\/v2\/posts\/235971","targetHints":{"allow":["GET"]}}],"collection":[{"href":"https:\/\/www.novaconcursos.com.br\/portal\/wp-json\/wp\/v2\/posts"}],"about":[{"href":"https:\/\/www.novaconcursos.com.br\/portal\/wp-json\/wp\/v2\/types\/post"}],"author":[{"embeddable":true,"href":"https:\/\/www.novaconcursos.com.br\/portal\/wp-json\/wp\/v2\/users\/16"}],"replies":[{"embeddable":true,"href":"https:\/\/www.novaconcursos.com.br\/portal\/wp-json\/wp\/v2\/comments?post=235971"}],"version-history":[{"count":1,"href":"https:\/\/www.novaconcursos.com.br\/portal\/wp-json\/wp\/v2\/posts\/235971\/revisions"}],"predecessor-version":[{"id":235973,"href":"https:\/\/www.novaconcursos.com.br\/portal\/wp-json\/wp\/v2\/posts\/235971\/revisions\/235973"}],"wp:attachment":[{"href":"https:\/\/www.novaconcursos.com.br\/portal\/wp-json\/wp\/v2\/media?parent=235971"}],"wp:term":[{"taxonomy":"category","embeddable":true,"href":"https:\/\/www.novaconcursos.com.br\/portal\/wp-json\/wp\/v2\/categories?post=235971"},{"taxonomy":"post_tag","embeddable":true,"href":"https:\/\/www.novaconcursos.com.br\/portal\/wp-json\/wp\/v2\/tags?post=235971"}],"curies":[{"name":"wp","href":"https:\/\/api.w.org\/{rel}","templated":true}]}}