{"id":236728,"date":"2024-06-05T12:28:55","date_gmt":"2024-06-05T15:28:55","guid":{"rendered":"https:\/\/www.novaconcursos.com.br\/portal\/?p=236728"},"modified":"2024-06-05T12:52:44","modified_gmt":"2024-06-05T15:52:44","slug":"concurso-anatel-provas-adiadas","status":"publish","type":"post","link":"https:\/\/www.novaconcursos.com.br\/portal\/noticias\/concurso-anatel-provas-adiadas\/","title":{"rendered":"Anatel tem provas do certame adiadas para setembro!"},"content":{"rendered":"<p>O <strong><a href=\"https:\/\/www.novaconcursos.com.br\/portal\/concursos\/concurso-anatel\/\">concurso Anatel<\/a> tem provas do certame adiadas para setembro<\/strong> deste ano, conforme novo cronograma divulgado nesta quarta-feira, 5 de junho. <\/p>\n\n\n\n<p>O certame Anatel oferta vagas para o cargo de Especialista em Regula\u00e7\u00e3o de Servi\u00e7os P\u00fablicos de Telecomunica\u00e7\u00f5es, em diversas especialidades.<\/p>\n\n\n\n<p>Se interessa pelo certame? Fique e confira os detalhes sobre as<em> provas do certame Anatel adiadas para setembro!<\/em><\/p>\n\n\n\n<h2 class=\"wp-block-heading\" id=\"quando-as-provas-do-concurso-anatel-sero-realizadas\">Quando as provas do concurso Anatel ser\u00e3o realizadas?<\/h2>\n\n\n\n<p>Foi publicada nesta quarta-feira a nova data para a realiza\u00e7\u00e3o das provas do concurso Anatel! <\/p>\n\n\n\n<p>As provas do concurso Anatel haviam sido <a href=\"https:\/\/www.novaconcursos.com.br\/portal\/noticias\/anatel-tem-provas-adiadas-em-todo-pais-nova-data-em-breve\/\">adiadas<\/a> devido \u00e0s fortes chuvas que afetam o estado do Rio Grande do Sul.<\/p>\n\n\n\n<p>O novo cronograma do certame foi publicado pela banca organizadora, <a href=\"https:\/\/www.cebraspe.org.br\/concursos\/ANATEL_24\" target=\"_blank\" rel=\"noreferrer noopener\">Cebraspe<\/a> e no Di\u00e1rio Oficial da Uni\u00e3o, e nele consta que as avalia\u00e7\u00f5es dever\u00e3o ser realizadas no dia <strong>15 de setembro de 2024<\/strong> em todo o pa\u00eds.<\/p>\n\n\n\n<p><a href=\"https:\/\/cdn.cebraspe.org.br\/concursos\/ANATEL_24\/arquivos\/ED_5_2023_ANATEL_RETIFICAO_DATAS.PDF\" target=\"_blank\" rel=\"noreferrer noopener\">Clique aqui<\/a> e confira o novo cronograma do concurso Anatel.<\/p>\n\n\n\n<p>Vale relembrar que, inicialmente, as provas est\u00e3o marcadas para serem realizadas no dia 26 de maio.<\/p>\n\n\n\n<ul class=\"wp-block-list\"><li><strong>Confira: <\/strong><a href=\"https:\/\/www.novaconcursos.com.br\/mapa-de-questoes\/mapa-de-questoes-anatel-comum-a-todos-os-cargos-5-mil-questoes\">Mapa de Quest\u00f5es Online \u2013 Anatel \u2013 Comum a todos os Cargos \u2013 5 Mil Quest\u00f5es<\/a><\/li>\n<\/ul><p>Estude para o concurso dos seus sonhos com o\u00a0M\u00e9todo\u00a0que j\u00e1 ajudou na\u00a0aprova\u00e7\u00e3o de mais de 70 mil alunos!\u00a0<a href=\"https:\/\/aprovacao.novaconcursos.com.br\/assinatura?promo_creative=Clique+aqui&amp;promo_name=concurso&amp;promo_id=%2Fportal%2Fconcursos%2Fconcurso-mte&amp;promo_position=corpo-texto\" target=\"_blank\" rel=\"noreferrer noopener\">Clique aqui<\/a>\u00a0e saiba mais!<\/p>\n\n\n\n<h2 class=\"wp-block-heading\" id=\"quais-sero-as-etapas-de-seleo\">Quais ser\u00e3o as etapas de sele\u00e7\u00e3o?<\/h2>\n\n\n\n<p>Os candidatos ser\u00e3o avaliados por meio das etapas de provas objetivas e prova discursiva, de car\u00e1ter eliminat\u00f3rio e classificat\u00f3rio; Avalia\u00e7\u00e3o de t\u00edtulos, de car\u00e1ter classificat\u00f3rio; e Curso de forma\u00e7\u00e3o, de car\u00e1ter eliminat\u00f3rio e classificat\u00f3rio.<\/p>\n\n\n\n<p>A prova objetiva do concurso Anatel ser\u00e1 composta por 120 quest\u00f5es que versar\u00e3o sobre as disciplinas de Conhecimentos B\u00e1sicos (L\u00edngua Portuguesa, L\u00edngua Inglesa, Regula\u00e7\u00e3o e Ag\u00eancias Reguladoras, No\u00e7\u00f5es de Direito Administrativo, No\u00e7\u00f5es de Direito Constitucional) e Conhecimentos Espec\u00edficos.<\/p>\n\n\n\n<p>J\u00e1 a prova discursiva ser\u00e1 composta por duas quest\u00f5es, onde a primeira\u00a0abordar\u00e1 os conhecimentos espec\u00edficos do cargo\/especialidade e a\u00a0segunda\u00a0tratar\u00e1 sobre o tema de telecomunica\u00e7\u00f5es, conectividade e comunica\u00e7\u00f5es digitais.\u00a0<\/p>\n\n\n\n\n\n<h2 class=\"wp-block-heading\" id=\"quais-so-os-cargos-ofertados-no-concurso-anatel\">Quais s\u00e3o os cargos ofertados no concurso Anatel?<\/h2>\n\n\n\n<p>Ao todo, a <a href=\"https:\/\/www.gov.br\/anatel\/pt-br\" target=\"_blank\" rel=\"noreferrer noopener\">Ag\u00eancia Nacional de Telecomunica\u00e7\u00f5es<\/a> (Anatel) oferta\u00a050 vagas imediatas para o cargo de\u00a0Especialista em Regula\u00e7\u00e3o de Servi\u00e7os P\u00fablicos de Telecomunica\u00e7\u00f5es, de n\u00edvel superior de escolaridade, mas especialidades de Ci\u00eancias Cont\u00e1beis (03), Ci\u00eancias de Dados (15), Direito (08), Economia (04), Engenharia (10) e Geral (10).<\/p>\n\n\n\n<p>Os cargos contam com uma jornada de trabalho de 40h semanais para um sal\u00e1rio inicial de\u00a0R$ 16.413,35.<\/p>\n\n\n\n<p>Al\u00e9m disso, o candidato aprovado no concurso Anatel contar\u00e1 com\u00a0aux\u00edlio-alimenta\u00e7\u00e3o\u00a0no valor de\u00a0R$ 658,00.<\/p>\n\n\n\n<p><strong>Fiquem ligados na nossa p\u00e1gina para as pr\u00f3ximas not\u00edcias!<\/strong><\/p>","protected":false},"excerpt":{"rendered":"<p>O concurso Anatel tem provas do certame adiadas para setembro deste ano, conforme novo cronograma divulgado nesta quarta-feira, 5 de junho. O certame Anatel oferta vagas para o cargo de Especialista em Regula\u00e7\u00e3o de Servi\u00e7os P\u00fablicos de Telecomunica\u00e7\u00f5es, em diversas especialidades. Se interessa pelo certame? Fique e confira os detalhes sobre as provas do certame [&hellip;]<\/p>\n","protected":false},"author":54687,"featured_media":236762,"comment_status":"closed","ping_status":"closed","sticky":false,"template":"","format":"standard","meta":{"_acf_changed":false,"footnotes":"","_wp_rev_ctl_limit":""},"categories":[228],"tags":[],"class_list":["post-236728","post","type-post","status-publish","format-standard","has-post-thumbnail","hentry","category-noticias"],"acf":[],"_links":{"self":[{"href":"https:\/\/www.novaconcursos.com.br\/portal\/wp-json\/wp\/v2\/posts\/236728","targetHints":{"allow":["GET"]}}],"collection":[{"href":"https:\/\/www.novaconcursos.com.br\/portal\/wp-json\/wp\/v2\/posts"}],"about":[{"href":"https:\/\/www.novaconcursos.com.br\/portal\/wp-json\/wp\/v2\/types\/post"}],"author":[{"embeddable":true,"href":"https:\/\/www.novaconcursos.com.br\/portal\/wp-json\/wp\/v2\/users\/54687"}],"replies":[{"embeddable":true,"href":"https:\/\/www.novaconcursos.com.br\/portal\/wp-json\/wp\/v2\/comments?post=236728"}],"version-history":[{"count":12,"href":"https:\/\/www.novaconcursos.com.br\/portal\/wp-json\/wp\/v2\/posts\/236728\/revisions"}],"predecessor-version":[{"id":236781,"href":"https:\/\/www.novaconcursos.com.br\/portal\/wp-json\/wp\/v2\/posts\/236728\/revisions\/236781"}],"wp:featuredmedia":[{"embeddable":true,"href":"https:\/\/www.novaconcursos.com.br\/portal\/wp-json\/wp\/v2\/media\/236762"}],"wp:attachment":[{"href":"https:\/\/www.novaconcursos.com.br\/portal\/wp-json\/wp\/v2\/media?parent=236728"}],"wp:term":[{"taxonomy":"category","embeddable":true,"href":"https:\/\/www.novaconcursos.com.br\/portal\/wp-json\/wp\/v2\/categories?post=236728"},{"taxonomy":"post_tag","embeddable":true,"href":"https:\/\/www.novaconcursos.com.br\/portal\/wp-json\/wp\/v2\/tags?post=236728"}],"curies":[{"name":"wp","href":"https:\/\/api.w.org\/{rel}","templated":true}]}}