{"id":237791,"date":"2020-09-24T14:59:00","date_gmt":"2020-09-24T17:59:00","guid":{"rendered":"https:\/\/www.novaconcursos.com.br\/portal\/?p=237791"},"modified":"2026-01-13T08:12:14","modified_gmt":"2026-01-13T11:12:14","slug":"concurso-pm-df-banca-organizadora","status":"publish","type":"post","link":"https:\/\/www.novaconcursos.com.br\/portal\/noticias\/concurso-pm-df-banca-organizadora\/","title":{"rendered":"Concurso PM DF: Corpora\u00e7\u00e3o inicia processo de escolha da banca organizadora!"},"content":{"rendered":"<p>Foi afirmado pela Pol\u00edcia Militar do Distrito Federal,\u00a0<strong>que est\u00e1 trabalhando nos tr\u00e2mites para a contrata\u00e7\u00e3o da banca organizadora<\/strong>\u00a0do novo\u00a0<a href=\"https:\/\/www.novaconcursos.com.br\/portal\/concursos\/concurso-pm-df\/\">concurso\u00a0<strong>PM DF<\/strong><\/a>.<\/p>\n\n\n\n<h2 class=\"wp-block-heading\" id=\"banca-organizadora-do-concurso-pm-df\">Banca organizadora do concurso PM DF<\/h2>\n\n\n\n<p>Foi confirmado pela Pol\u00edcia Militar do Distrito Federal, que iniciou os preparativos do novo\u00a0concurso\u00a0PM DF. De acordo com informa\u00e7\u00f5es,\u00a0<strong>a corpora\u00e7\u00e3o afirmou que j\u00e1 trabalha na defini\u00e7\u00e3o da banca organizadora<\/strong>.<\/p>\n\n\n\n<p><em>\u201cN\u00e3o temos data definida, mas estamos trabalhando para a contrata\u00e7\u00e3o de uma banca para um futuro concurso\u201d<\/em>, disse a PM DF.<\/p>\n\n\n\n<p>O n\u00famero de vagas, cargos e sal\u00e1rios ainda n\u00e3o foram revelados. A Pol\u00edcia Militar do Distrito Federal<strong>\u00a0j\u00e1 tinha reconhecido a necessidade de recomposi\u00e7\u00e3o do efetivo por\u00a0concursos p\u00fablicos\u00a0<\/strong>.<\/p>\n\n\n\n<p><em>\u201cPara ajudar na conten\u00e7\u00e3o da redu\u00e7\u00e3o do efetivo, o previsto \u00e9 a realiza\u00e7\u00e3o de concurso p\u00fablico pela Administra\u00e7\u00e3o\u201d<\/em>, salientou a corpora\u00e7\u00e3o.<\/p>\n\n\n\n<p>Conforme informou a corpora\u00e7\u00e3o,\u00a0<strong>o ingresso de novos militares ajuda a oxigenar os quadros e a reduzir a idade m\u00e9dia da tropa<\/strong>.<\/p>\n\n\n\n<p>No Projeto de Lei Or\u00e7ament\u00e1ria Anual (PLOA) para 2021, h\u00e1 uma reserva para preenchimento de\u00a0<strong>543 vagas na PM DF e 178 vagas no Corpo de Bombeiros do Distrito Federal<\/strong>.<\/p>\n\n\n\n<p>Questionada sobre esse quantitativo, foi esclarecido pela Pol\u00edcia Militar que ser\u00e1 para\u00a0<strong>convoca\u00e7\u00e3o de candidatos aprovados no \u00faltimo\u00a0concurso\u00a0PM DF, realizado no ano de 2018<\/strong>.<\/p>\n\n\n\n<p><em>\u201cA PMDF informa que as 543 vagas s\u00e3o do \u00faltimo concurso. A previs\u00e3o \u00e9 para chamamento dos aprovados no \u00faltimo concurso realizado\u201d<\/em>, relatou a Pol\u00edcia Militar do Distrito Federal, por meio de sua Assessoria de Imprensa.<\/p>\n\n\n\n<p>O \u00faltimo\u00a0concurso\u00a0PM DF, realizado em 2018,\u00a0<strong>teve convoca\u00e7\u00f5es de candidatos aprovados adiadas por conta da pandemia de Covid-19<\/strong>. Ainda n\u00e3o existe uma previs\u00e3o para que as aulas da nova turma sejam iniciadas.<\/p>\n\n\n\n<h3 class=\"wp-block-heading\">Sal\u00e1rios do concurso PM DF<\/h3>\n\n\n\n<p>No ano de 2018, quando o \u00faltimo\u00a0concurso\u00a0PM DF foi aberto,\u00a0<strong>o sal\u00e1rio no curso de forma\u00e7\u00e3o era de R$ 6.095,41 para Soldados e de R$ 4.119,22 para M\u00fasicos<\/strong>. Esses valores j\u00e1 contavam com o benef\u00edcio do aux\u00edlio-alimenta\u00e7\u00e3o de\u00a0<strong>R$ 850,00<\/strong>.<\/p>\n\n\n\n<p>Entretanto,\u00a0<strong>as remunera\u00e7\u00f5es devem aumentar<\/strong>. Isso porque o Senado Federal, no dia 22 de setembro, aprovou a Medida Provis\u00f3ria (MP) n\u00ba 971 que\u00a0<strong>assegura o reajuste salarial<\/strong>\u00a0para servidores da Seguran\u00e7a do Distrito Federal.<\/p>\n\n\n\n<p>O texto, que j\u00e1 havia recebido aval da C\u00e2mara dos Deputados, fixa a recomposi\u00e7\u00e3o de\u00a0<strong>25%<\/strong>\u00a0sobre a Vantagem Pecuni\u00e1ria Especial (VPE) para os\u00a0<strong>policiais militares e bombeiros<\/strong>.<\/p>\n\n\n\n<p>J\u00e1 para os\u00a0<strong>policiais civis<\/strong>, o aumento \u00e9 de\u00a0<strong>8%<\/strong>. Para entrar em vigor, o reajuste depende de promulga\u00e7\u00e3o.<\/p>\n\n\n\n<h2 class=\"wp-block-heading\" id=\"ltimo-concurso-pm-df\">\u00daltimo concurso PM DF<\/h2>\n\n\n\n<p>O \u00faltimo\u00a0concurso\u00a0PM DF teve seu edital publicado no ano de 2018. Na ocasi\u00e3o,\u00a0<strong>foram ofertadas 2.000 vagas para o cargo de Soldado<\/strong>. O certame atraiu mais de 50.000 candidatos inscritos.<\/p>\n\n\n\n<p>A Pol\u00edcia Militar do Distrito Federal tamb\u00e9m divulgou outro edital com vagas para M\u00fasicos. Foram\u00a0<strong>18 vagas<\/strong>\u00a0para Especialista em Corneta e\u00a0<strong>06 vagas\u00a0<\/strong>para Clarineta, Saxofone, Trompa, Trompete e Trombone Tenor\/Baixo.<\/p>\n\n\n\n<p>As oportunidades exigiam\u00a0<strong>n\u00edvel superior de forma\u00e7\u00e3o<\/strong>, idade entre\u00a0<strong>18 anos e 30 anos<\/strong>\u00a0e Carteira Nacional de Habilita\u00e7\u00e3o\u00a0<strong>(CNH) na categoria B<\/strong>. Al\u00e9m disso, era necess\u00e1rio ter altura m\u00ednima de\u00a0<strong>1,65m<\/strong>\u00a0para homens e\u00a0<strong>1,60m<\/strong>\u00a0para mulheres.<\/p>\n\n\n\n<p>O sal\u00e1rio inicial, no curso de forma\u00e7\u00e3o, era de\u00a0<strong>R$ 6.095,41 para Soldados e de R$ 4.119,22 para M\u00fasicos<\/strong>, incluindo o benef\u00edcio de aux\u00edlio-alimenta\u00e7\u00e3o no valor de\u00a0<strong>R$ 850,00<\/strong>.<\/p>\n\n\n\n<p><strong>Os candidatos ao cargo de Soldado passaram por sete etapas avaliativas:<\/strong>\u00a0prova objetiva, reda\u00e7\u00e3o, avalia\u00e7\u00e3o f\u00edsica, exames biom\u00e9tricos e avalia\u00e7\u00e3o m\u00e9dica, sindic\u00e2ncia de vida pregressa, avalia\u00e7\u00e3o psicol\u00f3gica e curso de forma\u00e7\u00e3o.<\/p>\n\n\n\n<p>Os\u00a0<strong>M\u00fasicos<\/strong>, al\u00e9m das sete etapas,\u00a0<strong>ainda passaram por uma prova pr\u00e1tica instrumental e contagem de t\u00edtulos<\/strong>. No m\u00eas de mar\u00e7o de 2020, as convoca\u00e7\u00f5es foram suspensas devido aos avan\u00e7os da pandemia da Covid-19.<\/p>","protected":false},"excerpt":{"rendered":"<p>Foi afirmado pela Pol\u00edcia Militar do Distrito Federal,\u00a0que est\u00e1 trabalhando nos tr\u00e2mites para a contrata\u00e7\u00e3o da banca organizadora\u00a0do novo\u00a0concurso\u00a0PM DF. Banca organizadora do concurso PM DF Foi confirmado pela Pol\u00edcia Militar do Distrito Federal, que iniciou os preparativos do novo\u00a0concurso\u00a0PM DF. De acordo com informa\u00e7\u00f5es,\u00a0a corpora\u00e7\u00e3o afirmou que j\u00e1 trabalha na defini\u00e7\u00e3o da banca organizadora. [&hellip;]<\/p>\n","protected":false},"author":46247,"featured_media":0,"comment_status":"closed","ping_status":"closed","sticky":false,"template":"","format":"standard","meta":{"_acf_changed":false,"footnotes":"","_wp_rev_ctl_limit":""},"categories":[228],"tags":[],"class_list":["post-237791","post","type-post","status-publish","format-standard","hentry","category-noticias"],"acf":[],"_links":{"self":[{"href":"https:\/\/www.novaconcursos.com.br\/portal\/wp-json\/wp\/v2\/posts\/237791","targetHints":{"allow":["GET"]}}],"collection":[{"href":"https:\/\/www.novaconcursos.com.br\/portal\/wp-json\/wp\/v2\/posts"}],"about":[{"href":"https:\/\/www.novaconcursos.com.br\/portal\/wp-json\/wp\/v2\/types\/post"}],"author":[{"embeddable":true,"href":"https:\/\/www.novaconcursos.com.br\/portal\/wp-json\/wp\/v2\/users\/46247"}],"replies":[{"embeddable":true,"href":"https:\/\/www.novaconcursos.com.br\/portal\/wp-json\/wp\/v2\/comments?post=237791"}],"version-history":[{"count":2,"href":"https:\/\/www.novaconcursos.com.br\/portal\/wp-json\/wp\/v2\/posts\/237791\/revisions"}],"predecessor-version":[{"id":302494,"href":"https:\/\/www.novaconcursos.com.br\/portal\/wp-json\/wp\/v2\/posts\/237791\/revisions\/302494"}],"wp:attachment":[{"href":"https:\/\/www.novaconcursos.com.br\/portal\/wp-json\/wp\/v2\/media?parent=237791"}],"wp:term":[{"taxonomy":"category","embeddable":true,"href":"https:\/\/www.novaconcursos.com.br\/portal\/wp-json\/wp\/v2\/categories?post=237791"},{"taxonomy":"post_tag","embeddable":true,"href":"https:\/\/www.novaconcursos.com.br\/portal\/wp-json\/wp\/v2\/tags?post=237791"}],"curies":[{"name":"wp","href":"https:\/\/api.w.org\/{rel}","templated":true}]}}