{"id":237810,"date":"2016-04-05T15:20:00","date_gmt":"2016-04-05T18:20:00","guid":{"rendered":"https:\/\/www.novaconcursos.com.br\/portal\/?p=237810"},"modified":"2024-06-10T15:22:25","modified_gmt":"2024-06-10T18:22:25","slug":"o-que-cai-na-prova-prefeitura-de-diadema-sp-2015-07","status":"publish","type":"post","link":"https:\/\/www.novaconcursos.com.br\/portal\/noticias\/o-que-cai-na-prova-prefeitura-de-diadema-sp-2015-07\/","title":{"rendered":"O que cai na prova: Prefeitura de Diadema \u2013 SP"},"content":{"rendered":"<p>Com o objetivo de contratar\u00a0<strong>212 profissionais<\/strong>, a Prefeitura de Diadema, no estado de S\u00e3o Paulo, lan\u00e7ou edital para concurso p\u00fablico para candidatos de todos os n\u00edveis de conhecimento e para ajudar nos estudos separamos alguns pontos da\u00a0<strong>prova que acontecer\u00e1 no dia 11 de outubro<\/strong>. Para ver mais informa\u00e7\u00f5es e baixar o edital,\u00a0clique aqui e leia a p\u00e1gina do concurso\u00a0.<\/p>\n\n\n\n<p><em><strong>\u2013 L\u00edngua Portuguesa:<\/strong>\u00a0<\/em>Interpreta\u00e7\u00e3o de texto, fonema, tonicidade, pros\u00f3dia, acentua\u00e7\u00e3o gr\u00e1fica, nota\u00e7\u00f5es l\u00e9xicas, abreviaturas, siglas, s\u00edmbolos, ortografia oficial de acordo com a nova regra ortogr\u00e1fica, divis\u00e3o sil\u00e1bica, pontua\u00e7\u00e3o, concord\u00e2ncia nominal e verbal, reg\u00eancia nominal e verbal, significa\u00e7\u00e3o das palavras: sin\u00f4nimos, ant\u00f4nimos, sentido pr\u00f3prio e figurado das palavras, emprego de tempos e modos verbais, emprego das classes de palavras: substantivo, adjetivo, numeral, pronome, verbo, adv\u00e9rbio, preposi\u00e7\u00e3o, conjun\u00e7\u00e3o (classifica\u00e7\u00e3o e sentido que imprimem \u00e0s rela\u00e7\u00f5es entre as ora\u00e7\u00f5es).<\/p>\n\n\n\n<p><em><strong>\u2013 Matem\u00e1tica:<\/strong><\/em>\u00a0Opera\u00e7\u00f5es no conjunto dos n\u00fameros Naturais; Opera\u00e7\u00f5es no conjunto dos n\u00fameros Inteiros; Opera\u00e7\u00f5es no conjunto dos n\u00fameros racionais; Opera\u00e7\u00f5es no conjunto dos n\u00fameros reais; Express\u00f5es num\u00e9ricas e alg\u00e9bricas em N, Z e Q; Potencia\u00e7\u00e3o e radicia\u00e7\u00e3o no conjunto N; Resolu\u00e7\u00e3o de situa\u00e7\u00e3o problema; MDC e MMC (opera\u00e7\u00f5es e problemas); N\u00fameros fracion\u00e1rios; Opera\u00e7\u00f5es com fra\u00e7\u00f5es; Medidas de comprimento e de superf\u00edcie (per\u00edmetro e \u00e1rea); Medidas de volume, capacidade e massa; Equa\u00e7\u00e3o do 1\u00ba grau e do 2\u00ba grau; Raz\u00e3o e propor\u00e7\u00e3o; Regra de tr\u00eas simples e composta; Porcentagem e juros simples; M\u00e9dia aritm\u00e9tica simples e ponderada.<\/p>\n\n\n\n<p><em><strong>\u2013 Conhecimentos espec\u00edficos:<\/strong><\/em>\u00a0de acordo com o cargo pretendido.<\/p>\n\n\n\n<p><strong>Crit\u00e9rios de desempate<\/strong><br>a) com idade igual ou superior a 60 anos, nos termos da Lei Federal n\u00ba 10.741\/03, entre si e frente aos demais, sendo que ser\u00e1 dada prefer\u00eancia ao de idade mais elevada;<br>b) obtiver maior pontua\u00e7\u00e3o na Prova Objetiva;<br>c) Maior n\u00famero de dependentes com at\u00e9 18 (dezoito) anos de idade;<br>d) que possuir maior idade entre aqueles com menos 60 anos.<\/p>","protected":false},"excerpt":{"rendered":"<p>Com o objetivo de contratar\u00a0212 profissionais, a Prefeitura de Diadema, no estado de S\u00e3o Paulo, lan\u00e7ou edital para concurso p\u00fablico para candidatos de todos os n\u00edveis de conhecimento e para ajudar nos estudos separamos alguns pontos da\u00a0prova que acontecer\u00e1 no dia 11 de outubro. Para ver mais informa\u00e7\u00f5es e baixar o edital,\u00a0clique aqui e leia [&hellip;]<\/p>\n","protected":false},"author":46247,"featured_media":0,"comment_status":"closed","ping_status":"closed","sticky":false,"template":"","format":"standard","meta":{"_acf_changed":false,"footnotes":"","_wp_rev_ctl_limit":""},"categories":[228],"tags":[],"class_list":["post-237810","post","type-post","status-publish","format-standard","hentry","category-noticias"],"acf":[],"_links":{"self":[{"href":"https:\/\/www.novaconcursos.com.br\/portal\/wp-json\/wp\/v2\/posts\/237810","targetHints":{"allow":["GET"]}}],"collection":[{"href":"https:\/\/www.novaconcursos.com.br\/portal\/wp-json\/wp\/v2\/posts"}],"about":[{"href":"https:\/\/www.novaconcursos.com.br\/portal\/wp-json\/wp\/v2\/types\/post"}],"author":[{"embeddable":true,"href":"https:\/\/www.novaconcursos.com.br\/portal\/wp-json\/wp\/v2\/users\/46247"}],"replies":[{"embeddable":true,"href":"https:\/\/www.novaconcursos.com.br\/portal\/wp-json\/wp\/v2\/comments?post=237810"}],"version-history":[{"count":1,"href":"https:\/\/www.novaconcursos.com.br\/portal\/wp-json\/wp\/v2\/posts\/237810\/revisions"}],"predecessor-version":[{"id":237811,"href":"https:\/\/www.novaconcursos.com.br\/portal\/wp-json\/wp\/v2\/posts\/237810\/revisions\/237811"}],"wp:attachment":[{"href":"https:\/\/www.novaconcursos.com.br\/portal\/wp-json\/wp\/v2\/media?parent=237810"}],"wp:term":[{"taxonomy":"category","embeddable":true,"href":"https:\/\/www.novaconcursos.com.br\/portal\/wp-json\/wp\/v2\/categories?post=237810"},{"taxonomy":"post_tag","embeddable":true,"href":"https:\/\/www.novaconcursos.com.br\/portal\/wp-json\/wp\/v2\/tags?post=237810"}],"curies":[{"name":"wp","href":"https:\/\/api.w.org\/{rel}","templated":true}]}}