{"id":239226,"date":"2020-06-29T14:24:00","date_gmt":"2020-06-29T17:24:00","guid":{"rendered":"https:\/\/www.novaconcursos.com.br\/portal\/?p=239226"},"modified":"2024-06-17T14:27:00","modified_gmt":"2024-06-17T17:27:00","slug":"concursos-publicos-medida-provisoria-que-permite-temporarios-perde-validade","status":"publish","type":"post","link":"https:\/\/www.novaconcursos.com.br\/portal\/noticias\/concursos-publicos-medida-provisoria-que-permite-temporarios-perde-validade\/","title":{"rendered":"Concursos P\u00fablicos: Medida Provis\u00f3ria que permite tempor\u00e1rios perde validade!"},"content":{"rendered":"<p><strong>A Medida Provis\u00f3ria 922<\/strong>, que ampliou as possibilidades de\u00a0<strong>contrata\u00e7\u00e3o de tempor\u00e1rios<\/strong>\u00a0em\u00a0concursos p\u00fablicos,\u00a0<strong>perdeu a validade<\/strong>.<\/p>\n\n\n\n<h2 class=\"wp-block-heading\" id=\"validade-da-medida-provisria-922\">Validade da Medida Provis\u00f3ria 922<\/h2>\n\n\n\n<p>A Medida Provis\u00f3ria 922\/2020,\u00a0<strong>que amplia as situa\u00e7\u00f5es nas quais \u00e9 poss\u00edvel a contrata\u00e7\u00e3o tempor\u00e1ria de servidores por parte do governo, perdeu sua validade no dia 29 de junho<\/strong>. Por falta de acordo entre o governo e Congresso, a medida caduca e passa a n\u00e3o ser mais v\u00e1lida.<\/p>\n\n\n\n<p>De acordo com informa\u00e7\u00f5es, o ministro da Economia, Paulo Guedes, tentou articular a aprova\u00e7\u00e3o junto com a nova base do governo, mas o presidente da C\u00e2mara, Rodrigo Maia,\u00a0<strong>n\u00e3o colocou a Medida Provis\u00f3ria em pauta a pedido da oposi\u00e7\u00e3o<\/strong>.<\/p>\n\n\n\n<p>Segundo os parlamentares contr\u00e1rios \u00e0 MP 922\/2020, que ganhou apelido de \u201cminirreforma administrativa\u201d,\u00a0<strong>o Executivo usou a medida para substituir servidores concursados por funcion\u00e1rios tempor\u00e1rios<\/strong>.<\/p>\n\n\n\n<p>Entretanto, conforme o governo, a MP (editada em fevereiro de 2020)\u00a0<strong>foi usada para autorizar a contrata\u00e7\u00e3o tempor\u00e1ria de servidores civis federais aposentados no INSS<\/strong>\u00a0(Instituto Nacional do Seguro Social). O intuito era reduzir a fila de 1,8 milh\u00e3o de pessoas \u00e0 espera de benef\u00edcios.<\/p>\n\n\n\n<p>A equipe econ\u00f4mica, incluindo o ministro Paulo Guedes, tentou convencer deputados a apoiar a vota\u00e7\u00e3o da Medida Provis\u00f3ria 922\/2020, mas n\u00e3o obteve sucesso. De acordo com os parlamentares,\u00a0<strong>a medida era mesmo pol\u00eamica e n\u00e3o estava relacionada diretamente ao combate \u00e0 Covid-19<\/strong>.<\/p>\n\n\n\n<p><strong>O acordo entre os parlamentares \u00e9 votar, remotamente, durante a pandemia, somente mat\u00e9rias relacionadas a pandemia da Covid-19<\/strong>. Por mais esse motivo, a MP 922 n\u00e3o entrou em pauta e perdeu sua validade no dia 29 de junho de 2020.<\/p>\n\n\n\n<h2 class=\"wp-block-heading\" id=\"secretrio-defendeu-a-contratao-de-temporrios\">Secret\u00e1rio defendeu a contrata\u00e7\u00e3o de tempor\u00e1rios<\/h2>\n\n\n\n<p>Recentemente, o secret\u00e1rio especial de Desburocratiza\u00e7\u00e3o, Gest\u00e3o e Governo Digital do Minist\u00e9rio da Economia, Paulo Uebel,\u00a0<strong>tentou sensibilizar os deputados e garantir a aprova\u00e7\u00e3o da Medida Provis\u00f3ria 922\/2020<\/strong>.<\/p>\n\n\n\n<p>Na ocasi\u00e3o, foi defendido pelo secret\u00e1rio \u00e0 medida que amplia as situa\u00e7\u00f5es nas quais \u00e9 poss\u00edvel a contrata\u00e7\u00e3o tempor\u00e1ria de pessoal por parte do governo. Em contrapartida,\u00a0<strong>Uebel garantiu que os concursos p\u00fablicos seguir\u00e3o<\/strong>.<\/p>\n\n\n\n<p>Ao participar de uma audi\u00eancia p\u00fablica com deputados federais da Frente Parlamentar Mista da Reforma Administrativa, foi explicado por Uebel que do ponto de vista das contas p\u00fablicas, n\u00e3o \u00e9 interessante fazer concurso p\u00fablico para efetivar um trabalhador que vai atuar em um projeto espec\u00edfico que ser\u00e1 conclu\u00eddo em curto prazo.<\/p>\n\n\n\n<p>De acordo com Uebel,\u00a0<strong>ap\u00f3s assumir um cargo p\u00fablico, o servidor permanece vinculado \u00e0 administra\u00e7\u00e3o durante 60 anos<\/strong>, per\u00edodo entre o tempo de atividade, a aposentadoria e o tempo de pagamento da pens\u00e3o a seus familiares ap\u00f3s o falecimento.<\/p>\n\n\n\n<p>Ainda conforme o secret\u00e1rio,\u00a0<strong>os concursos p\u00fablicos v\u00e3o continuar sendo realizados nas \u00e1reas cont\u00ednuas do servi\u00e7o p\u00fablico<\/strong>.<\/p>\n\n\n\n<p><em>\u201cQuando a gente mistura demandas de curto prazo com solu\u00e7\u00f5es de longo prazo \u00e9 inefici\u00eancia total. O Poder P\u00fablico acaba criando uma estrutura muito inchada, muito pesada, que prejudica os bons servidores. Depois, voc\u00ea n\u00e3o consegue dar aumento para os bons servidores, voc\u00ea n\u00e3o consegue dar uma carreira desafiadora para essas pessoas, porque voc\u00ea tem que atender a uma estrutura muito inchada\u201d<\/em>, salientou o secret\u00e1rio.<\/p>\n\n\n\n<p>Durante a audi\u00eancia, o secret\u00e1rio tamb\u00e9m afirmou que as\u00a0<strong>regras para contrata\u00e7\u00e3o tempor\u00e1ria tamb\u00e9m seriam ben\u00e9ficas para estados e munic\u00edpios<\/strong>, no cumprimento da LRF (Lei de Responsabilidade Fiscal).<\/p>\n\n\n\n<p><em>\u201cPara algumas atividades, que n\u00e3o s\u00e3o perenes, n\u00e3o faz sentido a gente fazer um concurso p\u00fablico, atraindo servidor, que vai ter impacto previdenci\u00e1rio para o er\u00e1rio p\u00fablico. Nos casos das contrata\u00e7\u00f5es tempor\u00e1rias n\u00e3o gera impacto previdenci\u00e1rio a longo prazo\u201d<\/em>, informou Uebel.<\/p>","protected":false},"excerpt":{"rendered":"<p>A Medida Provis\u00f3ria 922, que ampliou as possibilidades de\u00a0contrata\u00e7\u00e3o de tempor\u00e1rios\u00a0em\u00a0concursos p\u00fablicos,\u00a0perdeu a validade. Validade da Medida Provis\u00f3ria 922 A Medida Provis\u00f3ria 922\/2020,\u00a0que amplia as situa\u00e7\u00f5es nas quais \u00e9 poss\u00edvel a contrata\u00e7\u00e3o tempor\u00e1ria de servidores por parte do governo, perdeu sua validade no dia 29 de junho. Por falta de acordo entre o governo e [&hellip;]<\/p>\n","protected":false},"author":46247,"featured_media":0,"comment_status":"closed","ping_status":"closed","sticky":false,"template":"","format":"standard","meta":{"_acf_changed":false,"footnotes":"","_wp_rev_ctl_limit":""},"categories":[228],"tags":[],"class_list":["post-239226","post","type-post","status-publish","format-standard","hentry","category-noticias"],"acf":[],"_links":{"self":[{"href":"https:\/\/www.novaconcursos.com.br\/portal\/wp-json\/wp\/v2\/posts\/239226","targetHints":{"allow":["GET"]}}],"collection":[{"href":"https:\/\/www.novaconcursos.com.br\/portal\/wp-json\/wp\/v2\/posts"}],"about":[{"href":"https:\/\/www.novaconcursos.com.br\/portal\/wp-json\/wp\/v2\/types\/post"}],"author":[{"embeddable":true,"href":"https:\/\/www.novaconcursos.com.br\/portal\/wp-json\/wp\/v2\/users\/46247"}],"replies":[{"embeddable":true,"href":"https:\/\/www.novaconcursos.com.br\/portal\/wp-json\/wp\/v2\/comments?post=239226"}],"version-history":[{"count":1,"href":"https:\/\/www.novaconcursos.com.br\/portal\/wp-json\/wp\/v2\/posts\/239226\/revisions"}],"predecessor-version":[{"id":239227,"href":"https:\/\/www.novaconcursos.com.br\/portal\/wp-json\/wp\/v2\/posts\/239226\/revisions\/239227"}],"wp:attachment":[{"href":"https:\/\/www.novaconcursos.com.br\/portal\/wp-json\/wp\/v2\/media?parent=239226"}],"wp:term":[{"taxonomy":"category","embeddable":true,"href":"https:\/\/www.novaconcursos.com.br\/portal\/wp-json\/wp\/v2\/categories?post=239226"},{"taxonomy":"post_tag","embeddable":true,"href":"https:\/\/www.novaconcursos.com.br\/portal\/wp-json\/wp\/v2\/tags?post=239226"}],"curies":[{"name":"wp","href":"https:\/\/api.w.org\/{rel}","templated":true}]}}