{"id":239232,"date":"2019-08-07T15:28:00","date_gmt":"2019-08-07T18:28:00","guid":{"rendered":"https:\/\/www.novaconcursos.com.br\/portal\/?p=239232"},"modified":"2025-12-09T11:52:22","modified_gmt":"2025-12-09T14:52:22","slug":"concurso-pc-rj-definidos-os-ultimos-membros-da-banca-examinadora","status":"publish","type":"post","link":"https:\/\/www.novaconcursos.com.br\/portal\/noticias\/concurso-pc-rj-definidos-os-ultimos-membros-da-banca-examinadora\/","title":{"rendered":"Concurso PC RJ: Definidos os \u00faltimos membros da banca examinadora!"},"content":{"rendered":"<p>O\u00a0<a href=\"https:\/\/www.novaconcursos.com.br\/portal\/concursos\/concurso-policia-civil-rj\/\">concurso\u00a0PC RJ<\/a>\u00a0(Pol\u00edcia Civil do Rio de Janeiro)\u00a0<strong>definiu os \u00faltimos membros da banca examinadora, publica\u00e7\u00e3o do edital est\u00e1 pr\u00f3xima<\/strong>.<\/p>\n\n\n\n<h2 class=\"wp-block-heading\" id=\"definidos-os-membros-da-banca-do-concurso-pc-rj\">Definidos os membros da banca do concurso PC RJ<\/h2>\n\n\n\n<p>Foi anunciado pela Pol\u00edcia Civil do Rio de Janeiro,\u00a0<strong>os dois \u00faltimos membros da banca examinadora do concurso PC RJ para o cargo de Delegado<\/strong>.<\/p>\n\n\n\n<p>A divulga\u00e7\u00e3o foi feita no\u00a0Instagram\u00a0da corpora\u00e7\u00e3o,\u00a0<strong>os delegados Adriana Mendes e Bruno Gilaberte s\u00e3o os demais integrantes da banca de Direito Penal<\/strong>.<\/p>\n\n\n\n<p>No dia 02 de agosto,\u00a0<strong>a PC RJ j\u00e1 tinha divulgado o juiz Alexandre Abrah\u00e3o como o primeiro membro do grupo respons\u00e1vel por elaborar as quest\u00f5es da disciplina<\/strong>. Com o a banca de Direito Penal definida, a Pol\u00edcia Civil do Rio de Janeiro conclui a etapa de escolha dos examinadores das provas.<\/p>\n\n\n\n<p>Dessa maneira,\u00a0<strong>para a publica\u00e7\u00e3o do edital<\/strong>, a pr\u00f3xima fase ser\u00e1 a\u00a0<strong>contrata\u00e7\u00e3o da banca organizadora que ser\u00e1 respons\u00e1vel por receber as inscri\u00e7\u00f5es e aplicar as etapas da sele\u00e7\u00e3o, como provas objetivas<\/strong>. Ser\u00e1 aberta uma\u00a0<strong>licita\u00e7\u00e3o<\/strong>\u00a0para cotar os pre\u00e7os das institui\u00e7\u00f5es interessadas.<\/p>\n\n\n\n<p>Esse processo n\u00e3o deve demorar, pois o secret\u00e1rio da PC RJ, Marcus Vin\u00edcius Braga, revelou que o primeiro edital a ser publicado ser\u00e1 para o cargo de\u00a0<strong>Delegado<\/strong>.\u00a0<strong>\u00c9 previsto que o documento ofertando 100 vagas para a carreira seja publicado at\u00e9 o m\u00eas de setembro<\/strong>.<\/p>\n\n\n\n<p><strong>Dessa forma, a expectativa \u00e9 que a banca organizadora do concurso PC RJ para o cargo de Delegado seja definida no m\u00eas de agosto<\/strong>. Para ter tempo h\u00e1bil de fazer os ajustes necess\u00e1rios para a publica\u00e7\u00e3o do\u00a0<strong>edital at\u00e9 o m\u00eas de setembro<\/strong>.<\/p>\n\n\n\n<h2 class=\"wp-block-heading\" id=\"definidas-as-bancas-examinadoras-do-concurso-pc-rj\">Definidas as bancas examinadoras do concurso PC RJ<\/h2>\n\n\n\n<p>As\u00a0<strong>provas<\/strong>\u00a0do concurso PC RJ para o cargo de Delegado, ser\u00e3o compostas por quest\u00f5es de seis disciplinas.\u00a0<strong>Para cada uma, a corpora\u00e7\u00e3o escolheu tr\u00eas membros respons\u00e1veis por elaborar perguntas, corrigi-las e argui-las, quando necess\u00e1rio<\/strong>.<\/p>\n\n\n\n<p>A\u00a0<strong>composi\u00e7\u00e3o dos membros<\/strong>\u00a0das bancas examinadoras s\u00e3o o seguinte:<\/p>\n\n\n\n<h3 class=\"wp-block-heading\">Direito Administrativo<\/h3>\n\n\n\n<ul class=\"wp-block-list\"><li>Juiz Federal Fabr\u00edcio Fernandes de Castro;<\/li>\n\n\n\n<li>Delegada Alessandra da Silva Andrade;<\/li>\n\n\n\n<li>Delegado Marcos Motta.<\/li>\n<\/ul><h3 class=\"wp-block-heading\">Direito Processual Penal<\/h3>\n\n\n\n<ul class=\"wp-block-list\"><li>Desembargadora Renata do Amaral;<\/li>\n\n\n\n<li>Delegado Carlos Rangel;<\/li>\n\n\n\n<li>Delegado Carlos Augusto Nogueira.<\/li>\n<\/ul><h3 class=\"wp-block-heading\">Direito Civil<\/h3>\n\n\n\n<ul class=\"wp-block-list\"><li>Desembargador Federal Guilherme Calmon;<\/li>\n\n\n\n<li>Advogado Frederico Price;<\/li>\n\n\n\n<li>Delegada Renata do Amaral.<\/li>\n<\/ul><h3 class=\"wp-block-heading\">Direito Constitucional<\/h3>\n\n\n\n<ul class=\"wp-block-list\"><li>Procurador do Estado Jos\u00e9 Carlos Vasconcellos dos Reis;<\/li>\n\n\n\n<li>Delegado Marcus Neves;<\/li>\n\n\n\n<li>Delegado Luiz Marcelo.<\/li>\n<\/ul><h3 class=\"wp-block-heading\">Medicina Legal<\/h3>\n\n\n\n<ul class=\"wp-block-list\"><li>M\u00e9dica Gabriela Gra\u00e7a;<\/li>\n\n\n\n<li>M\u00e9dico Ricardo Barcellos;<\/li>\n\n\n\n<li>Delegado Wilson Palermo.<\/li>\n<\/ul><h3 class=\"wp-block-heading\">Direito Penal<\/h3>\n\n\n\n<ul class=\"wp-block-list\"><li>Juiz Alexandre Abrah\u00e3o;<\/li>\n\n\n\n<li>Delegada Adriana Mendes;<\/li>\n\n\n\n<li>Delegado Bruno Gilaberte.<\/li>\n<\/ul>","protected":false},"excerpt":{"rendered":"<p>O\u00a0concurso\u00a0PC RJ\u00a0(Pol\u00edcia Civil do Rio de Janeiro)\u00a0definiu os \u00faltimos membros da banca examinadora, publica\u00e7\u00e3o do edital est\u00e1 pr\u00f3xima. Definidos os membros da banca do concurso PC RJ Foi anunciado pela Pol\u00edcia Civil do Rio de Janeiro,\u00a0os dois \u00faltimos membros da banca examinadora do concurso PC RJ para o cargo de Delegado. A divulga\u00e7\u00e3o foi feita [&hellip;]<\/p>\n","protected":false},"author":46247,"featured_media":0,"comment_status":"closed","ping_status":"closed","sticky":false,"template":"","format":"standard","meta":{"_acf_changed":false,"footnotes":"","_wp_rev_ctl_limit":""},"categories":[228],"tags":[],"class_list":["post-239232","post","type-post","status-publish","format-standard","hentry","category-noticias"],"acf":[],"_links":{"self":[{"href":"https:\/\/www.novaconcursos.com.br\/portal\/wp-json\/wp\/v2\/posts\/239232","targetHints":{"allow":["GET"]}}],"collection":[{"href":"https:\/\/www.novaconcursos.com.br\/portal\/wp-json\/wp\/v2\/posts"}],"about":[{"href":"https:\/\/www.novaconcursos.com.br\/portal\/wp-json\/wp\/v2\/types\/post"}],"author":[{"embeddable":true,"href":"https:\/\/www.novaconcursos.com.br\/portal\/wp-json\/wp\/v2\/users\/46247"}],"replies":[{"embeddable":true,"href":"https:\/\/www.novaconcursos.com.br\/portal\/wp-json\/wp\/v2\/comments?post=239232"}],"version-history":[{"count":2,"href":"https:\/\/www.novaconcursos.com.br\/portal\/wp-json\/wp\/v2\/posts\/239232\/revisions"}],"predecessor-version":[{"id":299678,"href":"https:\/\/www.novaconcursos.com.br\/portal\/wp-json\/wp\/v2\/posts\/239232\/revisions\/299678"}],"wp:attachment":[{"href":"https:\/\/www.novaconcursos.com.br\/portal\/wp-json\/wp\/v2\/media?parent=239232"}],"wp:term":[{"taxonomy":"category","embeddable":true,"href":"https:\/\/www.novaconcursos.com.br\/portal\/wp-json\/wp\/v2\/categories?post=239232"},{"taxonomy":"post_tag","embeddable":true,"href":"https:\/\/www.novaconcursos.com.br\/portal\/wp-json\/wp\/v2\/tags?post=239232"}],"curies":[{"name":"wp","href":"https:\/\/api.w.org\/{rel}","templated":true}]}}