{"id":239552,"date":"2020-07-16T13:00:00","date_gmt":"2020-07-16T16:00:00","guid":{"rendered":"https:\/\/www.novaconcursos.com.br\/portal\/?p=239552"},"modified":"2025-12-09T12:39:54","modified_gmt":"2025-12-09T15:39:54","slug":"concurso-ibama-vice-presidente-afirma-que-orgao-tem-menos-de-50-do-efetivo","status":"publish","type":"post","link":"https:\/\/www.novaconcursos.com.br\/portal\/noticias\/concurso-ibama-vice-presidente-afirma-que-orgao-tem-menos-de-50-do-efetivo\/","title":{"rendered":"Concurso IBAMA: Vice-presidente afirma que \u00f3rg\u00e3o tem menos de 50% do efetivo!"},"content":{"rendered":"<p>Mediante a falta da realiza\u00e7\u00e3o do\u00a0<a href=\"https:\/\/www.novaconcursos.com.br\/portal\/concursos\/concurso-ibama\/\">concurso\u00a0IBAMA<\/a>\u00a0(Instituto Brasileiro do Meio Ambiente e dos Recursos Naturais),\u00a0<strong>vice-presidente admite que \u00f3rg\u00e3o atua com menos da metade do efetivo<\/strong>.<\/p>\n\n\n\n<p>BAIXE GR\u00c1TIS: Guia Definitivo Como Fazer uma Revis\u00e3o!<\/p>\n\n\n\n<p>Voc\u00ea receber\u00e1 dicas de como fazer uma Revis\u00e3o Ideal para intensificar ainda mais seus estudos!!NomeE-mailTelefone<\/p>\n\n\n\n<h2 class=\"wp-block-heading\" id=\"falta-de-efetivo-no-ibama\">Falta de efetivo no IBAMA<\/h2>\n\n\n\n<p>No dia 10 de julho, o vice-presidente Hamilton Mour\u00e3o,\u00a0<strong>admitiu que \u00f3rg\u00e3os ambientais como o IBAMA<\/strong>\u00a0(Instituto Brasileiro do Meio Ambiente e dos Recursos Naturais) e o\u00a0<strong>ICMBio<\/strong>\u00a0(Instituto Chico Mendes de Conserva\u00e7\u00e3o da Biodiversidade)\u00a0<strong>operam com menos de 50% de seus efetivos<\/strong>.<\/p>\n\n\n\n<p>Os\u00a0<strong>\u00faltimos\u00a0<\/strong>concursos p\u00fablicos\u00a0para essas institui\u00e7\u00f5es foram realizados no ano de\u00a0<strong>2014<\/strong>,\u00a0<strong>ambos com o prazo de validade j\u00e1 encerrado<\/strong>. Apesar disso, o vice-presidente n\u00e3o falou sobre novos editais e defendeu a perman\u00eancia das For\u00e7as Armadas.<\/p>\n\n\n\n<p>Em vis\u00e3o, por conta do d\u00e9ficit, n\u00e3o h\u00e1 como, no curto prazo, operar sem apoio dos militares.\u00a0<strong>Eles est\u00e3o atuando desde o m\u00eas de maio no combate ao desmatamento, na Opera\u00e7\u00e3o Brasil Verde 2<\/strong>.<\/p>\n\n\n\n<p><em>\u201cPara trabalhar sem as For\u00e7as Armadas eu preciso reconstruir a for\u00e7a de trabalho das ag\u00eancias ambientais\u201d<\/em>, relatou Mour\u00e3o.<\/p>\n\n\n\n<p>Um novo decreto de Garantia da Lei e da Ordem (GLO), assinado pelo presidente Jair Bolsonaro, foi divulgado no Di\u00e1rio Oficial da Uni\u00e3o,\u00a0<strong>prorrogando a presen\u00e7a das For\u00e7as Armadas na Amaz\u00f4nia Legal at\u00e9 o dia 06 de novembro de 2020<\/strong>.<\/p>\n\n\n\n<p>Divulgadas pela\u00a0Ag\u00eancia Brasil, as declara\u00e7\u00f5es foram concedidas ap\u00f3s um encontro que reuniu o vice-presidente e representantes empresariais brasileiros no Pal\u00e1cio do Planalto,\u00a0<strong>para debater medidas de combate ao desmatamento na Amaz\u00f4nia<\/strong>.<\/p>\n\n\n\n<p>Apesar do pronunciamento, Mour\u00e3o n\u00e3o deu qualquer confirma\u00e7\u00e3o de que um novo\u00a0concurso\u00a0IBAMA ou um concurso ICMBio tenham previs\u00e3o de abertura.<\/p>\n\n\n\n<p>Ainda segundo o vice-presidente,\u00a0<strong>atualmente os servidores que est\u00e3o no quadro efetivo desses \u00f3rg\u00e3os, apenas uma fra\u00e7\u00e3o pequena deles atua diretamente em campo<\/strong>, o que dificulta uma a\u00e7\u00e3o mais abrangente.<\/p>\n\n\n\n<p><em>\u201cTemos menos de 50% do efetivo, sendo que dos 50% existentes, voc\u00ea pode botar que dois ter\u00e7os est\u00e3o no escrit\u00f3rio e um ter\u00e7o que est\u00e1 na rua, e esse um ter\u00e7o que est\u00e1 na rua n\u00e3o est\u00e1 s\u00f3 na Amaz\u00f4nia\u201d<\/em>.<\/p>\n\n\n\n<p>O encontro de Mour\u00e3o, assim como uma outra reuni\u00e3o realizada no dia anterior com investidores, foi motivado por uma carta que o Governo Federal recebeu no m\u00eas de\u00a0junho,\u00a0<strong>de empresas brasileiras e estrangeiras que manifestaram preocupa\u00e7\u00f5es relacionadas ao desmatamento<\/strong>.<\/p>\n\n\n\n<p>No documento,\u00a0<strong>as empresas solicitam a defesa de uma agenda do desenvolvimento sustent\u00e1vel<\/strong>. De acordo com Mour\u00e3o, o Conselho da Amaz\u00f4nia est\u00e1 desenvolvendo um plano de trabalho que possa apontar metas precisas de redu\u00e7\u00e3o do desflorestamento na regi\u00e3o.<\/p>\n\n\n\n<p><em>\u201cEu prefiro que a gente consiga terminar o nosso planejamento e eu dizer que daqui at\u00e9 2022, a cada semestre, eu vou reduzindo em X por cento, at\u00e9 chegarmos num ponto aceit\u00e1vel. Algo fact\u00edvel, e n\u00e3o ficar fazendo promessa que eu n\u00e3o vou cumprir\u201d<\/em>.<\/p>\n\n\n\n<h2 class=\"wp-block-heading\" id=\"ministro-da-economia-diz-que-brasil-deve-avanar-no-combate-a\">Ministro da Economia diz que Brasil deve avan\u00e7ar no combate ao desmatamento<\/h2>\n\n\n\n<p>No dia 13 de julho de 2020, o Ministro da Economia, Paulo Guedes, tamb\u00e9m comentou sobre o desmatamento na Amaz\u00f4nia. Segundo informa\u00e7\u00f5es do jornal O Globo, durante um evento da Organiza\u00e7\u00e3o para Coopera\u00e7\u00e3o e Desenvolvimento Econ\u00f4mico (OCDE)\u00a0<strong>o ministro informou que o Brasil deve avan\u00e7ar em iniciativas para preservar o meio ambiente<\/strong>.<\/p>\n\n\n\n<p><em>\u201cO Brasil \u00e9 um pa\u00eds que alimenta o mundo, preservando seu meio ambiente. Se h\u00e1 excessos e h\u00e1 erros, corrigiremos. N\u00e3o aceitaremos o desmatamento ilegal, a explora\u00e7\u00e3o ilegal de recursos\u201d<\/em>, disse Guedes.<\/p>\n\n\n\n<p>No m\u00eas de junho,\u00a0<strong>o desmatamento na Amaz\u00f4nia bateu recorde<\/strong>, conforme n\u00fameros do sistema Deter do\u00a0INPE\u00a0(Instituto Nacional de Pesquisas Especiais). Mas uma cr\u00edtica do governo, inclusive do Ministro Paulo Guedes, \u00e9 em rela\u00e7\u00e3o ao que chama de falsas narrativas.<\/p>\n\n\n\n<p><em>\u201cN\u00f3s queremos ajuda, mas n\u00e3o aceitamos falsas narrativas sobre o que aconteceu no Brasil nas \u00faltimas d\u00e9cadas. N\u00f3s pedimos compreens\u00e3o \u00e0 comunidade mundial. Muita gente se esconde atr\u00e1s de pol\u00edticas protecionistas para seus pr\u00f3prios recursos naturais, sua agricultura, condenando o Brasil. H\u00e1 interesses protecionistas condenando o Brasil, em vez de ajudando o Brasil\u201d<\/em>.<\/p>\n\n\n\n<p>No dia 13 de julho, a pesquisadora Lubias Vinhas,\u00a0<strong>que era respons\u00e1vel pelos principais sistemas de acompanhamento da Floresta Amaz\u00f4nica (Deter e Prodes) foi exonerada<\/strong>.<\/p>\n\n\n\n<p><strong>Lubias Vinhas era coordenadora-geral de Observa\u00e7\u00e3o da Terra do Instituto Nacional de Pesquisas Especiais<\/strong>\u00a0(INPE), que ainda n\u00e3o explicou a sa\u00edda da pesquisadora. O ato foi oficializado por meio de divulga\u00e7\u00e3o no Di\u00e1rio Oficial da Uni\u00e3o.<\/p>","protected":false},"excerpt":{"rendered":"<p>Mediante a falta da realiza\u00e7\u00e3o do\u00a0concurso\u00a0IBAMA\u00a0(Instituto Brasileiro do Meio Ambiente e dos Recursos Naturais),\u00a0vice-presidente admite que \u00f3rg\u00e3o atua com menos da metade do efetivo. BAIXE GR\u00c1TIS: Guia Definitivo Como Fazer uma Revis\u00e3o! Voc\u00ea receber\u00e1 dicas de como fazer uma Revis\u00e3o Ideal para intensificar ainda mais seus estudos!!NomeE-mailTelefone Falta de efetivo no IBAMA No dia 10 [&hellip;]<\/p>\n","protected":false},"author":16,"featured_media":0,"comment_status":"closed","ping_status":"closed","sticky":false,"template":"","format":"standard","meta":{"_acf_changed":false,"footnotes":"","_wp_rev_ctl_limit":""},"categories":[228],"tags":[],"class_list":["post-239552","post","type-post","status-publish","format-standard","hentry","category-noticias"],"acf":[],"_links":{"self":[{"href":"https:\/\/www.novaconcursos.com.br\/portal\/wp-json\/wp\/v2\/posts\/239552","targetHints":{"allow":["GET"]}}],"collection":[{"href":"https:\/\/www.novaconcursos.com.br\/portal\/wp-json\/wp\/v2\/posts"}],"about":[{"href":"https:\/\/www.novaconcursos.com.br\/portal\/wp-json\/wp\/v2\/types\/post"}],"author":[{"embeddable":true,"href":"https:\/\/www.novaconcursos.com.br\/portal\/wp-json\/wp\/v2\/users\/16"}],"replies":[{"embeddable":true,"href":"https:\/\/www.novaconcursos.com.br\/portal\/wp-json\/wp\/v2\/comments?post=239552"}],"version-history":[{"count":2,"href":"https:\/\/www.novaconcursos.com.br\/portal\/wp-json\/wp\/v2\/posts\/239552\/revisions"}],"predecessor-version":[{"id":299707,"href":"https:\/\/www.novaconcursos.com.br\/portal\/wp-json\/wp\/v2\/posts\/239552\/revisions\/299707"}],"wp:attachment":[{"href":"https:\/\/www.novaconcursos.com.br\/portal\/wp-json\/wp\/v2\/media?parent=239552"}],"wp:term":[{"taxonomy":"category","embeddable":true,"href":"https:\/\/www.novaconcursos.com.br\/portal\/wp-json\/wp\/v2\/categories?post=239552"},{"taxonomy":"post_tag","embeddable":true,"href":"https:\/\/www.novaconcursos.com.br\/portal\/wp-json\/wp\/v2\/tags?post=239552"}],"curies":[{"name":"wp","href":"https:\/\/api.w.org\/{rel}","templated":true}]}}