{"id":239637,"date":"2020-08-12T14:21:00","date_gmt":"2020-08-12T17:21:00","guid":{"rendered":"https:\/\/www.novaconcursos.com.br\/portal\/?p=239637"},"modified":"2024-06-18T14:23:08","modified_gmt":"2024-06-18T17:23:08","slug":"concurso-pm-pa-editais-serao-publicados-no-segundo-semestre","status":"publish","type":"post","link":"https:\/\/www.novaconcursos.com.br\/portal\/noticias\/concurso-pm-pa-editais-serao-publicados-no-segundo-semestre\/","title":{"rendered":"Concurso PM PA: Editais ser\u00e3o publicados no segundo semestre!"},"content":{"rendered":"<p>Foi informado pela corpora\u00e7\u00e3o, que os\u00a0<strong>editais<\/strong>\u00a0do\u00a0concurso\u00a0PM PA\u00a0(Pol\u00edcia Militar do Par\u00e1)\u00a0<strong>ser\u00e3o publicados a partir do segundo semestre de 2020<\/strong>.<\/p>\n\n\n\n<h2 class=\"wp-block-heading\" id=\"editais-do-concurso-pm-pa-no-segundo-semestre\">Editais do concurso PM PA no segundo semestre<\/h2>\n\n\n\n<p>Foi confirmado pela corpora\u00e7\u00e3o, que os\u00a0<strong>editais<\/strong>\u00a0do concurso PM PA que ofertar\u00e1 vagas para os cargos de\u00a0<strong>Soldado e Oficial, ser\u00e3o publicados no segundo semestre de 2020<\/strong>.<\/p>\n\n\n\n<p><strong>A expectativa \u00e9 de que os documentos n\u00e3o demorem e possam ser divulgados j\u00e1 no m\u00eas de julho<\/strong>. No entanto, n\u00e3o haveria tempo h\u00e1bil para a publica\u00e7\u00e3o este m\u00eas, como era cogitado.<\/p>\n\n\n\n<p>Isso porque, o processo para defini\u00e7\u00e3o da banca organizadora foi oficializado recentemente. A licita\u00e7\u00e3o est\u00e1 agendada para o dia 26 de junho,\u00a0<strong>quando ocorrer\u00e1 a abertura das propostas das empresas interessadas<\/strong>.<\/p>\n\n\n\n<p>Partindo do princ\u00edpio que ainda \u00e9 preciso\u00a0<strong>acontecer a assinatura do contrato com a banca organizadora vencedora da licita\u00e7\u00e3o e definir os \u00faltimos ajustes do edital em conjunto<\/strong>, tais como cronograma e defini\u00e7\u00e3o de etapas, o documento n\u00e3o teria tempo h\u00e1bil para ser divulgado ainda neste m\u00eas de junho.<\/p>\n\n\n\n<p>A previs\u00e3o de edital em junho, foi passada pelo jornalista do Estado do Par\u00e1, Mario Bonna, no m\u00eas de maio. Na \u00e9poca, a Pol\u00edcia Militar do Par\u00e1 e a Seplad, n\u00e3o se manifestaram sobre essa previs\u00e3o.<\/p>\n\n\n\n<p>O concurso PM PA ir\u00e1 ofertar\u00a0<strong>2.400 vagas<\/strong>, distribu\u00eddas entre as carreiras de\u00a0<strong>Soldado e Oficial<\/strong>, que possui remunera\u00e7\u00f5es de\u00a0<strong>R$ 3.486,80 e R$ 6.249,24<\/strong>, respectivamente.<\/p>\n\n\n\n<p>Para pleitear a uma vaga no cargo de\u00a0<strong>Soldado<\/strong>, \u00e9 necess\u00e1rio o candidato ter o\u00a0<strong>ensino m\u00e9dio completo<\/strong>, idade de\u00a0<strong>18 a 30 anos<\/strong>\u00a0e altura m\u00ednima de\u00a0<strong>1,65m<\/strong>\u00a0para homens e\u00a0<strong>1,60m<\/strong>\u00a0para mulheres.<\/p>\n\n\n\n<p>J\u00e1 para a carreira de\u00a0<strong>Oficial<\/strong>, \u00e9 preciso o participante ter\u00a0<strong>ensino superior completo<\/strong>, idade de at\u00e9<strong>\u00a035 anos<\/strong>\u00a0e altura m\u00ednima de\u00a0<strong>1,65m<\/strong>\u00a0para homens e\u00a0<strong>1,60m<\/strong>\u00a0para mulheres.<\/p>\n\n\n\n<h2 class=\"wp-block-heading\" id=\"comisso-de-licitao-do-concurso-pm-pa\">Comiss\u00e3o de licita\u00e7\u00e3o do concurso PM PA<\/h2>\n\n\n\n<p>Logo ap\u00f3s a divulga\u00e7\u00e3o da data da licita\u00e7\u00e3o,\u00a0<strong>a Pol\u00edcia Militar do Par\u00e1 formou a comiss\u00e3o especial para cuidar do processo<\/strong>. O grupo teve a sua composi\u00e7\u00e3o divulgada no Di\u00e1rio Oficial do Estado.<\/p>\n\n\n\n<p>A comiss\u00e3o de licita\u00e7\u00e3o \u00e9\u00a0<strong>composta pelos seguintes membros<\/strong>:<\/p>\n\n\n\n<ul class=\"wp-block-list\"><li>Presidente: Iris Alves Miranda Negr\u00e3o;<\/li>\n\n\n\n<li>1\u00ba membro: Marilia Lima de Moraes;<\/li>\n\n\n\n<li>2\u00ba membro: Ta\u00eds de Matos Lal;<\/li>\n\n\n\n<li>3\u00ba membro: Tenente Nelson Alves de Sena.<\/li>\n<\/ul><p>Segundo informa\u00e7\u00f5es do aviso divulgado no Di\u00e1rio Oficial do Estado do Par\u00e1,\u00a0<strong>a licita\u00e7\u00e3o ir\u00e1 acontecer na pr\u00f3pria Secretaria de Estado e Planejamento e Administra\u00e7\u00e3o<\/strong>\u00a0\u2013 Seplad Sede (Travessa do Chaco, n\u00ba 2350, Marco, Bel\u00e9m\/PA).<\/p>\n\n\n\n<p>\u00c9 previsto no cronograma,\u00a0<strong>que os envelopes com a documenta\u00e7\u00e3o habilitat\u00f3ria proposta t\u00e9cnica e de pre\u00e7os ser\u00e3o aceitos at\u00e9 \u00e0s 09 horas do dia 26 de junho de 2020<\/strong>. A abertura das propostas ser\u00e1 realizada a partir deste hor\u00e1rio, no endere\u00e7o informado.<\/p>","protected":false},"excerpt":{"rendered":"<p>Foi informado pela corpora\u00e7\u00e3o, que os\u00a0editais\u00a0do\u00a0concurso\u00a0PM PA\u00a0(Pol\u00edcia Militar do Par\u00e1)\u00a0ser\u00e3o publicados a partir do segundo semestre de 2020. Editais do concurso PM PA no segundo semestre Foi confirmado pela corpora\u00e7\u00e3o, que os\u00a0editais\u00a0do concurso PM PA que ofertar\u00e1 vagas para os cargos de\u00a0Soldado e Oficial, ser\u00e3o publicados no segundo semestre de 2020. A expectativa \u00e9 de [&hellip;]<\/p>\n","protected":false},"author":46247,"featured_media":0,"comment_status":"closed","ping_status":"closed","sticky":false,"template":"","format":"standard","meta":{"_acf_changed":false,"footnotes":"","_wp_rev_ctl_limit":""},"categories":[228],"tags":[],"class_list":["post-239637","post","type-post","status-publish","format-standard","hentry","category-noticias"],"acf":[],"_links":{"self":[{"href":"https:\/\/www.novaconcursos.com.br\/portal\/wp-json\/wp\/v2\/posts\/239637","targetHints":{"allow":["GET"]}}],"collection":[{"href":"https:\/\/www.novaconcursos.com.br\/portal\/wp-json\/wp\/v2\/posts"}],"about":[{"href":"https:\/\/www.novaconcursos.com.br\/portal\/wp-json\/wp\/v2\/types\/post"}],"author":[{"embeddable":true,"href":"https:\/\/www.novaconcursos.com.br\/portal\/wp-json\/wp\/v2\/users\/46247"}],"replies":[{"embeddable":true,"href":"https:\/\/www.novaconcursos.com.br\/portal\/wp-json\/wp\/v2\/comments?post=239637"}],"version-history":[{"count":1,"href":"https:\/\/www.novaconcursos.com.br\/portal\/wp-json\/wp\/v2\/posts\/239637\/revisions"}],"predecessor-version":[{"id":239638,"href":"https:\/\/www.novaconcursos.com.br\/portal\/wp-json\/wp\/v2\/posts\/239637\/revisions\/239638"}],"wp:attachment":[{"href":"https:\/\/www.novaconcursos.com.br\/portal\/wp-json\/wp\/v2\/media?parent=239637"}],"wp:term":[{"taxonomy":"category","embeddable":true,"href":"https:\/\/www.novaconcursos.com.br\/portal\/wp-json\/wp\/v2\/categories?post=239637"},{"taxonomy":"post_tag","embeddable":true,"href":"https:\/\/www.novaconcursos.com.br\/portal\/wp-json\/wp\/v2\/tags?post=239637"}],"curies":[{"name":"wp","href":"https:\/\/api.w.org\/{rel}","templated":true}]}}