{"id":239639,"date":"2020-02-21T14:24:00","date_gmt":"2020-02-21T17:24:00","guid":{"rendered":"https:\/\/www.novaconcursos.com.br\/portal\/?p=239639"},"modified":"2024-06-18T14:25:07","modified_gmt":"2024-06-18T17:25:07","slug":"concurso-guarda-de-marica-rj-candidatos-sao-convocados-para-o-curso-de-formacao","status":"publish","type":"post","link":"https:\/\/www.novaconcursos.com.br\/portal\/noticias\/concurso-guarda-de-marica-rj-candidatos-sao-convocados-para-o-curso-de-formacao\/","title":{"rendered":"Concurso Guarda de Maric\u00e1 \u2013 RJ: Candidatos s\u00e3o convocados para o Curso de Forma\u00e7\u00e3o!"},"content":{"rendered":"<p>Os candidatos do\u00a0concurso\u00a0<strong>Guarda de Maric\u00e1 \u2013 RJ<\/strong>, j\u00e1 podem conferir o\u00a0<strong>resultado da primeira etapa<\/strong>\u00a0e a convoca\u00e7\u00e3o para o\u00a0<strong>curso de forma\u00e7\u00e3o<\/strong>.<\/p>\n\n\n\n<h2 class=\"wp-block-heading\" id=\"convocao-para-o-curso-de-formao-do-concurso-guarda-de-maric-\">Convoca\u00e7\u00e3o para o curso de forma\u00e7\u00e3o do concurso Guarda de Maric\u00e1 \u2013 RJ<\/h2>\n\n\n\n<p>Foram divulgados os resultados da terceira etapa do concurso Guarda de Maric\u00e1 \u2013 RJ, e as convoca\u00e7\u00f5es para a pr\u00f3xima fase. Agora,\u00a0<strong>os candidatos aprovados ir\u00e3o realizar a Investiga\u00e7\u00e3o e o Curso de Forma\u00e7\u00e3o Profissional (CFP)<\/strong>.<\/p>\n\n\n\n<p>Um total de 470 candidatos foram habilitados nas tr\u00eas primeiras avalia\u00e7\u00f5es do certame,\u00a0<strong>mas nem todos s\u00e3o convocados para o curso de forma\u00e7\u00e3o<\/strong>.<\/p>\n\n\n\n<p>A terceira etapa da sele\u00e7\u00e3o compreendeu os\u00a0<strong>exames m\u00e9dicos e psicot\u00e9cnico<\/strong>, os participantes que foram\u00a0<strong>reprovados est\u00e3o automaticamente eliminados do concurso<\/strong>.<\/p>\n\n\n\n<p>De acordo com informa\u00e7\u00f5es do edital, o certame \u00e9 composto por duas fases.\u00a0<strong>A primeira fase, compreendeu tr\u00eas avalia\u00e7\u00f5es:<\/strong>\u00a0prova objetiva, teste f\u00edsico e exames m\u00e9dico e psicot\u00e9cnico.<\/p>\n\n\n\n<p>Agora, os candidatos que foram aprovados em todas essas etapas e mais bem classificados\u00a0<strong>seguem para a segunda fase<\/strong>, que ser\u00e1 composta por\u00a0<strong>investiga\u00e7\u00e3o social e curso de forma\u00e7\u00e3o<\/strong>.<\/p>\n\n\n\n<p>Um total de\u00a0<strong>300 participantes<\/strong>\u00a0est\u00e3o sendo convocados para realizar a matr\u00edcula no curso. O processo ser\u00e1 entre os dias\u00a0<strong>10 e 12 de mar\u00e7o de 2020<\/strong>, na\u00a0<strong>Universidade de Vassouras, campus Maric\u00e1<\/strong>.<\/p>\n\n\n\n<p>Cada concorrente deve\u00a0<strong>consultar na convoca\u00e7\u00e3o a escala de dia e hor\u00e1rio para se apresentar<\/strong>. Ser\u00e1 necess\u00e1rio levar os seguintes documentos:<\/p>\n\n\n\n<ul class=\"wp-block-list\"><li>Original e fotoc\u00f3pia do documento de identidade;<\/li>\n\n\n\n<li>Original e fotoc\u00f3pia do Cadastro de Pessoa F\u00edsica \u2013 CPF;<\/li>\n\n\n\n<li>Original e fotoc\u00f3pia de comprovante de resid\u00eancia;<\/li>\n\n\n\n<li>2 fotografias 3\u00d74 recentes.<\/li>\n<\/ul><p>O question\u00e1rio de\u00a0<strong>Informa\u00e7\u00f5es Confidenciais para a Investiga\u00e7\u00e3o Social<\/strong>\u00a0ser\u00e1 entregue aos candidatos durante a fase inicial do\u00a0<strong>Curso de Forma\u00e7\u00e3o<\/strong>, juntamente com as instru\u00e7\u00f5es para o preenchimento e o prazo para a sua devolu\u00e7\u00e3o.<\/p>\n\n\n\n<p>Os candidatos que n\u00e3o comparecerem para realizar a matr\u00edcula,\u00a0<strong>estar\u00e3o automaticamente eliminados do certame<\/strong>.<\/p>\n\n\n\n<h2 class=\"wp-block-heading\" id=\"avaliaes-da-segunda-fase-sero-eliminatrias\">Avalia\u00e7\u00f5es da segunda fase ser\u00e3o eliminat\u00f3rias<\/h2>\n\n\n\n<p>Tanto a investiga\u00e7\u00e3o social quanto o curso de forma\u00e7\u00e3o, possuem car\u00e1ter eliminat\u00f3rio. Ou seja,\u00a0<strong>o participante que for reprovado em qualquer uma das duas avalia\u00e7\u00f5es ser\u00e1 automaticamente eliminado do concurso Guarda de Maric\u00e1 \u2013 RJ<\/strong>.<\/p>\n\n\n\n<p>A investiga\u00e7\u00e3o \u00e9 de responsabilidade da Secretaria de Seguran\u00e7a, Ordem P\u00fablica e Tr\u00e2nsito do munic\u00edpio e poder\u00e1 se estender at\u00e9 a homologa\u00e7\u00e3o dos resultados. Ser\u00e3o considerados,\u00a0<strong>os antecedentes criminais e sociais do candidato e as informa\u00e7\u00f5es fornecidas no Question\u00e1rio<\/strong>.<\/p>\n\n\n\n<p>O curso de forma\u00e7\u00e3o ser\u00e1 de responsabilidade da Universidade Federal Fluminense (UFF).\u00a0<strong>As aulas ter\u00e3o dura\u00e7\u00e3o de tr\u00eas meses, e ser\u00e3o realizadas conforme o Regimento Interno do Curso<\/strong>.<\/p>","protected":false},"excerpt":{"rendered":"<p>Os candidatos do\u00a0concurso\u00a0Guarda de Maric\u00e1 \u2013 RJ, j\u00e1 podem conferir o\u00a0resultado da primeira etapa\u00a0e a convoca\u00e7\u00e3o para o\u00a0curso de forma\u00e7\u00e3o. Convoca\u00e7\u00e3o para o curso de forma\u00e7\u00e3o do concurso Guarda de Maric\u00e1 \u2013 RJ Foram divulgados os resultados da terceira etapa do concurso Guarda de Maric\u00e1 \u2013 RJ, e as convoca\u00e7\u00f5es para a pr\u00f3xima fase. Agora,\u00a0os [&hellip;]<\/p>\n","protected":false},"author":46247,"featured_media":0,"comment_status":"closed","ping_status":"closed","sticky":false,"template":"","format":"standard","meta":{"_acf_changed":false,"footnotes":"","_wp_rev_ctl_limit":""},"categories":[228],"tags":[],"class_list":["post-239639","post","type-post","status-publish","format-standard","hentry","category-noticias"],"acf":[],"_links":{"self":[{"href":"https:\/\/www.novaconcursos.com.br\/portal\/wp-json\/wp\/v2\/posts\/239639","targetHints":{"allow":["GET"]}}],"collection":[{"href":"https:\/\/www.novaconcursos.com.br\/portal\/wp-json\/wp\/v2\/posts"}],"about":[{"href":"https:\/\/www.novaconcursos.com.br\/portal\/wp-json\/wp\/v2\/types\/post"}],"author":[{"embeddable":true,"href":"https:\/\/www.novaconcursos.com.br\/portal\/wp-json\/wp\/v2\/users\/46247"}],"replies":[{"embeddable":true,"href":"https:\/\/www.novaconcursos.com.br\/portal\/wp-json\/wp\/v2\/comments?post=239639"}],"version-history":[{"count":1,"href":"https:\/\/www.novaconcursos.com.br\/portal\/wp-json\/wp\/v2\/posts\/239639\/revisions"}],"predecessor-version":[{"id":239640,"href":"https:\/\/www.novaconcursos.com.br\/portal\/wp-json\/wp\/v2\/posts\/239639\/revisions\/239640"}],"wp:attachment":[{"href":"https:\/\/www.novaconcursos.com.br\/portal\/wp-json\/wp\/v2\/media?parent=239639"}],"wp:term":[{"taxonomy":"category","embeddable":true,"href":"https:\/\/www.novaconcursos.com.br\/portal\/wp-json\/wp\/v2\/categories?post=239639"},{"taxonomy":"post_tag","embeddable":true,"href":"https:\/\/www.novaconcursos.com.br\/portal\/wp-json\/wp\/v2\/tags?post=239639"}],"curies":[{"name":"wp","href":"https:\/\/api.w.org\/{rel}","templated":true}]}}