{"id":240049,"date":"2024-06-20T11:45:58","date_gmt":"2024-06-20T14:45:58","guid":{"rendered":"https:\/\/www.novaconcursos.com.br\/portal\/?p=240049"},"modified":"2025-04-03T14:28:31","modified_gmt":"2025-04-03T17:28:31","slug":"saiu-o-edital-semed-palmas-to-3435-vagas","status":"publish","type":"post","link":"https:\/\/www.novaconcursos.com.br\/portal\/noticias\/saiu-o-edital-semed-palmas-to-3435-vagas\/","title":{"rendered":"Saiu o edital Semed Palmas: 3.435 vagas e at\u00e9 R$ 6,5 mil!"},"content":{"rendered":"<p>Ap\u00f3s 11 anos, um novo <a href=\"https:\/\/www.novaconcursos.com.br\/portal\/concursos\/semed-palmas-to\/\">concurso Semed Palmas TO<\/a> foi publicado! <\/p>\n\n\n\n<p>Com mais de 3 mil vagas entre imediatas e cadastro reserva, o certame oferta vagas para<strong> n\u00edveis m\u00e9dio e superior, <\/strong>para os cargos de Professor, Analista Educacional, T\u00e9cnico Administrativo, diversas \u00e1reas. <\/p>\n\n\n\n<p>Continue comigo para saber todos os detalhes, inscri\u00e7\u00e3o, etapas de sele\u00e7\u00e3o e material de estudo para o novo <em>concurso Semed Palmas! <\/em><\/p>\n\n\n\n<h2 class=\"wp-block-heading\" id=\"resumo-do-edital-\">Resumo do edital <\/h2>\n\n\n\n<p>Vagas: 2.258 + 1.177 CR<br>Escolaridade: n\u00edveis m\u00e9dio e superior<br>Sal\u00e1rio: R$ 1.711,09 at\u00e9 R$ 6.532,91 <br>Per\u00edodo de inscri\u00e7\u00e3o: 08 a 25\/07\/2024<br>Taxa de inscri\u00e7\u00e3o: R$ 140,00 e R$ 190,00<br>Prova: 01\/09\/2024<br>Banca: UFT<\/p>\n\n\n\n<p><a href=\"https:\/\/docs.uft.edu.br\/s\/uIhjOy2dRa6-lu5DUO4jNA\" target=\"_blank\" rel=\"noreferrer noopener\">Baixe o edital<\/a><\/p>\n\n\n\n<h2 class=\"wp-block-heading\" id=\"quando-vai-ter-concurso-pblico-em-palmas-\">Quando vai ter concurso p\u00fablico em Palmas? <\/h2>\n\n\n\n<p>Os concurseiros da regi\u00e3o Norte do pa\u00eds podem comemorar! <\/p>\n\n\n\n<p>A <a href=\"https:\/\/www.palmas.to.gov.br\/\" target=\"_blank\" rel=\"noreferrer noopener\">Prefeitura de Palmas (TO),<\/a> publicou nesta quinta-feira, 20 de junho, um novo concurso para <strong>profissinais da educa\u00e7\u00e3o. <\/strong><\/p>\n\n\n\n<p>No geral, s\u00e3o 3.435 vagas, sendo: <\/p>\n\n\n\n<p><em>N\u00edvel m\u00e9dio: 770 imediatas + 380 CR <\/em><\/p>\n\n\n\n<p><em>N\u00edvel superior: 1.488 imeditas + 797 cadastro reserva <\/em><\/p>\n\n\n\n<p>Estude para o concurso dos seus sonhos com o\u00a0M\u00e9todo que j\u00e1 ajudou na\u00a0aprova\u00e7\u00e3o de mais de 70 mil alunos!\u00a0<a href=\"https:\/\/aprovacao.novaconcursos.com.br\/assinatura?promo_creative=Clique+aqui&amp;promo_name=noticia&amp;promo_id=%2Fportal%2Fnoticias%2Fcgu-encaminha-novo-pedido-de-edital-com-550-vagas&amp;promo_position=corpo-texto\" target=\"_blank\" rel=\"noreferrer noopener\">Clique aqui<\/a> e saiba mais!<\/p>\n\n\n\n<h3 class=\"wp-block-heading\">Semed Palmas: quais os cargos? <\/h3>\n\n\n\n<p>Sob responsabilidade do Instituto 20 de Maio de Ensino, Ci\u00eancia e Tecnologia, executado pela Coordena\u00e7\u00e3o de Desenvolvimento Estrat\u00e9gico (COPESE\/CDE\/PROGRAD) da <a href=\"http:\/\/www.copese.uft.edu.br\/\" target=\"_blank\" rel=\"noreferrer noopener\">Funda\u00e7\u00e3o Universidade Federal do Tocantins (UFT)<\/a>, o edital oferta uma ampla oportunidade para os seguintes cargos: <\/p>\n\n\n\n<p><strong>N\u00edvel m\u00e9dio <\/strong><\/p>\n\n\n\n<ul class=\"wp-block-list\"><li>T\u00e9cnico Administrativo Educacional (450 vagas), \n<ul class=\"wp-block-list\"><li>Monitor de Educa\u00e7\u00e3o Infantil (700). <\/li>\n<\/ul><\/li>\n<\/ul><p>Remunera\u00e7\u00e3o inicial: R$ 1.711,09<\/p>\n\n\n\n<p><strong>N\u00edvel superior <\/strong><\/p>\n\n\n\n<ul class=\"wp-block-list\"><li>Professor \n<ul class=\"wp-block-list\"><li>L\u00edngua Portguesa (130 vagas), <\/li>\n\n\n\n<li>Matem\u00e1tica (90); <\/li>\n\n\n\n<li>L\u00edngua Inglesa (50);<\/li>\n\n\n\n<li>Ci\u00eancias F\u00edsica Biol\u00f3gica (50);<\/li>\n\n\n\n<li>Libras (20 vagas);<\/li>\n\n\n\n<li>Hist\u00f3ria (40);<\/li>\n\n\n\n<li>Geografia (40); <\/li>\n\n\n\n<li>Educa\u00e7\u00e3o F\u00edsica (160 vagas); <\/li>\n\n\n\n<li>M\u00fasica (40); <\/li>\n\n\n\n<li>Artes C\u00eanicas (15); <\/li>\n\n\n\n<li>Artes Visuais (15); <\/li>\n<\/ul><\/li>\n\n\n\n<li>Supervisor Pedag\u00f3gico (70 vagas); <\/li>\n\n\n\n<li>Orientador Educacional (70); <\/li>\n\n\n\n<li>Professor do Ensino Fundamental I\n<ul class=\"wp-block-list\"><li>Educa\u00e7\u00e3o infantil e S\u00e9ries Iniciais (1.402 vagas); <\/li>\n<\/ul><\/li>\n\n\n\n<li>Analista Educacional\n<ul class=\"wp-block-list\"><li>Nutricionista (13); <\/li>\n\n\n\n<li>Psic\u00f3logo (40); <\/li>\n\n\n\n<li>Assistente Social (40 vaags). <\/li>\n<\/ul><\/li>\n<\/ul><p>O vencimento b\u00e1sico inicial \u00e9 de R$ 4.420,55 + complementa\u00e7\u00e3o do vencimento, execto, para o cargo de Analista Educacional (todas as \u00e1reas), cujo sal\u00e1rio \u00e9 de <strong>R$ 6.532,91. <\/strong><\/p>\n\n\n\n<p>Ambos os postos, cumprem uma jornada de 40h semanais. <\/p>\n\n\n\n<h3 class=\"wp-block-heading\">Requisitos b\u00e1sicos concurso Semed Palmas<\/h3>\n\n\n\n<p>No mais, para ingresso e posse no cargo requerido, al\u00e9m de comprovar a forma\u00e7\u00e3o de escolaridade exigida, de acordo com a \u00e1rea, seja o <strong>diploma de gradua\u00e7\u00e3o<\/strong> de n\u00edvel m\u00e9dio ou superior, os candidatos devem ainda atender as seguintes exig\u00eancias: <\/p>\n\n\n\n<ul class=\"wp-block-list\"><li>Estar em gozo dos direitos pol\u00edticos. <\/li>\n\n\n\n<li>Estar quite com as obriga\u00e7\u00f5es militares, em caso de candidato do sexo masculino e quite com as obriga\u00e7\u00f5es eleitorais. <\/li>\n\n\n\n<li>Ter idade m\u00ednima de dezoito anos completos na data da posse. <\/li>\n\n\n\n<li>N\u00e3o ser aposentado por invalidez por qualquer regime de previd\u00eancia. <\/li>\n\n\n\n<li>N\u00e3o possuir, contra si, senten\u00e7a criminal condenat\u00f3ria que impe\u00e7a o exerc\u00edcio das atividades inerentes ao cargo. <\/li>\n\n\n\n<li>Firmar declara\u00e7\u00e3o de n\u00e3o estar cumprindo san\u00e7\u00e3o por inidoneidade, aplicada por qualquer \u00f3rg\u00e3o p\u00fablico ou entidade da esfera federal, estadual ou municipal. <\/li>\n<\/ul><p><\/p>\n\n\n\n<h2 class=\"wp-block-heading\" id=\"semed-palmas-etapas-de-seleo-\">Semed Palmas: Etapas de sele\u00e7\u00e3o <\/h2>\n\n\n\n<p>Assim sendo, os candidatos inscritos no concurso da <a href=\"http:\/\/semed.palmas.to.gov.br\/sige\/default.php\" target=\"_blank\" rel=\"noreferrer noopener\">Secretaria de Educa\u00e7\u00e3o Municipal de Palmas<\/a>, ser\u00e3o avaliados de acordo com o cargo e n\u00edvel de escolaridade inscrito,sendo: <\/p>\n\n\n\n<h3 class=\"wp-block-heading\">Cargos de n\u00edvel m\u00e9dio<\/h3>\n\n\n\n<ul class=\"wp-block-list\"><li>Etapa \u00fanica: prova objetiva de conhecimento, de car\u00e1ter classificat\u00f3rio e eliminat\u00f3rio. <\/li>\n<\/ul><h3 class=\"wp-block-heading\">Cargos de n\u00edvel superior <\/h3>\n\n\n\n<ul class=\"wp-block-list\"><li>Analista Educacional \n<ul class=\"wp-block-list\"><li>1\u00aa etapa: prova objetiva de conhecimento, de car\u00e1ter classificat\u00f3rio e eliminat\u00f3rio. <\/li>\n\n\n\n<li>2\u00aa etapa: an\u00e1lise de t\u00edtulos, de car\u00e1ter classificat\u00f3rio. <\/li>\n<\/ul><\/li>\n\n\n\n<li>Professor, Orientador Educacional e Supervisor Pedag\u00f3gico\n<ul class=\"wp-block-list\"><li>1\u00aa etapa: prova objetiva e discursiva, de car\u00e1ter classificat\u00f3rio e eliminat\u00f3rio. <\/li>\n\n\n\n<li>2\u00aa etapa: an\u00e1lise de t\u00edtulos, de car\u00e1ter classificat\u00f3rio. <\/li>\n<\/ul><\/li>\n<\/ul><p>A prova objetiva de conhecimento (PO), destinada para todos os cargos, ser\u00e1 constitu\u00edda de <strong>40 quest\u00f5es <\/strong>de m\u00faltipla escolha, agrupadas em \u00e1reas: <\/p>\n\n\n\n<p><strong>Conhecimentos gerais <\/strong><\/p>\n\n\n\n<ul class=\"wp-block-list\"><li>L\u00edngua Portuguesa: 10 quest\u00f5es, <\/li>\n\n\n\n<li>Hist\u00f3ria e Geografia do Tocantins: 5; <\/li>\n\n\n\n<li>Legisla\u00e7\u00e3o Pertinente ao Munic\u00edpio de Palmas\/TO: 5; e <\/li>\n\n\n\n<li>Legisla\u00e7\u00e3o Educacional: 5<\/li>\n<\/ul><p><strong>Conhecimentos espec\u00edficos <\/strong><\/p>\n\n\n\n<ul class=\"wp-block-list\"><li>15 quest\u00f5es <\/li>\n<\/ul><p>No total, o conjunto da prova objetiva valer\u00e1 100 pontos, sendo <strong>reprovado e eliminado<\/strong>, o candidato que se enquadrar em pelo menos um dos itens a seguir: <\/p>\n\n\n\n<p><em>Obtiver menos de 12 acertos (quest\u00f5es) na \u00e1rea de Conhecimentos Gerais, <\/em><br><em>Menos de 7 acertos (quest\u00f5es) na \u00e1rea de Conhecimentos Espec\u00edficos;<\/em><br><em>N\u00e3o obtiver pelo menos 1 acerto (quest\u00e3o) em cada uma das sub\u00e1reas  de Conhecimentos Gerais;<\/em><br><em>Obtiver nota inferior a 40 (quarenta) pontos na Prova Discursiva, nos cargos que se aplicam. <\/em><\/p>\n\n\n\n<ul class=\"wp-block-list\"><li><strong>Adquira:<\/strong> <a href=\"https:\/\/www.novaconcursos.com.br\/curso-online\/curso-semed-palmas-to-professor-do-ensino-fundamental-i\">Concurso Semed Palmas \u2013 Curso Online Professor do Ensino Fundamental I<\/a><\/li>\n\n\n\n<li><strong>Adquira:<\/strong> <a href=\"https:\/\/www.novaconcursos.com.br\/curso-online\/curso-semed-palmas-to-tecnico-administrativo-educacional\">Concurso Semed Palmas  \u2013 Curso Online T\u00e9cnico Administrativo Educacional<\/a><\/li>\n<\/ul><p>Por fim, a <strong>prova objetiva<\/strong>, bem como a discursiva, ser\u00e1 aplicada no dia <strong>1\u00ba de setembro de 2024<\/strong>, no seguintes hor\u00e1rios: <\/p>\n\n\n\n<ul class=\"wp-block-list\"><li>Matutino (4h de dura\u00e7\u00e3o)\n<ul class=\"wp-block-list\"><li>In\u00edcio: 8h10<\/li>\n\n\n\n<li>Todos os cargos de n\u00edvel m\u00e9dio<\/li>\n<\/ul><\/li>\n<\/ul><ul class=\"wp-block-list\"><li>Vespertino (5 horas)\n<ul class=\"wp-block-list\"><li>In\u00edcio: 14h40<\/li>\n\n\n\n<li>Professsor, Orientador Educacional e Supervisor Pedag\u00f3gico<\/li>\n<\/ul><\/li>\n<\/ul><ul class=\"wp-block-list\"><li>Vespertino (4h de dura\u00e7\u00e3o)\n<ul class=\"wp-block-list\"><li>In\u00edcio: 14h40<\/li>\n\n\n\n<li>Analista Educacional <\/li>\n<\/ul><\/li>\n<\/ul><h2 class=\"wp-block-heading\" id=\"como-fazer-inscrio-para-o-concurso-prefeitura-de-palmas-\">Como fazer inscri\u00e7\u00e3o para o concurso Prefeitura de Palmas? <\/h2>\n\n\n\n<p>Os interessados no concurso da Secretaria de Educa\u00e7\u00e3o (Semed Palmas TO), devem se atentar ao prazo de inscri\u00e7\u00e3o que come\u00e7a \u00e0s<strong> 10 horas do dia 8 de julho at\u00e9 \u00e0s 17 horas do dia 25 de julho de 2024<\/strong> (cronograma). <\/p>\n\n\n\n<p>Sendo necess\u00e1rio para homloga\u00e7\u00e3o da inscri\u00e7\u00e3o, o pagamento de uma taxa referente ao n\u00edvel de escolaridade inscrito: <\/p>\n\n\n\n<p>N\u00edvel M\u00e9dio \u2013 R$ 140,00<br>N\u00edvel Superior \u2013 R$ 190,00 <\/p>\n\n\n\n<p>O <strong>pagamento da taxa <\/strong>deve ser pago impreterivelmente at\u00e9 o dia a 26 de julho de 2024. <\/p>\n\n\n\n<p>Haver\u00e1 isen\u00e7\u00e3o da taxa de inscri\u00e7\u00e3o, para os candidatos que comprovarem, ser doadores volunt\u00e1rios de sangue ou que inscritos no Cadastro \u00danico para Programas Sociais do Governo Federal \u2013 Cad\u00danico. <\/p>\n\n\n\n<p>No mais, para se candidatar ao certame de<strong> Palmas Educa\u00e7\u00e3o 2024<\/strong>, o interessado deve <a href=\"http:\/\/selecao.uft.edu.br\/externo\/palmas_educacao2024\/?option=com_candidato\" target=\"_blank\" rel=\"noreferrer noopener\">acessar este site<\/a>, da banca organizadora. <\/p>\n\n\n\n<p><a href=\"https:\/\/docs.uft.edu.br\/s\/uIhjOy2dRa6-lu5DUO4jNA\" target=\"_blank\" rel=\"noreferrer noopener\">Clique aqui <\/a>e confira mais detalhes do edital<\/p>\n\n\n\n<p><\/p>\n\n\n\n<p><\/p>","protected":false},"excerpt":{"rendered":"<p>Ap\u00f3s 11 anos, um novo concurso Semed Palmas TO foi publicado! Com mais de 3 mil vagas entre imediatas e cadastro reserva, o certame oferta vagas para n\u00edveis m\u00e9dio e superior, para os cargos de Professor, Analista Educacional, T\u00e9cnico Administrativo, diversas \u00e1reas. Continue comigo para saber todos os detalhes, inscri\u00e7\u00e3o, etapas de sele\u00e7\u00e3o e material [&hellip;]<\/p>\n","protected":false},"author":54664,"featured_media":240074,"comment_status":"closed","ping_status":"closed","sticky":false,"template":"","format":"standard","meta":{"_acf_changed":false,"footnotes":"","_wp_rev_ctl_limit":""},"categories":[228],"tags":[],"class_list":["post-240049","post","type-post","status-publish","format-standard","has-post-thumbnail","hentry","category-noticias"],"acf":[],"_links":{"self":[{"href":"https:\/\/www.novaconcursos.com.br\/portal\/wp-json\/wp\/v2\/posts\/240049","targetHints":{"allow":["GET"]}}],"collection":[{"href":"https:\/\/www.novaconcursos.com.br\/portal\/wp-json\/wp\/v2\/posts"}],"about":[{"href":"https:\/\/www.novaconcursos.com.br\/portal\/wp-json\/wp\/v2\/types\/post"}],"author":[{"embeddable":true,"href":"https:\/\/www.novaconcursos.com.br\/portal\/wp-json\/wp\/v2\/users\/54664"}],"replies":[{"embeddable":true,"href":"https:\/\/www.novaconcursos.com.br\/portal\/wp-json\/wp\/v2\/comments?post=240049"}],"version-history":[{"count":65,"href":"https:\/\/www.novaconcursos.com.br\/portal\/wp-json\/wp\/v2\/posts\/240049\/revisions"}],"predecessor-version":[{"id":277761,"href":"https:\/\/www.novaconcursos.com.br\/portal\/wp-json\/wp\/v2\/posts\/240049\/revisions\/277761"}],"wp:featuredmedia":[{"embeddable":true,"href":"https:\/\/www.novaconcursos.com.br\/portal\/wp-json\/wp\/v2\/media\/240074"}],"wp:attachment":[{"href":"https:\/\/www.novaconcursos.com.br\/portal\/wp-json\/wp\/v2\/media?parent=240049"}],"wp:term":[{"taxonomy":"category","embeddable":true,"href":"https:\/\/www.novaconcursos.com.br\/portal\/wp-json\/wp\/v2\/categories?post=240049"},{"taxonomy":"post_tag","embeddable":true,"href":"https:\/\/www.novaconcursos.com.br\/portal\/wp-json\/wp\/v2\/tags?post=240049"}],"curies":[{"name":"wp","href":"https:\/\/api.w.org\/{rel}","templated":true}]}}