{"id":240061,"date":"2020-01-15T10:20:00","date_gmt":"2020-01-15T13:20:00","guid":{"rendered":"https:\/\/www.novaconcursos.com.br\/portal\/?p=240061"},"modified":"2024-06-20T10:22:15","modified_gmt":"2024-06-20T13:22:15","slug":"concurso-policia-penal-rn-governadora-sanciona-lei-de-criacao-do-cargo","status":"publish","type":"post","link":"https:\/\/www.novaconcursos.com.br\/portal\/noticias\/concurso-policia-penal-rn-governadora-sanciona-lei-de-criacao-do-cargo\/","title":{"rendered":"Concurso Pol\u00edcia Penal \u2013 RN: Governadora sanciona lei de cria\u00e7\u00e3o do cargo!"},"content":{"rendered":"<p>Foi\u00a0sancionado\u00a0pela governadora do Rio Grande do Norte, F\u00e1tima Bezerra, a\u00a0<strong>lei que cria a carreira<\/strong>\u00a0do\u00a0concurso\u00a0<strong>Pol\u00edcia Penal \u2013 RN<\/strong>.<\/p>\n\n\n\n<h2 class=\"wp-block-heading\" id=\"criao-do-cargo-no-concurso-polcia-penal-rn\">Cria\u00e7\u00e3o do cargo no concurso Pol\u00edcia Penal \u2013 RN<\/h2>\n\n\n\n<p><strong>J\u00e1 est\u00e1 garantido por lei, o pr\u00f3ximo concurso Pol\u00edcia Penal \u2013 RN<\/strong>. A governadora do Rio Grande do Norte, F\u00e1tima Bezerra,\u00a0<strong>sancionou a lei de cria\u00e7\u00e3o da carreira de policial penal<\/strong>, substituindo assim o cargo de\u00a0<strong>Agente Penitenci\u00e1rio<\/strong>.<\/p>\n\n\n\n<p>Mediante a cria\u00e7\u00e3o do cargo,\u00a0<strong>a Pol\u00edcia Penal do Rio Grande do Norte passa a contar com a sua pr\u00f3pria estrutura<\/strong>, estando diretamente ligada \u00e0 Secretaria de Estado da Administra\u00e7\u00e3o Penitenci\u00e1ria (Seap RN). A carreira ir\u00e1 contar com\u00a0<strong>13 n\u00edveis<\/strong>.<\/p>\n\n\n\n<p>Dessa maneira,\u00a0<strong>os candidatos aprovados em um futuro concurso Pol\u00edcia Penal \u2013 RN ir\u00e3o receber um sal\u00e1rio inicial de R$ 3.405,76<\/strong>. Entretanto, no m\u00eas de\u00a0<strong>mar\u00e7o de 2022<\/strong>, este valor ser\u00e1 de\u00a0<strong>R$ 3.973,50<\/strong>. Ap\u00f3s mais de\u00a0<strong>25 anos<\/strong>\u00a0no cargo, o valor final chegar\u00e1 a\u00a0<strong>R$ 13.455,68<\/strong>.<\/p>\n\n\n\n<p><strong>Compete aos ocupantes do cargo de policial penal<\/strong>, o exerc\u00edcio das atividades de atendimento, vigil\u00e2ncia, cust\u00f3dia, guarda, escolta, assist\u00eancia e orienta\u00e7\u00e3o de pessoas recolhidas aos estabelecimentos penais e de internamento, integrantes da estrutura da Seap, assim como as atividades de natureza t\u00e9cnico, administrativa e de apoio.<\/p>\n\n\n\n<p>O\u00a0<strong>regime de trabalho<\/strong>\u00a0dos policiais penais do Rio Grande do Norte, ser\u00e1 de\u00a0<strong>160 horas mensais<\/strong>. A escala de plant\u00e3o ser\u00e1 de\u00a0<strong>24 horas<\/strong>\u00a0de trabalho por\u00a0<strong>72 horas<\/strong>\u00a0de folga, observando os intervalos para alimenta\u00e7\u00e3o e repouso. O policial penal ainda far\u00e1 jus a um plant\u00e3o de folga a cada m\u00eas, para compensar as horas excedentes.<\/p>\n\n\n\n<p>A\u00a0<strong>forma de ingresso<\/strong>\u00a0segue sendo por meio do\u00a0<strong>concurso Pol\u00edcia Penal \u2013 RN<\/strong>. Para isso, ser\u00e1 exigido que o candidato tenha o\u00a0<strong>n\u00edvel superior em qualquer \u00e1rea de forma\u00e7\u00e3o<\/strong>.<\/p>\n\n\n\n<p>No m\u00eas de dezembro de 2019,\u00a0<strong>o Congresso Nacional promulgou a Emenda Constitucional (EC) 104, que cria a Pol\u00edcia Penal<\/strong>. \u00c9 de responsabilidade do \u00f3rg\u00e3o, a seguran\u00e7a do sistema prisional federal, estadual e do Distrito Federal. O cargo de Agente Penitenci\u00e1rio e seus respectivos concursos ser\u00e3o diretamente impactados.<\/p>\n\n\n\n<p>Pelo texto,\u00a0<strong>os quadros da Pol\u00edcia Penal ser\u00e3o compostos pela transforma\u00e7\u00e3o do cargo de Agente Penitenci\u00e1rio e equivalentes (prisional)<\/strong>, al\u00e9m da realiza\u00e7\u00e3o de concursos p\u00fablicos. Com a transforma\u00e7\u00e3o em carreira policial, os agentes ser\u00e3o esquipados aos membros das demais pol\u00edcias brasileiras, mas com atribui\u00e7\u00f5es espec\u00edficas, que ser\u00e3o asseguradas em lei.<\/p>\n\n\n\n<p><strong>Os policiais ser\u00e3o vinculados tanto \u00e0 Uni\u00e3o, no caso da Pol\u00edcia Penal Federal, quanto aos estados, no caso das estaduais e distrital<\/strong>. No Distrito Federal, a corpora\u00e7\u00e3o ser\u00e1 sustentada por recursos da Uni\u00e3o, embora subordinadas ao governador.<\/p>\n\n\n\n<p>O Departamento Penitenci\u00e1rio Nacional (DEPEN), \u00f3rg\u00e3o do Minist\u00e9rio da Justi\u00e7a,<strong>\u00a0avalia que a cria\u00e7\u00e3o da Pol\u00edcia Penal traz diversos benef\u00edcios para a seguran\u00e7a p\u00fablica<\/strong>. As principais mudan\u00e7as nos concursos com a Pol\u00edcia Penal, ser\u00e3o:<\/p>\n\n\n\n<ul class=\"wp-block-list\"><li>Transforma\u00e7\u00e3o dos cargos de agente penitenci\u00e1rio em pol\u00edcia penal;<\/li>\n\n\n\n<li>Equipara\u00e7\u00e3o dos agentes penitenci\u00e1rios aos policiais (poder de investiga\u00e7\u00e3o, sal\u00e1rios e benef\u00edcios);<\/li>\n\n\n\n<li>Seguran\u00e7a dos estabelecimentos penais e escolta de presos (liberando a PC e PM dessas atividades).<\/li>\n<\/ul><p>De acordo com a Ag\u00eancia C\u00e2mara,\u00a0<strong>o Congresso Nacional dever\u00e1 analisar um projeto de lei para regulamentar a Pol\u00edcia Penal em \u00e2mbito federal<\/strong>. No m\u00eas de novembro de 2019, o DEPEN instituiu um grupo de trabalho para elaborar a proposta. O trabalho dever\u00e1 servir de modelo para as leis nos estados e no Distrito Federal.<\/p>\n\n\n\n<h2 class=\"wp-block-heading\" id=\"ltimo-concurso-agente-penitencirio-rn\">\u00daltimo concurso Agente Penitenci\u00e1rio RN<\/h2>\n\n\n\n<p>O\u00a0<strong>\u00faltimo<\/strong>\u00a0concurso Agente Penitenci\u00e1rio RN, teve seu\u00a0<strong>edital<\/strong>\u00a0publicado no ano de\u00a0<strong>2017<\/strong>. Na ocasi\u00e3o, foram ofertadas<strong>\u00a0571 vagas<\/strong>. Deste total,\u00a0<strong>451 vagas<\/strong>\u00a0foram destinadas a homens e\u00a0<strong>120 vagas<\/strong>\u00a0para as mulheres.<\/p>\n\n\n\n<p>A\u00a0<strong>banca organizadora<\/strong>\u00a0respons\u00e1vel pela execu\u00e7\u00e3o do certame, foi o\u00a0<strong>IDECAN<\/strong>\u00a0(Instituto de Desenvolvimento Educacional, Cultural e Assistencial Nacional). De acordo com a banca, foram registradas\u00a0<strong>14.050 inscri\u00e7\u00f5es<\/strong>.<\/p>\n\n\n\n<p>Para as\u00a0<strong>451 vagas<\/strong>\u00a0destinadas aos candidatos do sexo masculino, foram registradas\u00a0<strong>9.291 inscri\u00e7\u00f5es<\/strong>. J\u00e1 as outras\u00a0<strong>120 vagas<\/strong>\u00a0para o sexo feminino, o registro foi de\u00a0<strong>4.759 inscri\u00e7\u00f5es<\/strong>.<\/p>\n\n\n\n<p><strong>Os candidatos foram avaliados por meio de<\/strong>\u00a0provas objetivas, teste de aptid\u00e3o f\u00edsica (TAF), avalia\u00e7\u00e3o de aptid\u00e3o psicol\u00f3gica vocacionada, exame toxicol\u00f3gico, investiga\u00e7\u00e3o social e curso de forma\u00e7\u00e3o. Com a cria\u00e7\u00e3o da Pol\u00edcia Penal,\u00a0<strong>o cargo de agente penitenci\u00e1rio ser\u00e1 substitu\u00eddo pelo de policial penal<\/strong>.<\/p>","protected":false},"excerpt":{"rendered":"<p>Foi\u00a0sancionado\u00a0pela governadora do Rio Grande do Norte, F\u00e1tima Bezerra, a\u00a0lei que cria a carreira\u00a0do\u00a0concurso\u00a0Pol\u00edcia Penal \u2013 RN. Cria\u00e7\u00e3o do cargo no concurso Pol\u00edcia Penal \u2013 RN J\u00e1 est\u00e1 garantido por lei, o pr\u00f3ximo concurso Pol\u00edcia Penal \u2013 RN. A governadora do Rio Grande do Norte, F\u00e1tima Bezerra,\u00a0sancionou a lei de cria\u00e7\u00e3o da carreira de policial [&hellip;]<\/p>\n","protected":false},"author":16,"featured_media":0,"comment_status":"closed","ping_status":"closed","sticky":false,"template":"","format":"standard","meta":{"_acf_changed":false,"footnotes":"","_wp_rev_ctl_limit":""},"categories":[228],"tags":[],"class_list":["post-240061","post","type-post","status-publish","format-standard","hentry","category-noticias"],"acf":[],"_links":{"self":[{"href":"https:\/\/www.novaconcursos.com.br\/portal\/wp-json\/wp\/v2\/posts\/240061","targetHints":{"allow":["GET"]}}],"collection":[{"href":"https:\/\/www.novaconcursos.com.br\/portal\/wp-json\/wp\/v2\/posts"}],"about":[{"href":"https:\/\/www.novaconcursos.com.br\/portal\/wp-json\/wp\/v2\/types\/post"}],"author":[{"embeddable":true,"href":"https:\/\/www.novaconcursos.com.br\/portal\/wp-json\/wp\/v2\/users\/16"}],"replies":[{"embeddable":true,"href":"https:\/\/www.novaconcursos.com.br\/portal\/wp-json\/wp\/v2\/comments?post=240061"}],"version-history":[{"count":1,"href":"https:\/\/www.novaconcursos.com.br\/portal\/wp-json\/wp\/v2\/posts\/240061\/revisions"}],"predecessor-version":[{"id":240062,"href":"https:\/\/www.novaconcursos.com.br\/portal\/wp-json\/wp\/v2\/posts\/240061\/revisions\/240062"}],"wp:attachment":[{"href":"https:\/\/www.novaconcursos.com.br\/portal\/wp-json\/wp\/v2\/media?parent=240061"}],"wp:term":[{"taxonomy":"category","embeddable":true,"href":"https:\/\/www.novaconcursos.com.br\/portal\/wp-json\/wp\/v2\/categories?post=240061"},{"taxonomy":"post_tag","embeddable":true,"href":"https:\/\/www.novaconcursos.com.br\/portal\/wp-json\/wp\/v2\/tags?post=240061"}],"curies":[{"name":"wp","href":"https:\/\/api.w.org\/{rel}","templated":true}]}}