{"id":240793,"date":"2024-06-24T14:39:09","date_gmt":"2024-06-24T17:39:09","guid":{"rendered":"https:\/\/www.novaconcursos.com.br\/portal\/?p=240793"},"modified":"2024-06-24T14:50:55","modified_gmt":"2024-06-24T17:50:55","slug":"trf2-saiba-quais-sao-os-locais-e-horario-de-prova","status":"publish","type":"post","link":"https:\/\/www.novaconcursos.com.br\/portal\/noticias\/trf2-saiba-quais-sao-os-locais-e-horario-de-prova\/","title":{"rendered":"TRF2: Saiba quais s\u00e3o os locais e hor\u00e1rio de prova!"},"content":{"rendered":"<p>Aten\u00e7\u00e3o, candidatos do <a href=\"https:\/\/www.novaconcursos.com.br\/portal\/concursos\/concurso-trf-2a-regiao-rj-e-es\/\">concurso TRF2!<\/a> O Instituto AOCP divulgou o hor\u00e1rio e local de realiza\u00e7\u00e3o da <strong>prova objetiva e discursiva. <\/strong><\/p>\n\n\n\n<p>Vale destacar que a aplica\u00e7\u00e3o das mesmas est\u00e1 prevista para os dias <strong>7 e 14 de julho,<\/strong> no per\u00edodo da manh\u00e3 e tarde.<\/p>\n\n\n\n<p>Vem comigo para saber todas as informa\u00e7\u00f5es do <em>concurso TRF2<\/em> e n\u00e3o perder o hor\u00e1rio! <\/p>\n\n\n\n<h2 class=\"wp-block-heading\" id=\"quando-e-onde-ser-a-prova-do-concurso-trf2-2024-\">Quando e onde ser\u00e1 a prova do concurso TRF2 2024? <\/h2>\n\n\n\n<p>O Instituto AOCP, banca organizadora do novo concurso do <a href=\"https:\/\/www10.trf2.jus.br\/portal\/\" target=\"_blank\" rel=\"noreferrer noopener\">Tribunal Regional Federal 2\u00aa regi\u00e3o<\/a>, divulgou no dia 21 de junho, os locais e hor\u00e1rio de realiza\u00e7\u00e3o da prova. <\/p>\n\n\n\n<p>Sendo assim, com a oferta de vagas em cadastro reserva, para<strong> T\u00e9cnico e Analista Judici\u00e1rio<\/strong>, os candidatos devem atentar-se quanto a especialidade inscrita, sendo: <\/p>\n\n\n\n<p>Estude para o concurso dos seus sonhos com o\u00a0M\u00e9todo que j\u00e1 ajudou na\u00a0aprova\u00e7\u00e3o de mais de 70 mil alunos!\u00a0<a href=\"https:\/\/aprovacao.novaconcursos.com.br\/assinatura?promo_creative=Clique+aqui&amp;promo_name=noticia&amp;promo_id=%2Fportal%2Fnoticias%2Fpc-df-solicita-edital-suprir-carencia-de-servidores-iml&amp;promo_position=corpo-texto\" target=\"_blank\" rel=\"noreferrer noopener\">Clique aqui<\/a>\u00a0e saiba mais!<\/p>\n\n\n\n<h3 class=\"wp-block-heading\"><strong>07\/07\/2024 \u2013 per\u00edodo manh\u00e3 <\/strong><\/h3>\n\n\n\n<p><strong><em>Provas Objetiva e Discursiva (de Reda\u00e7\u00e3o ou de Estudo de Caso)<\/em><\/strong><\/p>\n\n\n\n<figure class=\"wp-block-image size-full\"><a href=\"https:\/\/www.novaconcursos.com.br\/portal\/wp-content\/uploads\/2024\/06\/image-7.png\"><img decoding=\"async\" width=\"585\" height=\"482\" src=\"https:\/\/www.novaconcursos.com.br\/portal\/wp-content\/uploads\/2024\/06\/image-7.png\" alt=\"\" class=\"wp-image-240817\" loading=\"lazy\" title=\"\" srcset=\"https:\/\/www.novaconcursos.com.br\/portal\/wp-content\/uploads\/2024\/06\/image-7-300x247.png 300w, https:\/\/www.novaconcursos.com.br\/portal\/wp-content\/uploads\/2024\/06\/image-7-480x395.png 480w, https:\/\/www.novaconcursos.com.br\/portal\/wp-content\/uploads\/2024\/06\/image-7.png 585w\" sizes=\"auto, (max-width: 480px) 100vw, (max-width: 768px) 100vw, (max-width: 1200px) 70vw, 768px\"><\/a><figcaption><\/figcaption><\/figure><h3 class=\"wp-block-heading\"><strong> 07\/07\/2024 \u2013 per\u00edodo tarde<\/strong><\/h3>\n\n\n\n<p><strong><em>Provas Objetiva e Discursiva (de Reda\u00e7\u00e3o)<\/em><\/strong><\/p>\n\n\n\n<figure class=\"wp-block-image size-full\"><a href=\"https:\/\/www.novaconcursos.com.br\/portal\/wp-content\/uploads\/2024\/06\/image-8.png\"><img decoding=\"async\" width=\"585\" height=\"216\" src=\"https:\/\/www.novaconcursos.com.br\/portal\/wp-content\/uploads\/2024\/06\/image-8.png\" alt=\"\" class=\"wp-image-240819\" loading=\"lazy\" title=\"\" srcset=\"https:\/\/www.novaconcursos.com.br\/portal\/wp-content\/uploads\/2024\/06\/image-8-300x111.png 300w, https:\/\/www.novaconcursos.com.br\/portal\/wp-content\/uploads\/2024\/06\/image-8-480x177.png 480w, https:\/\/www.novaconcursos.com.br\/portal\/wp-content\/uploads\/2024\/06\/image-8.png 585w\" sizes=\"auto, (max-width: 480px) 100vw, (max-width: 768px) 100vw, (max-width: 1200px) 70vw, 768px\"><\/a><figcaption><\/figcaption><\/figure><p><\/p>\n\n\n\n<ul class=\"wp-block-list\"><li><strong>Adquira: <\/strong><a href=\"https:\/\/www.novaconcursos.com.br\/mapa-de-questoes\/mapa-de-questoes-trf2-tecnico-judiciario-area-administrativa-10-mil-questoes\">Concurso TRF2 \u2013 Mapa de 10 Mil Quest\u00f5es \/ T\u00e9cnico \u00c1rea Administrativa<\/a><\/li>\n\n\n\n<li><strong>Adquira:<\/strong><a href=\"https:\/\/www.novaconcursos.com.br\/mapa-de-questoes\/mapa-de-questoes-trf2-tecnico-judiciario-enfermagem-7-mil-questoes\"> Concurso TRF2 \u2013 Mapa de Quest\u00f5es<\/a><\/li>\n<\/ul><h3 class=\"wp-block-heading\"><strong>14\/07\/2024 \u2013 per\u00edodo manh\u00e3 e tarde<\/strong><\/h3>\n\n\n\n<figure class=\"wp-block-image size-full\"><a href=\"https:\/\/www.novaconcursos.com.br\/portal\/wp-content\/uploads\/2024\/06\/image-9.png\"><img decoding=\"async\" width=\"724\" height=\"199\" src=\"https:\/\/www.novaconcursos.com.br\/portal\/wp-content\/uploads\/2024\/06\/image-9.png\" alt=\"\" class=\"wp-image-240823\" loading=\"lazy\" title=\"\" srcset=\"https:\/\/www.novaconcursos.com.br\/portal\/wp-content\/uploads\/2024\/06\/image-9-300x82.png 300w, https:\/\/www.novaconcursos.com.br\/portal\/wp-content\/uploads\/2024\/06\/image-9-480x132.png 480w, https:\/\/www.novaconcursos.com.br\/portal\/wp-content\/uploads\/2024\/06\/image-9.png 724w\" sizes=\"auto, (max-width: 480px) 100vw, (max-width: 768px) 100vw, (max-width: 1200px) 70vw, 768px\"><\/a><figcaption><\/figcaption><\/figure><p><\/p>\n\n\n\n<p>Como o Tribunal tem jurisdi\u00e7\u00e3o<strong> <\/strong>no RJ e ES, os candidatos realizar\u00e3o as provas, nas seguintes cidades: <\/p>\n\n\n\n<p><strong>Estado do Rio de Janeiro <\/strong><\/p>\n\n\n\n<ul class=\"wp-block-list\"><li>Araruama,<\/li>\n\n\n\n<li>Campos dos Goytacazes; <\/li>\n\n\n\n<li>Duque de Caxias; <\/li>\n\n\n\n<li>Niter\u00f3i; <\/li>\n\n\n\n<li>Petr\u00f3polis; <\/li>\n\n\n\n<li>Rio de Janeiro; <\/li>\n\n\n\n<li>S\u00e3o Gon\u00e7alo; e <\/li>\n\n\n\n<li>Volta Redonda. <\/li>\n<\/ul><p><strong>Estado Esp\u00edrito Santo <\/strong><\/p>\n\n\n\n<ul class=\"wp-block-list\"><li>Cachoeiro de Itapemirim, <\/li>\n\n\n\n<li>Colatina; e <\/li>\n\n\n\n<li>Vit\u00f3ria. <\/li>\n<\/ul><p>Para conferir outras orienta\u00e7\u00f5es para o dia da prova, clique abaixo: <\/p>\n\n\n\n<p>? <a href=\"https:\/\/arquivos-site.institutoaocp.org.br\/publicacoes\/c3cddf4d-a972-498f-b048-d53fd998ab83.pdf\" target=\"_blank\" rel=\"noreferrer noopener\">prova do dia 7 de julho<\/a><\/p>\n\n\n\n<p>? <a href=\"https:\/\/arquivos-site.institutoaocp.org.br\/publicacoes\/d62d00a8-efdd-4e9c-8b3a-93cf0f9c5a12.pdf\" target=\"_blank\" rel=\"noreferrer noopener\">prova do dia 14 de julho<\/a> <\/p>\n\n\n\n<h2 class=\"wp-block-heading\" id=\"concurso-trf2-qual-o-salrio-\">Concurso TRF2: qual o sal\u00e1rio? <\/h2>\n\n\n\n<p>No mais, os candidatos aprovados em todas as etapas e aptos a ingressar no Tribunal Regional Federal 2, receber\u00e3o a seguinte remunera\u00e7\u00e3o: <\/p>\n\n\n\n<p><strong> T\u00e9cnico Judici\u00e1rio \u2013 n\u00edvel superior <\/strong><\/p>\n\n\n\n<p><em>Subs\u00eddio inicial:\u00a0R$8.529,65<\/em><\/p>\n\n\n\n<p><em>A partir de fevereiro de 2025: R$9.052,51<\/em><\/p>\n\n\n\n<p><strong>Analista Judici\u00e1rio \u2013 n\u00edvel superior <\/strong><\/p>\n\n\n\n<p><em>Remunera\u00e7\u00e3o inicial:\u00a0R$ 13.994,78<\/em><\/p>\n\n\n\n<p><em>A partir de fevereiro de 2025: 14.852,66<\/em><\/p>\n\n\n\n\n\n<p><\/p>\n\n\n\n<p>Al\u00e9m do vencimento b\u00e1sico, os servidores tem direito a diversos <strong>benef\u00edcios<\/strong>, como: <\/p>\n\n\n\n<ul class=\"wp-block-list\"><li>adicional de qualifica\u00e7\u00e3o por curso de p\u00f3s-gradua\u00e7\u00e3o, nos percentuais de 7,5%, 10% e 12,5%, para todos os cargos\/\u00e1reas\/especialidades, incidentes sobre o vencimento b\u00e1sico.<\/li>\n\n\n\n<li>aux\u00edlio pr\u00e9-escolar, por filho ou equiparado at\u00e9 o m\u00eas em que completar 6 (seis) anos de idade, no valor de at\u00e9 R$ 1.178,82.<\/li>\n\n\n\n<li>aux\u00edlio-alimenta\u00e7\u00e3o no valor mensal de R$ 1.393,10.<\/li>\n\n\n\n<li>aux\u00edlio-transporte, com custeio parcial das despesas com o deslocamento trabalho-resid\u00eancia e vice versa.<\/li>\n<\/ul><p><a href=\"https:\/\/www.novaconcursos.com.br\/portal\/noticias\/o-que-cai-na-prova-do-trf2-para-tecnico-e-analista\/\">Clique aqui <\/a>e confira o que vai cair na prova, bem como, as etapas de sele\u00e7\u00e3o. <\/p>\n\n\n\n<p>Para conferir o edital, <a href=\"https:\/\/www.institutoaocp.org.br\/concursos\/601\" target=\"_blank\" rel=\"noreferrer noopener\">acesse aqui. <\/a><\/p>","protected":false},"excerpt":{"rendered":"<p>Aten\u00e7\u00e3o, candidatos do concurso TRF2! O Instituto AOCP divulgou o hor\u00e1rio e local de realiza\u00e7\u00e3o da prova objetiva e discursiva. Vale destacar que a aplica\u00e7\u00e3o das mesmas est\u00e1 prevista para os dias 7 e 14 de julho, no per\u00edodo da manh\u00e3 e tarde. Vem comigo para saber todas as informa\u00e7\u00f5es do concurso TRF2 e n\u00e3o [&hellip;]<\/p>\n","protected":false},"author":54664,"featured_media":240809,"comment_status":"closed","ping_status":"closed","sticky":false,"template":"","format":"standard","meta":{"_acf_changed":false,"footnotes":"","_wp_rev_ctl_limit":""},"categories":[228],"tags":[],"class_list":["post-240793","post","type-post","status-publish","format-standard","has-post-thumbnail","hentry","category-noticias"],"acf":[],"_links":{"self":[{"href":"https:\/\/www.novaconcursos.com.br\/portal\/wp-json\/wp\/v2\/posts\/240793","targetHints":{"allow":["GET"]}}],"collection":[{"href":"https:\/\/www.novaconcursos.com.br\/portal\/wp-json\/wp\/v2\/posts"}],"about":[{"href":"https:\/\/www.novaconcursos.com.br\/portal\/wp-json\/wp\/v2\/types\/post"}],"author":[{"embeddable":true,"href":"https:\/\/www.novaconcursos.com.br\/portal\/wp-json\/wp\/v2\/users\/54664"}],"replies":[{"embeddable":true,"href":"https:\/\/www.novaconcursos.com.br\/portal\/wp-json\/wp\/v2\/comments?post=240793"}],"version-history":[{"count":23,"href":"https:\/\/www.novaconcursos.com.br\/portal\/wp-json\/wp\/v2\/posts\/240793\/revisions"}],"predecessor-version":[{"id":240851,"href":"https:\/\/www.novaconcursos.com.br\/portal\/wp-json\/wp\/v2\/posts\/240793\/revisions\/240851"}],"wp:featuredmedia":[{"embeddable":true,"href":"https:\/\/www.novaconcursos.com.br\/portal\/wp-json\/wp\/v2\/media\/240809"}],"wp:attachment":[{"href":"https:\/\/www.novaconcursos.com.br\/portal\/wp-json\/wp\/v2\/media?parent=240793"}],"wp:term":[{"taxonomy":"category","embeddable":true,"href":"https:\/\/www.novaconcursos.com.br\/portal\/wp-json\/wp\/v2\/categories?post=240793"},{"taxonomy":"post_tag","embeddable":true,"href":"https:\/\/www.novaconcursos.com.br\/portal\/wp-json\/wp\/v2\/tags?post=240793"}],"curies":[{"name":"wp","href":"https:\/\/api.w.org\/{rel}","templated":true}]}}