{"id":240865,"date":"2018-07-16T17:31:00","date_gmt":"2018-07-16T20:31:00","guid":{"rendered":"https:\/\/www.novaconcursos.com.br\/portal\/?p=240865"},"modified":"2024-06-24T17:32:35","modified_gmt":"2024-06-24T20:32:35","slug":"concurso-pm-pe-2018-saiu-edital-para-nivel-medio","status":"publish","type":"post","link":"https:\/\/www.novaconcursos.com.br\/portal\/noticias\/concurso-pm-pe-2018-saiu-edital-para-nivel-medio\/","title":{"rendered":"Concurso PM-PE 2018: Inscri\u00e7\u00f5es para n\u00edvel m\u00e9dio encerram hoje!"},"content":{"rendered":"<p>Aten\u00e7\u00e3o concurseiros! Saiu o edital da\u00a0<strong>PM-PE 2018 (Pol\u00edcia Militar do estado de Pernambuco)<\/strong>!<\/p>\n\n\n\n<p>O certame oferece<strong>\u00a0500 vagas<\/strong>\u00a0para o<strong>\u00a0n\u00edvel m\u00e9dio<\/strong>, com sal\u00e1rios que podem chegar a\u00a0<strong>R$ 2,8 mil!<\/strong><\/p>\n\n\n\n<p><strong>Como fazer a inscri\u00e7\u00e3o no concurso PM-PE 2018?<\/strong><\/p>\n\n\n\n<p>As inscri\u00e7\u00f5es poder\u00e3o ser realizadas a partir do dia<strong>\u00a010 de junho at\u00e9 o dia 16 de julho<\/strong>, pelo site da\u00a0Upenet, o site da Universidade de Pernambuco.<\/p>\n\n\n\n<p>A taxa para homologar a inscri\u00e7\u00e3o no concurso \u00e9 de\u00a0<strong>R$ 135,00<\/strong>.<\/p>\n\n\n\n<p>A IAUPE foi escolhida como a banca organizadora.<\/p>\n\n\n\n<p><strong>Quem pode fazer o concurso PM-PE 2018?<\/strong><\/p>\n\n\n\n<p>As\u00a0<strong>500 vagas<\/strong>\u00a0s\u00e3o para o\u00a0<strong>n\u00edvel m\u00e9dio<\/strong>.<\/p>\n\n\n\n<p>S\u00e3o\u00a0<strong>requisitos<\/strong>:<\/p>\n\n\n\n<p>\u2013 idade entre\u00a0<strong>18 e 28 anos<\/strong>\u00a0at\u00e9 o \u00faltimo dia da data de inscri\u00e7\u00e3o;<br>\u2013 possuir a\u00a0<strong>carteira de motorista<\/strong>\u00a0categoria\u00a0<strong>B<\/strong>;<br>\u2013 ter no m\u00ednimo\u00a0<strong>1,65m<\/strong>\u00a0de altura enquanto homem, e\u00a0<strong>1,60m<\/strong>\u00a0se for mulher.<\/p>\n\n\n\n<p>Inicialmente, os aprovados ir\u00e3o ser matriculados no\u00a0<strong>Curso de Forma\u00e7\u00e3o e Habita\u00e7\u00e3o de Pra\u00e7as da Pol\u00edcia Militar<\/strong>, que tem a dura\u00e7\u00e3o de seis meses e uma bolsa de aux\u00edlio no valor de\u00a0<strong>R$ 1.100,00<\/strong>.<\/p>\n\n\n\n<p>Ap\u00f3s a gradua\u00e7\u00e3o, os alunos ser\u00e3o denominados\u00a0<strong>soldados<\/strong>, recebendo ent\u00e3o a quantia de\u00a0<strong>R$ 2.819,88<\/strong>\u00a0de sal\u00e1rio.<\/p>\n\n\n\n<p><strong>Como ser\u00e1 a prova?<\/strong><\/p>\n\n\n\n<p>Os candidatos ser\u00e3o avaliados em duas etapas.<\/p>\n\n\n\n<p><strong>1\u00aa etapa<\/strong>: Objetivas, Exame M\u00e9dico, Teste de Aptid\u00e3o F\u00edsica, e Avalia\u00e7\u00e3o Psicol\u00f3gica;<\/p>\n\n\n\n<p><strong>2\u00aa etapa<\/strong>: Curso de Forma\u00e7\u00e3o e Habilita\u00e7\u00e3o de Pra\u00e7as.<\/p>\n\n\n\n<p>As provas\u00a0<strong>objetivas<\/strong>\u00a0ser\u00e3o realizadas no dia\u00a0<strong>26 de agosto<\/strong>\u00a0nas cidades de Recife (e regi\u00e3o metropolitana), Arcoverde, Caruaru, Garanhuns, Nazar\u00e9 da Mata, e Petrolina.<\/p>\n\n\n\n<p>As outras formas de avalia\u00e7\u00e3o ser\u00e3o somente na cidade de Recife.<\/p>\n\n\n\n<p>O\u00a0<strong>teste de aptid\u00e3o f\u00edsica<\/strong>, que acontece nos dias\u00a0<strong>2 a 13 de janeiro de 2019<\/strong>,\u00a0ser\u00e1 composto das seguintes exerc\u00edcios: Nata\u00e7\u00e3o (50 metros), flex\u00e3o de bra\u00e7os na barra f\u00edsica, salto em dist\u00e2ncia, abdominal, corrida de 2.400 metros.<\/p>\n\n\n\n<p>Haver\u00e1 tamb\u00e9m uma etapa de<strong>\u00a0investiga\u00e7\u00e3o social<\/strong>\u00a0na vida pregressa do candidato.<\/p>\n\n\n\n<p>O certame ter\u00e1 dura\u00e7\u00e3o de dois anos a partir da data de homologa\u00e7\u00e3o final, podendo ser prorrogado uma vez por igual per\u00edodo.<\/p>\n\n\n\n<p>A\u00a0<strong>Nova\u2002Concursos\u00a0<\/strong>tem ajudado h\u00e1 mais de 10 anos quem quer vencer a batalha do concurso p\u00fablico. Se voc\u00ea quer aumentar as suas chances de passar, conhe\u00e7a os nossos materiais, acessando o nosso site!<\/p>","protected":false},"excerpt":{"rendered":"<p>Aten\u00e7\u00e3o concurseiros! Saiu o edital da\u00a0PM-PE 2018 (Pol\u00edcia Militar do estado de Pernambuco)! O certame oferece\u00a0500 vagas\u00a0para o\u00a0n\u00edvel m\u00e9dio, com sal\u00e1rios que podem chegar a\u00a0R$ 2,8 mil! Como fazer a inscri\u00e7\u00e3o no concurso PM-PE 2018? As inscri\u00e7\u00f5es poder\u00e3o ser realizadas a partir do dia\u00a010 de junho at\u00e9 o dia 16 de julho, pelo site da\u00a0Upenet, [&hellip;]<\/p>\n","protected":false},"author":46247,"featured_media":0,"comment_status":"closed","ping_status":"closed","sticky":false,"template":"","format":"standard","meta":{"_acf_changed":false,"footnotes":"","_wp_rev_ctl_limit":""},"categories":[228],"tags":[],"class_list":["post-240865","post","type-post","status-publish","format-standard","hentry","category-noticias"],"acf":[],"_links":{"self":[{"href":"https:\/\/www.novaconcursos.com.br\/portal\/wp-json\/wp\/v2\/posts\/240865","targetHints":{"allow":["GET"]}}],"collection":[{"href":"https:\/\/www.novaconcursos.com.br\/portal\/wp-json\/wp\/v2\/posts"}],"about":[{"href":"https:\/\/www.novaconcursos.com.br\/portal\/wp-json\/wp\/v2\/types\/post"}],"author":[{"embeddable":true,"href":"https:\/\/www.novaconcursos.com.br\/portal\/wp-json\/wp\/v2\/users\/46247"}],"replies":[{"embeddable":true,"href":"https:\/\/www.novaconcursos.com.br\/portal\/wp-json\/wp\/v2\/comments?post=240865"}],"version-history":[{"count":1,"href":"https:\/\/www.novaconcursos.com.br\/portal\/wp-json\/wp\/v2\/posts\/240865\/revisions"}],"predecessor-version":[{"id":240866,"href":"https:\/\/www.novaconcursos.com.br\/portal\/wp-json\/wp\/v2\/posts\/240865\/revisions\/240866"}],"wp:attachment":[{"href":"https:\/\/www.novaconcursos.com.br\/portal\/wp-json\/wp\/v2\/media?parent=240865"}],"wp:term":[{"taxonomy":"category","embeddable":true,"href":"https:\/\/www.novaconcursos.com.br\/portal\/wp-json\/wp\/v2\/categories?post=240865"},{"taxonomy":"post_tag","embeddable":true,"href":"https:\/\/www.novaconcursos.com.br\/portal\/wp-json\/wp\/v2\/tags?post=240865"}],"curies":[{"name":"wp","href":"https:\/\/api.w.org\/{rel}","templated":true}]}}