{"id":241100,"date":"2024-06-26T11:24:30","date_gmt":"2024-06-26T14:24:30","guid":{"rendered":"https:\/\/www.novaconcursos.com.br\/portal\/?p=241100"},"modified":"2024-11-12T17:05:08","modified_gmt":"2024-11-12T20:05:08","slug":"policia-penal-rj-banca-definida-300-vagas-edital-iminente","status":"publish","type":"post","link":"https:\/\/www.novaconcursos.com.br\/portal\/noticias\/policia-penal-rj-banca-definida-300-vagas-edital-iminente\/","title":{"rendered":"Pol\u00edcia Penal RJ tem banca definida: 300 vagas!"},"content":{"rendered":"<p>Aten\u00e7\u00e3o, concurseiros cariocas e interessados. O novo <a href=\"https:\/\/www.novaconcursos.com.br\/portal\/concursos\/concurso-policia-penal-rj\/\">concurso Pol\u00edcia Penal RJ <\/a>est\u00e1 pronto para ser publicado, com 300 vagas para o cargo de <strong>Inspetor de Pol\u00edcia Penal. <\/strong><\/p>\n\n\n\n<p>De acordo com o <strong>Sindicato dos Policiais Penais do Estado do Rio de Janeiro<\/strong> (SindSistema), o documento passa por ajustes finais, com previs\u00e3o de publica\u00e7\u00e3o at\u00e9 julho. <\/p>\n\n\n\n<p>Vem comigo e confira todos os detalhes, sal\u00e1rio, do novo <em>concurso Pol\u00edcia Penal RJ! <\/em><\/p>\n\n\n\n<h2 class=\"wp-block-heading\" id=\"vai-ter-concurso-polcia-penal-rj-2024-\">Vai ter concurso Pol\u00edcia Penal RJ 2024? <\/h2>\n\n\n\n<p>Sim! Ap\u00f3s 12 anos do \u00faltimo certame, uma nova sele\u00e7\u00e3o est\u00e1 pr\u00f3xima de se concretizar. <\/p>\n\n\n\n<p>Depois da autoriza\u00e7\u00e3o do governador, em<strong> despacho<\/strong> publicado no dia 29 de maio de 2024, a sele\u00e7\u00e3o constituiu a<a href=\"https:\/\/www.novaconcursos.com.br\/portal\/noticias\/concurso-policia-penal-rj-comissao-formada\/\"> comiss\u00e3o organizadora,<\/a> respons\u00e1vel em outros aspectos, pela escolha da banca organizadora. <\/p>\n\n\n\n<figure class=\"wp-block-image size-full\"><a href=\"https:\/\/www.novaconcursos.com.br\/portal\/wp-content\/uploads\/2024\/06\/image-12.png\"><img decoding=\"async\" width=\"897\" height=\"115\" src=\"https:\/\/www.novaconcursos.com.br\/portal\/wp-content\/uploads\/2024\/06\/image-12.png\" alt=\"\" class=\"wp-image-241167\" loading=\"lazy\" title=\"\" srcset=\"https:\/\/www.novaconcursos.com.br\/portal\/wp-content\/uploads\/2024\/06\/image-12-300x38.png 300w, https:\/\/www.novaconcursos.com.br\/portal\/wp-content\/uploads\/2024\/06\/image-12-480x62.png 480w, https:\/\/www.novaconcursos.com.br\/portal\/wp-content\/uploads\/2024\/06\/image-12-768x98.png 768w, https:\/\/www.novaconcursos.com.br\/portal\/wp-content\/uploads\/2024\/06\/image-12.png 897w\" sizes=\"auto, (max-width: 480px) 100vw, (max-width: 768px) 100vw, (max-width: 1200px) 70vw, 768px\"><\/a><figcaption><\/figcaption><\/figure><p><\/p>\n\n\n\n<p>Nesse sentido, em 3 de junho, foi publicado no Di\u00e1rio Oficial do Rio de Janeiro (DOE RJ), o documento que define e contrata a <a href=\"https:\/\/portal.coseac.uff.br\/concursos-uff\/\" target=\"_blank\" rel=\"noreferrer noopener\">Universidade Federal Fluminense (UFF), <\/a>atrav\u00e9s de sua Coordena\u00e7\u00e3o de Sele\u00e7\u00e3o Acad\u00eamica (COSEAC), como <strong>banca organizadora<\/strong> do concurso da Secretaria de Administra\u00e7\u00e3o Penitenci\u00e1ria (Seap RJ). <\/p>\n\n\n\n<p><\/p>\n\n\n\n<figure class=\"wp-block-image size-full is-resized\"><a href=\"https:\/\/www.novaconcursos.com.br\/portal\/wp-content\/uploads\/2024\/06\/image-13.png\"><img decoding=\"async\" width=\"399\" height=\"407\" src=\"https:\/\/www.novaconcursos.com.br\/portal\/wp-content\/uploads\/2024\/06\/image-13.png\" alt=\"\" class=\"wp-image-241174\" style=\"width:399px;height:auto\" loading=\"lazy\" title=\"\" srcset=\"https:\/\/www.novaconcursos.com.br\/portal\/wp-content\/uploads\/2024\/06\/image-13-294x300.png 294w, https:\/\/www.novaconcursos.com.br\/portal\/wp-content\/uploads\/2024\/06\/image-13.png 399w\" sizes=\"auto, (max-width: 480px) 100vw, (max-width: 768px) 100vw, (max-width: 1200px) 70vw, 768px\"><\/a><figcaption><\/figcaption><\/figure><p><\/p>\n\n\n\n<p>Com institui\u00e7\u00e3o organizadora definida e contratada, o pr\u00f3ximo passo \u00e9 a <strong>publica\u00e7\u00e3o do edital<\/strong>. Conforme destacado, a previs\u00e3o \u00e9 que at\u00e9 julho, o documento j\u00e1 esteja dispon\u00edvel aos interessados.<\/p>\n\n\n\n<p><em>\u201cEu n\u00e3o tenho d\u00favida que vai ser uma grande oportunidade para voc\u00ea que quer entrar no servi\u00e7o p\u00fablico. Para voc\u00ea que gosta da nossa Seguran\u00e7a P\u00fablica, se prepara\u201d, <\/em>disse Cla\u00fadio Castro, governador <\/p>\n\n\n\n<p>Estude para o concurso dos seus sonhos com o\u00a0M\u00e9todo que j\u00e1 ajudou na\u00a0aprova\u00e7\u00e3o de mais de 70 mil alunos!\u00a0<a href=\"https:\/\/aprovacao.novaconcursos.com.br\/assinatura?promo_creative=Clique+aqui&amp;promo_name=noticia&amp;promo_id=%2Fportal%2Fnoticias%2Fedital-guarda-de-teresina-confirmado-com-100-vagas&amp;promo_position=corpo-texto\" target=\"_blank\" rel=\"noreferrer noopener\">Clique aqui<\/a>\u00a0e saiba mais!<\/p>\n\n\n\n<h2 class=\"wp-block-heading\" id=\"qual-o-salrio-de-um-policial-penal-rj-\">Qual o sal\u00e1rio de um Policial Penal RJ? <\/h2>\n\n\n\n<p>No mais, sancionou-se em <a href=\"http:\/\/www3.alerj.rj.gov.br\/lotus_notes\/default.asp?id=52&amp;url=L2NvbnRsZWkubnNmL2E5OWUzMTdhOWNmZWMzODMwMzI1Njg2MjAwNzFmNWQyL2EzMDZiNjBlYTc0YzVlZTYwMzI1ODkxYTAwNzQyOWQ1P09wZW5Eb2N1bWVudA==&amp;#:~:text=%C2%A7%201%C2%BA%20A%20carreira%20que,a%20institui%C3%A7%C3%A3o%2C%20conforme%20modelos%20estabelecidos.\" target=\"_blank\" rel=\"noreferrer noopener\">21 de julho de 2022, o Projeto de Lei Complementar n\u00ba 206,<\/a> que instituiu a <em>\u201cLei Org\u00e2nica da Pol\u00edcia Penal do Estado do Rio de Janeiro\u201d. <\/em><\/p>\n\n\n\n<p>A lei org\u00e2nica, defini a estrutura, organiza\u00e7\u00e3o, carreira, forma\u00e7\u00e3o, direitos e deveres, proibi\u00e7\u00f5es, processo disciplinar, dentre outros, bem como, remunera\u00e7\u00e3o e <strong>requisitos de ingresso. <\/strong><\/p>\n\n\n\n<p>Assim sendo, o candidato interessado ao cargo, deve possuir: <\/p>\n\n\n\n<p><em>diploma de gradua\u00e7\u00e3o de ensino superior, <\/em><\/p>\n\n\n\n<p><em>carteira nacional de habilita\u00e7\u00e3o (CNH) \u2013 categoria \u201cB\u201d. <\/em><\/p>\n\n\n\n<p>De acordo com a <a href=\"http:\/\/www3.alerj.rj.gov.br\/lotus_notes\/default.asp?id=12&amp;url=L3NjcHJvMTUxOS5uc2YvNmI4YjMwMTMwNDk3ZTVkMDgzMjU2NmVjMDAxOGQ4MWYvNzgzYjEzZjk4MjU5MGFmMjgzMjU4MDYxMDA3NDc3OWU\/T3BlbkRvY3VtZW50\" target=\"_blank\" rel=\"noreferrer noopener\">lei estadual <em>n\u00ba 6.841\/2014<\/em>,<\/a> fixa o <strong>vencimento-base,<\/strong> com vig\u00eancia a partir de 2022, em: <\/p>\n\n\n\n<ul class=\"wp-block-list\"><li>Classe I: R$ 6.412,39<\/li>\n\n\n\n<li>Classe II: R$ 5.771,15<\/li>\n\n\n\n<li>Classe III: R$ 5.194,04<\/li>\n<\/ul><p><\/p>\n\n\n\n<h2 class=\"wp-block-heading\" id=\"quando-foi-o-ltimo-concurso-seap-rj-\">Quando foi o \u00faltimo concurso Seap RJ? <\/h2>\n\n\n\n<p>Por fim, a Secretaria de Administra\u00e7\u00e3o Penitenci\u00e1ria do Rio de Janeiro, publicou o \u00faltimo edital para  Inspetor de Seguran\u00e7a- Classe III, em <strong>2012<\/strong>, sob organiza\u00e7\u00e3o da <a href=\"https:\/\/ceperj.selecao.net.br\/\" target=\"_blank\" rel=\"noreferrer noopener\">Ceperj.<\/a> <\/p>\n\n\n\n<p>Ofertando <strong>800 vagas<\/strong> para o sexo masculino e feminino, naquela \u00e9poca exigia-se o ensino m\u00e9dio completo, e remunera\u00e7\u00e3o inicial de R$ 3.201,41. <\/p>\n\n\n\n<p>A sele\u00e7\u00e3o dos candidatos era desenvolvida em<strong> duas etapas<\/strong>, sendo: <\/p>\n\n\n\n<h3 class=\"wp-block-heading\"><strong><em>Primeira etapa <\/em><\/strong><\/h3>\n\n\n\n<ul class=\"wp-block-list\"><li>1\u00aa Fase: Prova Escrita de Conhecimentos, a serem aferidos atrav\u00e9s da aplica\u00e7\u00e3o de prova objetiva, de car\u00e1ter eliminat\u00f3rio e classificat\u00f3rio, <\/li>\n\n\n\n<li>2\u00aa Fase: Prova de Capacidade F\u00edsica, de car\u00e1ter eliminat\u00f3rio;  <\/li>\n\n\n\n<li>3\u00aa Fase: Exame Psicot\u00e9cnico, de car\u00e1ter eliminat\u00f3rio; <\/li>\n\n\n\n<li>4\u00aa Fase: Exame de Sanidade F\u00edsico e Mental, de car\u00e1ter eliminat\u00f3rio.<\/li>\n<\/ul><h3 class=\"wp-block-heading\"><strong><em>Segunda etapa <\/em><\/strong><\/h3>\n\n\n\n<ul class=\"wp-block-list\"><li>Investiga\u00e7\u00e3o do Comportamento Social, de car\u00e1ter eliminat\u00f3rio.<\/li>\n\n\n\n<li> Curso de Forma\u00e7\u00e3o Profissional, de car\u00e1ter eliminat\u00f3rio e classificat\u00f3rio. <\/li>\n<\/ul><p>Dessa forma, a prova escrita de conhecimentos, constou-se de <strong>70 quest\u00f5es<\/strong>, com pontua\u00e7\u00e3o m\u00e1xima de 120 pontos, sendo: <\/p>\n\n\n\n<p><em>Portugues: 10 quest\u00f5es, <\/em><\/p>\n\n\n\n<p><em>Conhecimentos Espec\u00edficos: 40; <\/em><\/p>\n\n\n\n<p><em>Direitos Humanos: 10 quest\u00f5es; e <\/em><\/p>\n\n\n\n<p><em>No\u00e7\u00f5es de Inform\u00e1tica: 10. <\/em><\/p>\n\n\n\n<p><a href=\"https:\/\/dhg1h5j42swfq.cloudfront.net\/2020\/10\/15153750\/edital-SEAP-RJ-2012.pdf\" target=\"_blank\" rel=\"noreferrer noopener\">Clique aqui<\/a> e confira mais detalhes do edital! <\/p>","protected":false},"excerpt":{"rendered":"<p>Aten\u00e7\u00e3o, concurseiros cariocas e interessados. O novo concurso Pol\u00edcia Penal RJ est\u00e1 pronto para ser publicado, com 300 vagas para o cargo de Inspetor de Pol\u00edcia Penal. De acordo com o Sindicato dos Policiais Penais do Estado do Rio de Janeiro (SindSistema), o documento passa por ajustes finais, com previs\u00e3o de publica\u00e7\u00e3o at\u00e9 julho. Vem [&hellip;]<\/p>\n","protected":false},"author":54664,"featured_media":241109,"comment_status":"closed","ping_status":"closed","sticky":false,"template":"","format":"standard","meta":{"_acf_changed":false,"footnotes":"","_wp_rev_ctl_limit":""},"categories":[228],"tags":[],"class_list":["post-241100","post","type-post","status-publish","format-standard","has-post-thumbnail","hentry","category-noticias"],"acf":[],"_links":{"self":[{"href":"https:\/\/www.novaconcursos.com.br\/portal\/wp-json\/wp\/v2\/posts\/241100","targetHints":{"allow":["GET"]}}],"collection":[{"href":"https:\/\/www.novaconcursos.com.br\/portal\/wp-json\/wp\/v2\/posts"}],"about":[{"href":"https:\/\/www.novaconcursos.com.br\/portal\/wp-json\/wp\/v2\/types\/post"}],"author":[{"embeddable":true,"href":"https:\/\/www.novaconcursos.com.br\/portal\/wp-json\/wp\/v2\/users\/54664"}],"replies":[{"embeddable":true,"href":"https:\/\/www.novaconcursos.com.br\/portal\/wp-json\/wp\/v2\/comments?post=241100"}],"version-history":[{"count":36,"href":"https:\/\/www.novaconcursos.com.br\/portal\/wp-json\/wp\/v2\/posts\/241100\/revisions"}],"predecessor-version":[{"id":260503,"href":"https:\/\/www.novaconcursos.com.br\/portal\/wp-json\/wp\/v2\/posts\/241100\/revisions\/260503"}],"wp:featuredmedia":[{"embeddable":true,"href":"https:\/\/www.novaconcursos.com.br\/portal\/wp-json\/wp\/v2\/media\/241109"}],"wp:attachment":[{"href":"https:\/\/www.novaconcursos.com.br\/portal\/wp-json\/wp\/v2\/media?parent=241100"}],"wp:term":[{"taxonomy":"category","embeddable":true,"href":"https:\/\/www.novaconcursos.com.br\/portal\/wp-json\/wp\/v2\/categories?post=241100"},{"taxonomy":"post_tag","embeddable":true,"href":"https:\/\/www.novaconcursos.com.br\/portal\/wp-json\/wp\/v2\/tags?post=241100"}],"curies":[{"name":"wp","href":"https:\/\/api.w.org\/{rel}","templated":true}]}}