{"id":241127,"date":"2018-01-18T15:18:00","date_gmt":"2018-01-18T17:18:00","guid":{"rendered":"https:\/\/www.novaconcursos.com.br\/portal\/?p=241127"},"modified":"2024-06-25T15:20:20","modified_gmt":"2024-06-25T18:20:20","slug":"concurso-pm-es-novo-edital-com-310-vagas-em-fevereiro-2018-01","status":"publish","type":"post","link":"https:\/\/www.novaconcursos.com.br\/portal\/noticias\/concurso-pm-es-novo-edital-com-310-vagas-em-fevereiro-2018-01\/","title":{"rendered":"Concurso PM ES: Novo edital com 310 vagas em fevereiro!"},"content":{"rendered":"<p>Boas not\u00edcias aos\u00a0<strong>concurseiros capixabas<\/strong>! O novo concurso p\u00fablico da\u00a0<strong>Pol\u00edcia Militar do Esp\u00edrito Santo (PM ES)<\/strong>\u00a0j\u00e1 possui previs\u00e3o para\u00a0<strong>divulga\u00e7\u00e3o do edital<\/strong>\u00a0do certame!<\/p>\n\n\n\n<p>A oferta ser\u00e1 de\u00a0<strong>310 vagas<\/strong>\u00a0para candidatos com\u00a0<strong>n\u00edvel m\u00e9dio completo<\/strong>\u00a0e sal\u00e1rio inicial de\u00a0<strong>R$ 6,7 mil!<\/strong><\/p>\n\n\n\n<p><strong>Previs\u00e3o do edital<\/strong><\/p>\n\n\n\n<p>Segundo a assessoria de comunica\u00e7\u00e3o da\u00a0<strong>Pol\u00edcia Militar do Esp\u00edrito Santo<\/strong>, j\u00e1 foi iniciado o\u00a0<strong>processo de escolho da empresa organizadora<\/strong>. O nome da banca tem previs\u00e3o de ser divulgado ainda no\u00a0<strong>m\u00eas de janeiro de 2018.<\/strong><\/p>\n\n\n\n<p>Al\u00e9m da data prevista para a escolha da banca organizadora, o concurso j\u00e1 definiu as\u00a0<strong>datas do edital e da realiza\u00e7\u00e3o das provas.<\/strong><\/p>\n\n\n\n<p>Conforme informou a corpora\u00e7\u00e3o, os exames est\u00e3o previstos para serem publicados no\u00a0<strong>m\u00eas de maio<\/strong>. O\u00a0<strong>cronograma inicial do concurso da PM ES<\/strong>\u00a0consta das seguintes datas:<\/p>\n\n\n\n<p>\u2013\u00a0<strong>Defini\u00e7\u00e3o da organizadora<\/strong>: Janeiro\/2018;<\/p>\n\n\n\n<p>\u2013\u00a0<strong>Publica\u00e7\u00e3o do edital e in\u00edcio das inscri\u00e7\u00f5es<\/strong>: Fevereiro\/2018;<\/p>\n\n\n\n<p>\u2013\u00a0<strong>Aplica\u00e7\u00e3o da prova<\/strong>: Maio\/2018.<\/p>\n\n\n\n<p><strong>Vagas e sal\u00e1rios<\/strong><\/p>\n\n\n\n<p>O certame ter\u00e1 oferta de\u00a0<strong>310 vagas<\/strong>, sendo\u00a0<strong>250<\/strong>\u00a0destinadas ao cargo de Soldado,\u00a0<strong>10<\/strong>\u00a0para Oficiais,\u00a0<strong>20<\/strong>\u00a0para Oficial M\u00fasico e\u00a0<strong>30<\/strong>\u00a0para M\u00fasico.<\/p>\n\n\n\n<p>O sal\u00e1rio ser\u00e1 de\u00a0<strong>R$ 3.272,06<\/strong>\u00a0para Soldados e\u00a0<strong>R$ 6.716,48<\/strong>\u00a0para Oficiais, j\u00e1 com os benef\u00edcios (escala extra e aux\u00edlio-alimenta\u00e7\u00e3o).<\/p>\n\n\n\n<p>Com base no \u00faltimo concurso, os requisitos para concorrer as vagas ser\u00e3o:\u00a0<strong>N\u00edvel m\u00e9dio completo<\/strong>; altura m\u00ednima de 1,60m para mulheres e 1,65m para homens; ter Carteira Nacional de Habilita\u00e7\u00e3o (CNH) na categoria B.<\/p>\n\n\n\n<p><strong>Concursos anuais<\/strong><\/p>\n\n\n\n<p>Segundo o comandante\u00a0<strong>coronel da PM<\/strong>, Nylton Rodrigues, o objetivo \u00e9 realizar\u00a0<strong>concursos periodicamente.<\/strong>\u00a0\u201cN\u00e3o vamos mais fazer concursos grandes, como foram os tr\u00eas \u00faltimos, com 1.000 vagas. O nosso planejamento \u00e9 fazer sele\u00e7\u00f5es com menos vagas, respeitando a capacidade da nossa academia de Pol\u00edcia Militar. A inten\u00e7\u00e3o \u00e9 ter uma rotina anual de concursos que mantenha a estrutura da academia funcionando e, consequentemente, melhorando a forma\u00e7\u00e3o dos policiais. Quando uma escola fica parada, o saber pr\u00e1tico que existe ali vai se perdendo\u201d, afirmou o coronel.<\/p>\n\n\n\n<p><strong>Como ser\u00e1 a Prova?<\/strong><\/p>\n\n\n\n<p>A avalia\u00e7\u00e3o dos candidatos dever\u00e1 ser realizada por meio de\u00a0<strong>prova objetiva e reda\u00e7\u00e3o<\/strong>. Os aprovados nestas etapas passar\u00e3o ainda por exame de aptid\u00e3o f\u00edsica (<strong>TAF<\/strong>),\u00a0<strong>exame psicossom\u00e1tico, investiga\u00e7\u00e3o social, exames de sa\u00fade e curso de forma\u00e7\u00e3o.<\/strong><\/p>\n\n\n\n<p>No \u00faltimo concurso os candidatos foram avaliados por quest\u00f5es de L\u00edngua Portuguesa (40) e Matem\u00e1tica (30).<\/p>\n\n\n\n<p><strong>\u00daltimo concurso<\/strong><\/p>\n\n\n\n<p>O \u00faltimo certame da\u00a0<strong>PM do Esp\u00edrito Santo<\/strong>\u00a0aconteceu em\u00a0<strong>2014<\/strong>. Na ocasi\u00e3o, a oferta foi de\u00a0<strong>1.623 vagas<\/strong>\u00a0para Soldado. Desse total,\u00a0<strong>500<\/strong>\u00a0foram destinadas a forma\u00e7\u00e3o de\u00a0<strong>cadastro reserva<\/strong>. Os requisitos para participar foram:<\/p>\n\n\n\n<p>\u2666 Ser brasileiro (a);<\/p>\n\n\n\n<p>\u2666 Ter altura m\u00ednima descal\u00e7o e descoberto, de 1,65m (um metro e sessenta e cinco cent\u00edmetros) para homens e de 1,60m (um metro e sessenta cent\u00edmetros) para mulheres; c) estar em dia com as obriga\u00e7\u00f5es eleitorais e no pleno exerc\u00edcio dos direitos pol\u00edticos, mediante apresenta\u00e7\u00e3o de certid\u00e3o expedida pela Justi\u00e7a Eleitoral;<\/p>\n\n\n\n<p>\u2666 Estar em dia com suas obriga\u00e7\u00f5es militares se for do sexo masculino, devendo ser portador do certificado de reservista ou de dispensa de incorpora\u00e7\u00e3o, e n\u00e3o ter sido afastado do servi\u00e7o militar, seja por reforma, demiss\u00e3o, licenciamento ou exclus\u00e3o a bem da disciplina, seja por incapacidade f\u00edsica ou mental definitiva, em qualquer das For\u00e7as Armadas ou Auxiliares;<\/p>\n\n\n\n<p>\u2666 Ser aprovado no concurso p\u00fablico, dentro do limite de vagas, conforme o presente edital;<\/p>\n\n\n\n<p>\u2666 Estar em dia com toda a documenta\u00e7\u00e3o exigida, para apresenta\u00e7\u00e3o na data estipulada pelo presente edital;<\/p>\n\n\n\n<p>\u2666 Ser aprovado no exame de aptid\u00e3o f\u00edsica, realizado por meio de Teste de Avalia\u00e7\u00e3o F\u00edsica (TAF), conforme Anexo II do edital;<\/p>\n\n\n\n<p>\u2666 Ser aprovado no exame psicossom\u00e1tico;<\/p>\n\n\n\n<p>\u2666 Ser aprovado nos exames de sa\u00fade que comprovem a capacidade f\u00edsica para exerc\u00edcio do cargo;<\/p>\n\n\n\n<p>\u2666 Ser aprovado em teste de avalia\u00e7\u00e3o toxicol\u00f3gica, \u201cantidoping\u201d, do tipo \u201cjanela de larga detec\u00e7\u00e3o\u201d ou outro de aferi\u00e7\u00e3o superior, realizado em car\u00e1ter confidencial e comprovado pela Diretoria de Sa\u00fade da PMES, podendo o teste ser realizado atrav\u00e9s de coleta e an\u00e1lise a qualquer momento do processo seletivo, a crit\u00e9rio da PMES, inclusive durante o curso de forma\u00e7\u00e3o;<\/p>\n\n\n\n<p>\u2666 Ser aprovado em investiga\u00e7\u00e3o social, apresentando idoneidade moral, comportamento irrepreens\u00edvel e ilibada conduta p\u00fablica e privada, comprovada documentalmente por certid\u00e3o de antecedentes criminais, certid\u00f5es negativas emitidas pela Justi\u00e7a Federal, Estadual, Eleitoral e Militar, al\u00e9m de outros levantamentos necess\u00e1rios procedidos pela institui\u00e7\u00e3o, a fim de atestar a compatibilidade de conduta para o desempenho do cargo;<\/p>\n\n\n\n<p>\u2666 N\u00e3o apresentar tatuagem definitiva situada em membros inferiores, superiores, pesco\u00e7o, face e cabe\u00e7a, que n\u00e3o possa ser coberta por uniforme de educa\u00e7\u00e3o f\u00edsica da corpora\u00e7\u00e3o, composto por cal\u00e7\u00e3o ou short, camiseta de manga curta e meia de cano curto, ou outras tatuagens que acarretem a identifica\u00e7\u00e3o do policial, possibilitando o seu reconhecimento e amea\u00e7a \u00e0 sua seguran\u00e7a;<\/p>\n\n\n\n<p>\u2666 Possuir Carteira Nacional de Habilita\u00e7\u00e3o (CNH) ou permiss\u00e3o para dirigir autom\u00f3vel, no m\u00ednimo na categoria \u201cB\u201d;<\/p>\n\n\n\n<p>\u2666 Ter, no m\u00ednimo, 18 (dezoito) anos de idade na data de matr\u00edcula no curso de forma\u00e7\u00e3o e, no m\u00e1ximo, 28 (vinte e oito) anos de idade no primeiro dia de inscri\u00e7\u00e3o no concurso;<\/p>\n\n\n\n<p>\u2666 Ser aprovado com aproveitamento no Curso de Forma\u00e7\u00e3o de Soldado Combatente (CFSd) QPMP-C \u2013 etapa do presente concurso;<\/p>\n\n\n\n<p>\u2666 Ter n\u00edvel m\u00e9dio de escolaridade, devidamente comprovado por meio de diploma, certificado ou declara\u00e7\u00e3o, reconhecido legalmente por Secretaria da Educa\u00e7\u00e3o de qualquer das Unidades Federativas do pa\u00eds ou pelo Minist\u00e9rio da Educa\u00e7\u00e3o e Cultura;<\/p>\n\n\n\n<p>\u2666 Ter conhecimento do Hino Nacional Brasileiro (art. 40 da Lei Federal 5.700\/1971).<\/p>\n\n\n\n<p>A\u00a0<strong>Nova\u00a0Concursos<\/strong>\u00a0tem ajudado h\u00e1 mais de 8 anos quem quer vencer a batalha do concurso p\u00fablico. Se voc\u00ea quer aumentar as suas chances de passar, conhe\u00e7a os nossos materiais, acessando o nosso site!<\/p>","protected":false},"excerpt":{"rendered":"<p>Boas not\u00edcias aos\u00a0concurseiros capixabas! O novo concurso p\u00fablico da\u00a0Pol\u00edcia Militar do Esp\u00edrito Santo (PM ES)\u00a0j\u00e1 possui previs\u00e3o para\u00a0divulga\u00e7\u00e3o do edital\u00a0do certame! A oferta ser\u00e1 de\u00a0310 vagas\u00a0para candidatos com\u00a0n\u00edvel m\u00e9dio completo\u00a0e sal\u00e1rio inicial de\u00a0R$ 6,7 mil! Previs\u00e3o do edital Segundo a assessoria de comunica\u00e7\u00e3o da\u00a0Pol\u00edcia Militar do Esp\u00edrito Santo, j\u00e1 foi iniciado o\u00a0processo de escolho da [&hellip;]<\/p>\n","protected":false},"author":16,"featured_media":0,"comment_status":"closed","ping_status":"closed","sticky":false,"template":"","format":"standard","meta":{"_acf_changed":false,"footnotes":"","_wp_rev_ctl_limit":""},"categories":[228],"tags":[],"class_list":["post-241127","post","type-post","status-publish","format-standard","hentry","category-noticias"],"acf":[],"_links":{"self":[{"href":"https:\/\/www.novaconcursos.com.br\/portal\/wp-json\/wp\/v2\/posts\/241127","targetHints":{"allow":["GET"]}}],"collection":[{"href":"https:\/\/www.novaconcursos.com.br\/portal\/wp-json\/wp\/v2\/posts"}],"about":[{"href":"https:\/\/www.novaconcursos.com.br\/portal\/wp-json\/wp\/v2\/types\/post"}],"author":[{"embeddable":true,"href":"https:\/\/www.novaconcursos.com.br\/portal\/wp-json\/wp\/v2\/users\/16"}],"replies":[{"embeddable":true,"href":"https:\/\/www.novaconcursos.com.br\/portal\/wp-json\/wp\/v2\/comments?post=241127"}],"version-history":[{"count":1,"href":"https:\/\/www.novaconcursos.com.br\/portal\/wp-json\/wp\/v2\/posts\/241127\/revisions"}],"predecessor-version":[{"id":241128,"href":"https:\/\/www.novaconcursos.com.br\/portal\/wp-json\/wp\/v2\/posts\/241127\/revisions\/241128"}],"wp:attachment":[{"href":"https:\/\/www.novaconcursos.com.br\/portal\/wp-json\/wp\/v2\/media?parent=241127"}],"wp:term":[{"taxonomy":"category","embeddable":true,"href":"https:\/\/www.novaconcursos.com.br\/portal\/wp-json\/wp\/v2\/categories?post=241127"},{"taxonomy":"post_tag","embeddable":true,"href":"https:\/\/www.novaconcursos.com.br\/portal\/wp-json\/wp\/v2\/tags?post=241127"}],"curies":[{"name":"wp","href":"https:\/\/api.w.org\/{rel}","templated":true}]}}