{"id":241182,"date":"2020-07-16T10:33:00","date_gmt":"2020-07-16T13:33:00","guid":{"rendered":"https:\/\/www.novaconcursos.com.br\/portal\/?p=241182"},"modified":"2024-06-26T10:34:58","modified_gmt":"2024-06-26T13:34:58","slug":"enem-2020-provas-serao-aplicadas-nos-meses-de-janeiro-e-fevereiro-do-ano-que-vem","status":"publish","type":"post","link":"https:\/\/www.novaconcursos.com.br\/portal\/noticias\/enem-2020-provas-serao-aplicadas-nos-meses-de-janeiro-e-fevereiro-do-ano-que-vem\/","title":{"rendered":"ENEM 2020: Provas ser\u00e3o aplicadas nos meses de janeiro e fevereiro do ano que vem!"},"content":{"rendered":"<p>O\u00a0<strong>ENEM 2020<\/strong>\u00a0(Exame Nacional do Ensino M\u00e9dio)\u00a0<strong>ter\u00e1 provas aplicadas nos meses de janeiro e fevereiro<\/strong>, sendo\u00a0<strong>17 e 24 de janeiro<\/strong>\u00a0para vers\u00e3o impressa e\u00a0<strong>31 de janeiro e 7 de fevereiro<\/strong>\u00a0para vers\u00e3o digital.<\/p>\n\n\n\n<h2 class=\"wp-block-heading\" id=\"realizao-das-provas-do-enem-2020\">Realiza\u00e7\u00e3o das provas do ENEM 2020<\/h2>\n\n\n\n<p>De acordo com o an\u00fancio do Minist\u00e9rio da Educa\u00e7\u00e3o (MEC),\u00a0<strong>as provas do ENEM 2020<\/strong>\u00a0(Exame Nacional do Ensino M\u00e9dio)\u00a0<strong>ser\u00e3o realizadas nos meses de janeiro e fevereiro de 2021<\/strong>.<\/p>\n\n\n\n<p>Adiado ap\u00f3s press\u00e3o dos estudantes e parlamentares por causa da pandemia da Covid-19,\u00a0<strong>o novo cronograma do ENEM 2020, tem a previs\u00e3o das seguintes datas:<\/strong><\/p>\n\n\n\n<ul class=\"wp-block-list\"><li><strong>Provas Impressas<\/strong>: 17 e 24 de janeiro de 2021, para 5,7 milh\u00f5es inscritos;<\/li>\n\n\n\n<li><strong>Prova Digital<\/strong>: 31 de janeiro e 07 de fevereiro de 2021, para 96 mil inscritos;<\/li>\n\n\n\n<li><strong>Reaplica\u00e7\u00e3o da Prova<\/strong>: 24 e 25 de fevereiro de 2021 (para pessoas afetadas por eventuais problemas de estrutura);<\/li>\n\n\n\n<li><strong>Resultados<\/strong>: a partir do dia 29 de mar\u00e7o de 2021.<\/li>\n<\/ul><p>O\u00a0<strong>an\u00fancio<\/strong>\u00a0foi realizado pelo secret\u00e1rio-executivo do\u00a0MEC, Ant\u00f4nio Paulo Vogel, e pelo presidente do INEP (Instituto Nacional de Estudos e Pesquisas Educacionais An\u00edsio Teixeira), Alexandre Lopes,\u00a0<strong>durante coletiva de imprensa, em Bras\u00edlia\/DF<\/strong>.<\/p>\n\n\n\n<p><strong>A nova data foi definida mais de quatro meses ap\u00f3s a suspens\u00e3o das aulas presenciais e fechamentos das escolas em todo o Brasil<\/strong>, por causa da dissemina\u00e7\u00e3o da pandemia da Covid-19.<\/p>\n\n\n\n<p><em>\u201cEntendemos que essa decis\u00e3o n\u00e3o seja perfeita e maravilhosa para todos. Mas buscamos uma decis\u00e3o t\u00e9cnica, que melhor se adequava para todos\u201d<\/em>, salientou Vogel.<\/p>\n\n\n\n<p>De acordo com o\u00a0MEC\u00a0,\u00a0<strong>a data n\u00e3o ir\u00e1 prejudicar o ingresso dos participantes aprovados nas universidades no primeiro semestre de 2021<\/strong>.<\/p>\n\n\n\n<p><em>\u201cSe a gente deixasse para maio do ano que vem, os ingressos [nas faculdades] seriam somente no segundo semestre do ano que vem\u201d<\/em>, infomou Vogel, afirmando que a defini\u00e7\u00e3o da data do\u00a0ENEM\u00a0traz uma \u2018rea\u00e7\u00e3o em cadeia\u2019 em rela\u00e7\u00e3o a<strong>\u00a0processos e programas como SISU, PROUNI, FIES e as matr\u00edculas p\u00fablicas e privadas no ensino superior<\/strong>.<\/p>\n\n\n\n<p>Tamb\u00e9m foi afirmado pelo secret\u00e1rio-executivo do MEC,\u00a0<strong>que um segundo Sistema de Sele\u00e7\u00e3o Unificada, SISU, poder\u00e1 ser aplicado em 2021<\/strong>.<\/p>\n\n\n\n<h2 class=\"wp-block-heading\" id=\"pandemia-causa-custos-extras-ao-governo-federal\">Pandemia causa custos extras ao Governo Federal<\/h2>\n\n\n\n<p>Por causa da pandemia da Covid-19, o Minist\u00e9rio da Educa\u00e7\u00e3o (MEC)\u00a0<strong>solicitou ao Governo Federal um adicional de R$ 70 milh\u00f5es para execu\u00e7\u00e3o do ENEM 2020<\/strong>. As principais mudan\u00e7as s\u00e3o:<\/p>\n\n\n\n<ul class=\"wp-block-list\"><li>Aluguel de mais salas para dar maior espa\u00e7amento entre os alunos;<\/li>\n\n\n\n<li>Compra de m\u00e1scaras e materiais de seguran\u00e7a para os aplicadores;<\/li>\n\n\n\n<li>Oferta de \u00e1lcool gel;<\/li>\n\n\n\n<li>Novos protocolos de seguran\u00e7a e identifica\u00e7\u00e3o dos alunos.<\/li>\n<\/ul><p><strong>No ano de 2019, o custo do ENEM foi de R$ 537 milh\u00f5es<\/strong>. Em 2020, com o\u00a0ENEM\u00a0Digital e com aumento de candidatos inscritos, o governo estima que o valor deve ser maior.<\/p>","protected":false},"excerpt":{"rendered":"<p>O\u00a0ENEM 2020\u00a0(Exame Nacional do Ensino M\u00e9dio)\u00a0ter\u00e1 provas aplicadas nos meses de janeiro e fevereiro, sendo\u00a017 e 24 de janeiro\u00a0para vers\u00e3o impressa e\u00a031 de janeiro e 7 de fevereiro\u00a0para vers\u00e3o digital. Realiza\u00e7\u00e3o das provas do ENEM 2020 De acordo com o an\u00fancio do Minist\u00e9rio da Educa\u00e7\u00e3o (MEC),\u00a0as provas do ENEM 2020\u00a0(Exame Nacional do Ensino M\u00e9dio)\u00a0ser\u00e3o realizadas [&hellip;]<\/p>\n","protected":false},"author":46247,"featured_media":0,"comment_status":"closed","ping_status":"closed","sticky":false,"template":"","format":"standard","meta":{"_acf_changed":false,"footnotes":"","_wp_rev_ctl_limit":""},"categories":[228],"tags":[],"class_list":["post-241182","post","type-post","status-publish","format-standard","hentry","category-noticias"],"acf":[],"_links":{"self":[{"href":"https:\/\/www.novaconcursos.com.br\/portal\/wp-json\/wp\/v2\/posts\/241182","targetHints":{"allow":["GET"]}}],"collection":[{"href":"https:\/\/www.novaconcursos.com.br\/portal\/wp-json\/wp\/v2\/posts"}],"about":[{"href":"https:\/\/www.novaconcursos.com.br\/portal\/wp-json\/wp\/v2\/types\/post"}],"author":[{"embeddable":true,"href":"https:\/\/www.novaconcursos.com.br\/portal\/wp-json\/wp\/v2\/users\/46247"}],"replies":[{"embeddable":true,"href":"https:\/\/www.novaconcursos.com.br\/portal\/wp-json\/wp\/v2\/comments?post=241182"}],"version-history":[{"count":1,"href":"https:\/\/www.novaconcursos.com.br\/portal\/wp-json\/wp\/v2\/posts\/241182\/revisions"}],"predecessor-version":[{"id":241183,"href":"https:\/\/www.novaconcursos.com.br\/portal\/wp-json\/wp\/v2\/posts\/241182\/revisions\/241183"}],"wp:attachment":[{"href":"https:\/\/www.novaconcursos.com.br\/portal\/wp-json\/wp\/v2\/media?parent=241182"}],"wp:term":[{"taxonomy":"category","embeddable":true,"href":"https:\/\/www.novaconcursos.com.br\/portal\/wp-json\/wp\/v2\/categories?post=241182"},{"taxonomy":"post_tag","embeddable":true,"href":"https:\/\/www.novaconcursos.com.br\/portal\/wp-json\/wp\/v2\/tags?post=241182"}],"curies":[{"name":"wp","href":"https:\/\/api.w.org\/{rel}","templated":true}]}}