{"id":241214,"date":"2019-02-21T10:56:00","date_gmt":"2019-02-21T13:56:00","guid":{"rendered":"https:\/\/www.novaconcursos.com.br\/portal\/?p=241214"},"modified":"2024-06-26T10:57:11","modified_gmt":"2024-06-26T13:57:11","slug":"concurso-prefeitura-de-braunas-mg-saiu-edital-salarios-de-ate-r-157-mil","status":"publish","type":"post","link":"https:\/\/www.novaconcursos.com.br\/portal\/noticias\/concurso-prefeitura-de-braunas-mg-saiu-edital-salarios-de-ate-r-157-mil\/","title":{"rendered":"Concurso Prefeitura de Bra\u00fanas \u2013 MG: Inscri\u00e7\u00f5es para sal\u00e1rios de at\u00e9 R$ 15,7 mil encerram hoje (05)!"},"content":{"rendered":"<p>Saiu o edital do novo concurso p\u00fablico da\u00a0<strong>Prefeitura de Bra\u00fanas<\/strong>, em Minas Gerais.<\/p>\n\n\n\n<p>As oportunidades s\u00e3o para os\u00a0<strong>n\u00edveis fundamental, m\u00e9dio e superior<\/strong>. Os sal\u00e1rios chegam a\u00a0<strong>R$ 15,7 mil<\/strong>!<\/p>\n\n\n\n<p><strong>Como posso realizar a minha inscri\u00e7\u00e3o no concurso da Prefeitura de Bra\u00fanas MG?<\/strong><\/p>\n\n\n\n<p>As inscri\u00e7\u00f5es ficar\u00e3o abertas das\u00a0<strong>9 horas do dia 5 de junho at\u00e9 \u00e0s 21 horas do dia 5 de julho<\/strong>.<\/p>\n\n\n\n<p>O cadastro ser\u00e1 realizado pelo site da\u00a0Seap Concursos, organizadora do concurso.<\/p>\n\n\n\n<p>A taxa de inscri\u00e7\u00e3o varia de\u00a0<strong>R$ 35,00 a R$ 80,00<\/strong>, podendo ser pago at\u00e9 o dia\u00a0<strong>5 de julho<\/strong>.<\/p>\n\n\n\n<p><strong>Posso participar do concurso da Prefeitura de Bra\u00fanas \u2013 MG?<\/strong><\/p>\n\n\n\n<p>S\u00e3o\u00a0<strong>17 vagas<\/strong>\u00a0para os\u00a0<strong>n\u00edveis fundamental, m\u00e9dio e superior<\/strong>.<\/p>\n\n\n\n<p>Os sal\u00e1rios variam entre\u00a0<strong>R$ 954,00 a R$ 15.784,20<\/strong>\u00a0em jornadas de trabalho que v\u00e3o de\u00a0<strong>16 a 40 horas semanais<\/strong>.<\/p>\n\n\n\n<p><strong>Como \u00e9 realizada a avalia\u00e7\u00e3o do concurso da Prefeitura de Bra\u00fanas-MG?<\/strong><\/p>\n\n\n\n<p>A avalia\u00e7\u00e3o ser\u00e1 realizada atrav\u00e9s de uma prova\u00a0<strong>objetiva<\/strong>, marcada para o final de semana dos dias\u00a0<strong>4 e 5 de agosto<\/strong>.<\/p>\n\n\n\n<p>O\u00a0<strong>conte\u00fado program\u00e1tico<\/strong>\u00a0ser\u00e1:<\/p>\n\n\n\n<p>\u2013 L\u00edngua Portuguesa;<br>\u2013 Racioc\u00ednio L\u00f3gico;<br>\u2013 Inform\u00e1tica;<br>\u2013 Conhecimentos Espec\u00edficos.<\/p>\n\n\n\n<p>Alguns cargos tamb\u00e9m ter\u00e3o<strong>\u00a0avalia\u00e7\u00f5es pr\u00e1ticas e exame de t\u00edtulos<\/strong>.<\/p>\n\n\n\n<p>O concurso ser\u00e1 v\u00e1lido por dois anos a partir da data de homologa\u00e7\u00e3o do resultado final, podendo ainda ser prorrogado uma vez pelo mesmo per\u00edodo.<\/p>\n\n\n\n<p>A\u00a0<strong>Nova\u2002Concursos<\/strong>\u00a0tem ajudado h\u00e1 mais de 10 anos quem quer vencer a batalha do concurso p\u00fablico. Se voc\u00ea quer aumentar as suas chances de passar, conhe\u00e7a os nossos materiais, acessando o nosso site!<\/p>","protected":false},"excerpt":{"rendered":"<p>Saiu o edital do novo concurso p\u00fablico da\u00a0Prefeitura de Bra\u00fanas, em Minas Gerais. As oportunidades s\u00e3o para os\u00a0n\u00edveis fundamental, m\u00e9dio e superior. Os sal\u00e1rios chegam a\u00a0R$ 15,7 mil! Como posso realizar a minha inscri\u00e7\u00e3o no concurso da Prefeitura de Bra\u00fanas MG? As inscri\u00e7\u00f5es ficar\u00e3o abertas das\u00a09 horas do dia 5 de junho at\u00e9 \u00e0s 21 [&hellip;]<\/p>\n","protected":false},"author":46247,"featured_media":0,"comment_status":"closed","ping_status":"closed","sticky":false,"template":"","format":"standard","meta":{"_acf_changed":false,"footnotes":"","_wp_rev_ctl_limit":""},"categories":[228],"tags":[],"class_list":["post-241214","post","type-post","status-publish","format-standard","hentry","category-noticias"],"acf":[],"_links":{"self":[{"href":"https:\/\/www.novaconcursos.com.br\/portal\/wp-json\/wp\/v2\/posts\/241214","targetHints":{"allow":["GET"]}}],"collection":[{"href":"https:\/\/www.novaconcursos.com.br\/portal\/wp-json\/wp\/v2\/posts"}],"about":[{"href":"https:\/\/www.novaconcursos.com.br\/portal\/wp-json\/wp\/v2\/types\/post"}],"author":[{"embeddable":true,"href":"https:\/\/www.novaconcursos.com.br\/portal\/wp-json\/wp\/v2\/users\/46247"}],"replies":[{"embeddable":true,"href":"https:\/\/www.novaconcursos.com.br\/portal\/wp-json\/wp\/v2\/comments?post=241214"}],"version-history":[{"count":1,"href":"https:\/\/www.novaconcursos.com.br\/portal\/wp-json\/wp\/v2\/posts\/241214\/revisions"}],"predecessor-version":[{"id":241217,"href":"https:\/\/www.novaconcursos.com.br\/portal\/wp-json\/wp\/v2\/posts\/241214\/revisions\/241217"}],"wp:attachment":[{"href":"https:\/\/www.novaconcursos.com.br\/portal\/wp-json\/wp\/v2\/media?parent=241214"}],"wp:term":[{"taxonomy":"category","embeddable":true,"href":"https:\/\/www.novaconcursos.com.br\/portal\/wp-json\/wp\/v2\/categories?post=241214"},{"taxonomy":"post_tag","embeddable":true,"href":"https:\/\/www.novaconcursos.com.br\/portal\/wp-json\/wp\/v2\/tags?post=241214"}],"curies":[{"name":"wp","href":"https:\/\/api.w.org\/{rel}","templated":true}]}}