{"id":241421,"date":"2018-01-04T17:41:00","date_gmt":"2018-01-04T19:41:00","guid":{"rendered":"https:\/\/www.novaconcursos.com.br\/portal\/?p=241421"},"modified":"2024-06-26T17:42:33","modified_gmt":"2024-06-26T20:42:33","slug":"prefeitura-de-praia-grande-sp-abre-inscricoes-de-selecao-para-professores-2017-12","status":"publish","type":"post","link":"https:\/\/www.novaconcursos.com.br\/portal\/noticias\/prefeitura-de-praia-grande-sp-abre-inscricoes-de-selecao-para-professores-2017-12\/","title":{"rendered":"Prefeitura de Praia Grande SP encerra inscri\u00e7\u00f5es de sele\u00e7\u00e3o para Professores!"},"content":{"rendered":"<p>Aten\u00e7\u00e3o\u00a0<strong>concurseiros da \u00e1rea de educa\u00e7\u00e3o do litoral paulista<\/strong>! As\u00a0<strong>inscri\u00e7\u00f5es<\/strong>\u00a0para o novo\u00a0<strong>Concurso da Prefeitura<\/strong>\u00a0<strong>Municipal de Praia Grande<\/strong>, no interior de S\u00e3o Paulo, encerram hoje<strong>!<\/strong><\/p>\n\n\n\n<p>As vagas s\u00e3o para\u00a0<strong>forma\u00e7\u00e3o de cadastro reserva<\/strong>\u00a0de Professores em diversas \u00e1reas. Os candidatos devem possuir\u00a0<strong>n\u00edvel superior<\/strong>\u00a0e os sal\u00e1rios s\u00e3o de at\u00e9\u00a0<strong>R$ 3 mil!<\/strong><\/p>\n\n\n\n<p><strong>Inscri\u00e7\u00f5es<\/strong><\/p>\n\n\n\n<p>As inscri\u00e7\u00f5es est\u00e3o abertas at\u00e9 \u00e0s\u00a0<strong>14h<\/strong>\u00a0de hoje, dia\u00a0<strong>4 de janeiro de 2018.<\/strong><\/p>\n\n\n\n<p>Para participar, os interessados devem acessar o site da organizadora, a\u00a0IBAM.<\/p>\n\n\n\n<p>O valor da inscri\u00e7\u00e3o \u00e9 de\u00a0<strong>R$ 85,00<\/strong>, devendo ser pago, por meio de\u00a0boleto banc\u00e1rio gerado no ato da\u00a0inscri\u00e7\u00e3o, at\u00e9 o dia\u00a0<strong>04\/01\/2018<\/strong>\u00a0respeitado o hor\u00e1rio banc\u00e1rio.<\/p>\n\n\n\n<p><strong>Vagas e sal\u00e1rios<\/strong><\/p>\n\n\n\n<p>As\u00a0vagas s\u00e3o para\u00a0<strong>forma\u00e7\u00e3o de cadastro reserva<\/strong>\u00a0nos seguintes cargos:<\/p>\n\n\n\n<p>Professor Adjunto I (Educa\u00e7\u00e3o Infantil, 1\u00ba ao 5\u00ba ano do Ensino Fundamental Regular e 1\u00ba segmento do Ensino Fundamental da Educa\u00e7\u00e3o de Jovens e Adultos) e Professores III nas disciplinas de: F\u00edsica, Qu\u00edmica, Biologia, Ci\u00eancias F\u00edsicas e Biol\u00f3gicas, Educa\u00e7\u00e3o Art\u00edstica, Educa\u00e7\u00e3o Especial \u2013 DM\/ DI, Educa\u00e7\u00e3o F\u00edsica, Geografia, Hist\u00f3ria, Ingl\u00eas, L\u00edngua Portuguesa e Matem\u00e1tica, respectivamente.<\/p>\n\n\n\n<p>As remunera\u00e7\u00f5es de\u00a0<strong>R$ 3.004,48<\/strong>\u00a0ou de\u00a0<strong>R$ 26,47<\/strong>\u00a0por hora-aula.<\/p>\n\n\n\n<p><strong>Atribui\u00e7\u00f5es dos cargos<\/strong><\/p>\n\n\n\n<p>Saiba\u00a0<strong>o que faz cada um dos cargos oferecidos<\/strong>, escolha sua vaga e\u00a0prepara-se para a aprova\u00e7\u00e3o!<\/p>\n\n\n\n<p><em>Cargo Professor Adjunto I (Educa\u00e7\u00e3o Infantil, 1\u00ba ao 5\u00ba ano e 1\u00ba segmento do Ensino Fundamental da Educa\u00e7\u00e3o de Jovens e Adultos)<\/em>:<\/p>\n\n\n\n<p>Executa servi\u00e7os voltados \u00e0 \u00e1rea da Educa\u00e7\u00e3o Infantil, Ensino Fundamental de 1\u00ba ao 5\u00ba ano regular e no 1\u00ba segmento da Educa\u00e7\u00e3o de Jovens e Adultos e, em car\u00e1ter de substitui\u00e7\u00e3o, por tempo determinado, organizando e promovendo atividades espec\u00edficas de forma individual e coletiva com vista ao atendimento a diversidade humana, participa de atividades visando \u00e0 melhoria da pr\u00e1tica, o aprofundamento dos conhecimentos te\u00f3ricos contribuindo para a consecu\u00e7\u00e3o da Pol\u00edtica Educacional do Munic\u00edpio; atua de acordo com o estabelecido na Pol\u00edtica Nacional de Educa\u00e7\u00e3o Especial na perspectiva da Educa\u00e7\u00e3o Inclusiva; desenvolve programas de cunho s\u00f3cio-educativos e projetos pedag\u00f3gicos de acordo com sua habilita\u00e7\u00e3o, executa demais atividades afins, especificadas em legisla\u00e7\u00e3o pr\u00f3pria.<\/p>\n\n\n\n<p><em>Cargo Professor III (L\u00edngua Portuguesa, Matem\u00e1tica, Hist\u00f3ria, Geografia, Educa\u00e7\u00e3o Art\u00edstica, Ingl\u00eas, Ci\u00eancias F\u00edsicas e Biol\u00f3gicas):<\/em><\/p>\n\n\n\n<p>Executa servi\u00e7os voltados \u00e0 \u00e1rea do Ensino Fundamental de 6\u00ba ao 9\u00ba ano regular, 2\u00ba segmento do Ensino Fundamental e Ensino M\u00e9dio da Educa\u00e7\u00e3o de Jovens e Adultos, em car\u00e1ter de substitui\u00e7\u00e3o, por tempo determinado, organizando e promovendo atividades espec\u00edficas de forma individual e coletiva com vista ao atendimento a diversidade humana, participa de atividades visando a melhoria da pr\u00e1tica, o aprofundamento dos conhecimentos te\u00f3ricos contribuindo para a consecu\u00e7\u00e3o da Pol\u00edtica Educacional do Munic\u00edpio; atua de acordo com o estabelecido na Pol\u00edtica Nacional de Educa\u00e7\u00e3o Especial na perspectiva da Educa\u00e7\u00e3o Inclusiva; desenvolve programas de cunho s\u00f3cio-educativos e projetos pedag\u00f3gicos de acordo com sua habilita\u00e7\u00e3o, executa demais atividades afins, especificadas em legisla\u00e7\u00e3o pr\u00f3pria.<\/p>\n\n\n\n<p><em>Cargo Professor III (Biologia, F\u00edsica, Qu\u00edmica):<\/em><\/p>\n\n\n\n<p>Executa servi\u00e7os voltados \u00e0 \u00e1rea do Ensino M\u00e9dio na Educa\u00e7\u00e3o de Jovens e Adultos, em car\u00e1ter de substitui\u00e7\u00e3o, por tempo determinado, organizando e promovendo atividades espec\u00edficas de forma individual e coletiva com vista ao atendimento a diversidade humana, participa de atividades visando a melhoria da pr\u00e1tica, o aprofundamento dos conhecimentos te\u00f3ricos contribuindo para a consecu\u00e7\u00e3o da Pol\u00edtica Educacional do Munic\u00edpio; atua de acordo com o estabelecido na Pol\u00edtica Nacional de Educa\u00e7\u00e3o Especial na perspectiva da Educa\u00e7\u00e3o Inclusiva; desenvolve programas de cunho s\u00f3cio-educativos e projetos pedag\u00f3gicos de acordo com sua habilita\u00e7\u00e3o, executa demais atividades afins, especificadas em legisla\u00e7\u00e3o pr\u00f3pria.<\/p>\n\n\n\n<p><em>Cargo Professor III (Educa\u00e7\u00e3o F\u00edsica):<\/em><\/p>\n\n\n\n<p>Executa servi\u00e7os de sua forma\u00e7\u00e3o espec\u00edfica em car\u00e1ter de substitui\u00e7\u00e3o, por tempo determinado, voltados \u00e0 \u00e1rea da Educa\u00e7\u00e3o Infantil, do Ensino Fundamental Regular (1\u00ba ao 9\u00ba ano), Ensino Fundamental e Ensino M\u00e9dio da Educa\u00e7\u00e3o de Jovens e Adultos e Educa\u00e7\u00e3o Especial, em car\u00e1ter de substitui\u00e7\u00e3o, por tempo determinado, organizando e promovendo atividades espec\u00edficas de forma individual e coletiva, recrea\u00e7\u00e3o, modalidades ol\u00edmpicas e participa de atividades visando \u00e0 melhoria da pr\u00e1tica, o aprofundamento dos conhecimentos te\u00f3ricos contribuindo para a consecu\u00e7\u00e3o da Pol\u00edtica Educacional do Munic\u00edpio com vista ao atendimento a diversidade humana; atua de acordo com o estabelecido na Pol\u00edtica Nacional de Educa\u00e7\u00e3o Especial na perspectiva da Educa\u00e7\u00e3o Inclusiva; desenvolve programas de cunho s\u00f3cio-educativos e projetos pedag\u00f3gicos de acordo com sua habilita\u00e7\u00e3o, executa demais atividades afins, especificadas em legisla\u00e7\u00e3o pr\u00f3pria.<\/p>\n\n\n\n<p><em>Cargo Professor III (Educa\u00e7\u00e3o Especial \u2013 DM\/DI):<\/em><\/p>\n\n\n\n<p>Executa servi\u00e7os voltados \u00e0 \u00e1rea de Educa\u00e7\u00e3o Especial \u2013 defici\u00eancia mental \u2013 em car\u00e1ter de substitui\u00e7\u00e3o, por tempo determinado, atendendo as pessoas com defici\u00eancia mental, organizando e promovendo atividades espec\u00edficas de forma individual e coletiva com vista ao atendimento a diversidade humana, participa de atividades visando \u00e0 melhoria da pr\u00e1tica, o aprofundamento dos conhecimentos te\u00f3ricos contribuindo para a consecu\u00e7\u00e3o da Pol\u00edtica Educacional do Munic\u00edpio; desenvolve programas de cunho s\u00f3cio-educativos e projetos pedag\u00f3gicos de acordo com sua habilita\u00e7\u00e3o, executa demais atividades afins, especificas em legisla\u00e7\u00e3o pr\u00f3pria; realiza atendimento educacional especializado \u2013 AEE nas salas multifuncionais e a\u00e7\u00f5es pertinentes ao atendimento do aluno com defici\u00eancia mental\/intelectual.<\/p>\n\n\n\n<p><strong>Provas<\/strong><\/p>\n\n\n\n<p>A avalia\u00e7\u00e3o do Processo seletivo da<strong>\u00a0Prefeitura de Praia Grande SP<\/strong>\u00a0ser\u00e1 por meio de\u00a0<strong>provas objetivas<\/strong>\u00a0(todos), prevista para o dia\u00a0<strong>21 de janeiro de 2018.<\/strong><\/p>\n\n\n\n<p>O exame objetivo, de car\u00e1ter classificat\u00f3rio e eliminat\u00f3rio, ter\u00e1\u00a0<strong>30 quest\u00f5es<\/strong>\u00a0de m\u00faltipla escolha, sobre as disciplinas L\u00edngua Portuguesa (10 quest\u00f5es) e\u00a0Conhecimentos Gerais de Educa\u00e7\u00e3o e Espec\u00edficos\u00a0(20 quest\u00f5es).<\/p>\n\n\n\n<p>Os\u00a0<strong>locais e hor\u00e1rios<\/strong>\u00a0de aplica\u00e7\u00e3o das provas ser\u00e3o divulgados posteriormente no site da organizadora.<\/p>\n\n\n\n<p>O Processo Seletivo ter\u00e1 prazo de validade de\u00a0<strong>um ano<\/strong>, contado a partir da data de sua homologa\u00e7\u00e3o, podendo este ainda ser prorrogado por igual per\u00edodo, a crit\u00e9rio da Prefeitura de Praia Grande.<\/p>\n\n\n\n<p><strong>Para mais informa\u00e7\u00f5es e acesso ao edital,<\/strong>\u00a0<strong>veja a p\u00e1gina do Concurso Prefeitura de Praia Grande SP<\/strong><\/p>\n\n\n\n<p>A\u00a0<strong>Nova Concursos\u00a0<\/strong>\u00a0tem ajudado h\u00e1 mais de 8 anos quem quer vencer a batalha do concurso p\u00fablico. Se voc\u00ea quer aumentar as suas chances de passar, conhe\u00e7a os nossos materiais, acessando o nosso site!<\/p>","protected":false},"excerpt":{"rendered":"<p>Aten\u00e7\u00e3o\u00a0concurseiros da \u00e1rea de educa\u00e7\u00e3o do litoral paulista! As\u00a0inscri\u00e7\u00f5es\u00a0para o novo\u00a0Concurso da Prefeitura\u00a0Municipal de Praia Grande, no interior de S\u00e3o Paulo, encerram hoje! As vagas s\u00e3o para\u00a0forma\u00e7\u00e3o de cadastro reserva\u00a0de Professores em diversas \u00e1reas. Os candidatos devem possuir\u00a0n\u00edvel superior\u00a0e os sal\u00e1rios s\u00e3o de at\u00e9\u00a0R$ 3 mil! Inscri\u00e7\u00f5es As inscri\u00e7\u00f5es est\u00e3o abertas at\u00e9 \u00e0s\u00a014h\u00a0de hoje, dia\u00a04 [&hellip;]<\/p>\n","protected":false},"author":16,"featured_media":0,"comment_status":"closed","ping_status":"closed","sticky":false,"template":"","format":"standard","meta":{"_acf_changed":false,"footnotes":"","_wp_rev_ctl_limit":""},"categories":[228],"tags":[],"class_list":["post-241421","post","type-post","status-publish","format-standard","hentry","category-noticias"],"acf":[],"_links":{"self":[{"href":"https:\/\/www.novaconcursos.com.br\/portal\/wp-json\/wp\/v2\/posts\/241421","targetHints":{"allow":["GET"]}}],"collection":[{"href":"https:\/\/www.novaconcursos.com.br\/portal\/wp-json\/wp\/v2\/posts"}],"about":[{"href":"https:\/\/www.novaconcursos.com.br\/portal\/wp-json\/wp\/v2\/types\/post"}],"author":[{"embeddable":true,"href":"https:\/\/www.novaconcursos.com.br\/portal\/wp-json\/wp\/v2\/users\/16"}],"replies":[{"embeddable":true,"href":"https:\/\/www.novaconcursos.com.br\/portal\/wp-json\/wp\/v2\/comments?post=241421"}],"version-history":[{"count":1,"href":"https:\/\/www.novaconcursos.com.br\/portal\/wp-json\/wp\/v2\/posts\/241421\/revisions"}],"predecessor-version":[{"id":241422,"href":"https:\/\/www.novaconcursos.com.br\/portal\/wp-json\/wp\/v2\/posts\/241421\/revisions\/241422"}],"wp:attachment":[{"href":"https:\/\/www.novaconcursos.com.br\/portal\/wp-json\/wp\/v2\/media?parent=241421"}],"wp:term":[{"taxonomy":"category","embeddable":true,"href":"https:\/\/www.novaconcursos.com.br\/portal\/wp-json\/wp\/v2\/categories?post=241421"},{"taxonomy":"post_tag","embeddable":true,"href":"https:\/\/www.novaconcursos.com.br\/portal\/wp-json\/wp\/v2\/tags?post=241421"}],"curies":[{"name":"wp","href":"https:\/\/api.w.org\/{rel}","templated":true}]}}