{"id":24158,"date":"2025-06-17T10:08:26","date_gmt":"2025-06-17T13:08:26","guid":{"rendered":"http:\/\/www.novaconcursos.com.br\/portal\/?post_type=nc-public-tender&#038;p=24158"},"modified":"2025-12-09T09:32:38","modified_gmt":"2025-12-09T12:32:38","slug":"concurso-anp","status":"publish","type":"post","link":"https:\/\/www.novaconcursos.com.br\/portal\/concursos\/concurso-anp\/","title":{"rendered":"Concurso ANP: Banca definida! 66 vagas no CNU 2025!"},"content":{"rendered":"<p>Aten\u00e7\u00e3o, concurseiros! Um novo concurso ANP (<a href=\"https:\/\/www.novaconcursos.com.br\/concursos\">Ag\u00eancia Nacional do Petr\u00f3leo<\/a>) ser\u00e1 publicado dentro do Concurso Nacional Unificado (CNU) 2025. A banca organizadora do certame j\u00e1 foi definida, ficando sob responsabilidade da <mark style=\"background-color:#8ed1fc\" class=\"has-inline-color\">Funda\u00e7\u00e3o Get\u00falio Vargas (FGV).<\/mark><\/p>\n\n\n\n<p>A sele\u00e7\u00e3o vai oferecer <strong>66 vagas<\/strong>, sendo 50 vagas para n\u00edvel superior e 16 vagas para n\u00edvel intermedi\u00e1rio. O edital deve sair em julho, com aplica\u00e7\u00e3o da prova objetiva marcada para 5 de outubro.<\/p>\n\n\n\n<p>Apesar de j\u00e1 contar com vagas no <a href=\"https:\/\/www.novaconcursos.com.br\/portal\/concursos\/cnu\/\">CNU<\/a> 2025, <strong>a ANP solicitou a realiza\u00e7\u00e3o de um novo concurso<\/strong>, com 143 oportunidades distribu\u00eddas entre diferentes cargos. Se voc\u00ea tem interesse em trabalhar na ANP, esta \u00e9 uma excelente oportunidade. Continue a leitura e veja todos os detalhes sobre cargos, etapas e sal\u00e1rios!<\/p>\n\n\n\n<h2 class=\"wp-block-heading\" id=\"situao-atual-do-concurso-anp\">Situa\u00e7\u00e3o atual do concurso ANP<\/h2>\n\n\n\n<p>Confira as movimenta\u00e7\u00f5es e o hist\u00f3rico do concurso ANP:<\/p>\n\n\n\n<ul class=\"wp-block-list\"><li><strong>12 de junho de 2025 <\/strong>\u2013 Pedido de novo edital \u00e9 enviado para 143 vagas.<\/li>\n\n\n\n<li><strong>5 de junho de 2025 <\/strong>\u2013 FGV ser\u00e1 a banca organizadora do CNU 2025. <\/li>\n\n\n\n<li><strong>28 de abril de 2025<\/strong> \u2013 ANP tem 66 vagas confirmadas no CNU 2025.<\/li>\n\n\n\n<li><strong>26 de abril de 2025<\/strong> \u2013 <a href=\"https:\/\/www.novaconcursos.com.br\/portal\/noticias\/concurso-anp-autorizacao-cnu\/\">Pedido de novo concurso segue em tramita\u00e7\u00e3o no governo.<\/a><\/li>\n\n\n\n<li><strong>20 de mar\u00e7o de 2025<\/strong> \u2013 Congresso Nacional aprova a PLOA com previs\u00e3o de vagas para a ANP.<\/li>\n\n\n\n<li><strong>31 de maio de 2023<\/strong> \u2013 <a href=\"https:\/\/www.novaconcursos.com.br\/portal\/noticias\/anp-confirma-que-enviara-novo-pedido-de-autorizacao-para-realizar-concurso\/\">Solicita\u00e7\u00e3o de novo concurso \u00e9 enviada ao MGI.<\/a><\/li>\n<\/ul><h2 class=\"wp-block-heading\" id=\"concurso-anp-edital-confirmado-no-cnu-2025\">Concurso ANP: Edital confirmado no CNU 2025<\/h2>\n\n\n\n<p>O concurso da <a href=\"https:\/\/www.gov.br\/anp\/pt-br\" target=\"_blank\" rel=\"noopener\">Ag\u00eancia Nacional do Petr\u00f3leo, G\u00e1s Natural e Biocombust\u00edveis (ANP)<\/a> est\u00e1 confirmado no novo Concurso Nacional Unificado (CNU) de 2025. O edital j\u00e1 foi oficialmente autorizado e trar\u00e1 <strong>66 vagas imediatas<\/strong>.<\/p>\n\n\n\n<p>Desse total, <strong>50 vagas ser\u00e3o destinadas a cargos de n\u00edvel superior<\/strong>, enquanto <strong>16 ser\u00e3o para o n\u00edvel intermedi\u00e1rio<\/strong>. A Funda\u00e7\u00e3o Getulio Vargas (FGV) foi escolhida como banca organizadora do certame.<\/p>\n\n\n\n<p>Confira a dispensa de licita\u00e7\u00e3o: <\/p>\n\n\n\n<figure class=\"wp-block-image size-full\"><a href=\"https:\/\/www.novaconcursos.com.br\/portal\/wp-content\/uploads\/2025\/06\/banca-anp.webp\"><img decoding=\"async\" width=\"744\" height=\"383\" src=\"https:\/\/www.novaconcursos.com.br\/portal\/wp-content\/uploads\/2025\/06\/banca-anp.webp\" alt=\"A banca organizadora do concurso ANP foi definida!\" class=\"wp-image-285721\" loading=\"lazy\" title=\"\" srcset=\"https:\/\/www.novaconcursos.com.br\/portal\/wp-content\/uploads\/2025\/06\/banca-anp-300x154.webp 300w, https:\/\/www.novaconcursos.com.br\/portal\/wp-content\/uploads\/2025\/06\/banca-anp-480x247.webp 480w, https:\/\/www.novaconcursos.com.br\/portal\/wp-content\/uploads\/2025\/06\/banca-anp.webp 744w\" sizes=\"auto, (max-width: 480px) 100vw, (max-width: 768px) 100vw, (max-width: 1200px) 70vw, 768px\"><\/a><figcaption class=\"wp-element-caption\"><em>A banca organizadora do concurso ANP foi definida!<\/em><\/figcaption><\/figure><p>Segundo o cronograma preliminar, o edital do concurso ANP e o per\u00edodo de inscri\u00e7\u00f5es est\u00e3o previstos para <strong>julho<\/strong>, enquanto a prova objetiva ser\u00e1 aplicada em 5 de outubro de 2025.<\/p>\n\n\n\n<p>Vale lembrar que a ANP havia solicitado ao Minist\u00e9rio da Gest\u00e3o e Inova\u00e7\u00e3o (MGI) o provimento de <strong>132 vagas<\/strong> para os cargos de Especialista, Analista e T\u00e9cnico, mas 66 foram confirmadas para esta edi\u00e7\u00e3o vinculada ao CNU.<\/p>\n\n\n\n<h2 class=\"wp-block-heading\" id=\"vagas-do-concurso-anp\">Vagas do concurso ANP<\/h2>\n\n\n\n<p>Confira a distribui\u00e7\u00e3o oficial das vagas ofertadas no concurso ANP 2025:<\/p>\n\n\n\n<ul class=\"wp-block-list\"><li><strong>Especialista em Geologia e Geof\u00edsica do Petr\u00f3leo e G\u00e1s Natural<\/strong> \u2013 15 vagas (n\u00edvel superior)<\/li>\n\n\n\n<li><strong>Especialista em Regula\u00e7\u00e3o de Petr\u00f3leo, Derivados, \u00c1lcool Combust\u00edvel e G\u00e1s Natural<\/strong> \u2013 35 vagas (n\u00edvel superior)<\/li>\n\n\n\n<li><strong>T\u00e9cnico em Regula\u00e7\u00e3o de Petr\u00f3leo, Derivados, \u00c1lcool Combust\u00edvel e G\u00e1s Natural<\/strong> \u2013 16 vagas (n\u00edvel m\u00e9dio)<\/li>\n<\/ul><h3 class=\"wp-block-heading\">Requisitos<\/h3>\n\n\n\n<p>Os requisitos b\u00e1sicos para ingressar nos cargos do <strong>concurso ANP 2025<\/strong> s\u00e3o:<\/p>\n\n\n\n<ul class=\"wp-block-list\"><li><strong>T\u00e9cnico em Regula\u00e7\u00e3o de Petr\u00f3leo e Derivados, \u00c1lcool Combust\u00edvel e G\u00e1s Natural<\/strong>: ensino m\u00e9dio completo<\/li>\n\n\n\n<li><strong>T\u00e9cnico Administrativo<\/strong>: ensino m\u00e9dio completo<\/li>\n\n\n\n<li><strong>Especialistas<\/strong>: diploma de curso superior compat\u00edvel com a \u00e1rea de atua\u00e7\u00e3o<\/li>\n<\/ul><h2 class=\"wp-block-heading\" id=\"novo-edital-solicitado-com-143-vagas\">Novo edital \u00e9 solicitado com 143 vagas<\/h2>\n\n\n\n<p>Mesmo com vagas j\u00e1 garantidas no CNU 2025, a Ag\u00eancia Nacional do Petr\u00f3leo, G\u00e1s Natural e Biocombust\u00edveis (ANP) deu mais um passo importante e encaminhou um novo pedido de concurso ANP ao Minist\u00e9rio da Gest\u00e3o e da Inova\u00e7\u00e3o (MGI). A solicita\u00e7\u00e3o prev\u00ea <strong>143 vagas efetivas<\/strong>, abrangendo carreiras de n\u00edveis m\u00e9dio e superior.<\/p>\n\n\n\n<p>Segundo o documento enviado pela diretora-geral interina da ag\u00eancia, Patr\u00edcia Huguenin Baran, \u00e0 ministra Esther Dweck, o pedido foi formalizado no dia <strong>29 de maio de 2025<\/strong>.<\/p>\n\n\n\n<h3 class=\"wp-block-heading\">Distribui\u00e7\u00e3o das vagas solicitadas<\/h3>\n\n\n\n<p>As oportunidades contemplam cargos estrat\u00e9gicos da estrutura da ANP. Veja a divis\u00e3o:<\/p>\n\n\n\n<ul class=\"wp-block-list\"><li><strong>Especialista em Regula\u00e7\u00e3o de Petr\u00f3leo, Derivados e G\u00e1s Natural<\/strong> \u2013 65 vagas<\/li>\n\n\n\n<li><strong>Especialista em Geologia e Geof\u00edsica do Petr\u00f3leo e G\u00e1s Natural<\/strong> \u2013 21 vagas<\/li>\n\n\n\n<li><strong>T\u00e9cnico em Regula\u00e7\u00e3o de Petr\u00f3leo, Derivados e G\u00e1s Natural<\/strong> \u2013 16 vagas<\/li>\n\n\n\n<li><strong>Analista Administrativo<\/strong> \u2013 25 vagas<\/li>\n\n\n\n<li><strong>T\u00e9cnico Administrativo<\/strong> \u2013 16 vagas<\/li>\n<\/ul><h3 class=\"wp-block-heading\">Concurso ANP: sal\u00e1rios atrativos<\/h3>\n\n\n\n<p>As carreiras oferecidas no novo concurso ANP t\u00eam sal\u00e1rios iniciais bastante competitivos. De acordo com os dados mais recentes, os vencimentos variam entre <strong>R$8.648,17 e R$17.413,35<\/strong>, j\u00e1 incluindo o <strong>aux\u00edlio-alimenta\u00e7\u00e3o de R$1.000<\/strong>, valor pago a servidores do Executivo Federal.<\/p>\n\n\n\n<h3 class=\"wp-block-heading\">Nomea\u00e7\u00f5es previstas para 2026<\/h3>\n\n\n\n<p>O cronograma apresentado junto ao pedido prev\u00ea que o <strong>provimento das vagas ocorra ao longo do ano de 2026<\/strong>, refor\u00e7ando a import\u00e2ncia de antecipar os estudos para quem deseja conquistar uma das oportunidades.<\/p>\n\n\n\n<h2 class=\"wp-block-heading\" id=\"dficit-de-servidores-na-anp\">D\u00e9ficit de servidores na ANP<\/h2>\n\n\n\n<p>O concurso ANP chega para reduzir o alto n\u00famero de cargos vagos na ag\u00eancia. Atualmente, h\u00e1 <strong>143 vagas em aberto<\/strong>, com o seguinte d\u00e9ficit por cargo:<\/p>\n\n\n\n<ul class=\"wp-block-list\"><li>Especialista em Regula\u00e7\u00e3o: 65 vagas<\/li>\n\n\n\n<li>Especialista em Geologia e Geof\u00edsica: 21 vagas<\/li>\n\n\n\n<li>T\u00e9cnico em Regula\u00e7\u00e3o: 16 vagas<\/li>\n\n\n\n<li>Analista Administrativo: 25 vagas<\/li>\n\n\n\n<li>T\u00e9cnico Administrativo: 16 vagas<\/li>\n<\/ul><h2 class=\"wp-block-heading\" id=\"salrios-atualizados-no-concurso-anp\">Sal\u00e1rios atualizados no concurso ANP<\/h2>\n\n\n\n<p>Com o reajuste de 9% concedido aos servidores federais em 2023, os sal\u00e1rios oferecidos no concurso ANP ficaram ainda mais atrativos:<\/p>\n\n\n\n<ul class=\"wp-block-list\"><li><strong>Especialistas (Regula\u00e7\u00e3o\/Geologia e Geof\u00edsica)<\/strong>: de R$ 15.058,12 para <strong>R$ 16.413,35<\/strong><\/li>\n\n\n\n<li><strong>Analista Administrativo<\/strong>: de R$ 13.695,72 para <strong>R$ 15.050,25<\/strong><\/li>\n\n\n\n<li><strong>T\u00e9cnico em Regula\u00e7\u00e3o<\/strong>: de R$ 7.388,37 para <strong>R$ 8.053,32<\/strong><\/li>\n\n\n\n<li><strong>T\u00e9cnico Administrativo<\/strong>: de R$ 7.016,67 para <strong>R$ 7.648,17<\/strong><\/li>\n<\/ul><h2 class=\"wp-block-heading\" id=\"como-participar-do-concurso-nacional-unificado-cnu-2025\">Como participar do Concurso Nacional Unificado (CNU) 2025<\/h2>\n\n\n\n<p>Se voc\u00ea sonha com uma vaga no servi\u00e7o p\u00fablico federal, o Concurso Nacional Unificado (CNU) 2025 \u00e9 uma excelente oportunidade! Considerado um dos maiores certames previstos para o ano, o CNU ter\u00e1 seu per\u00edodo de inscri\u00e7\u00f5es aberto em <strong>julho de 2025<\/strong>, segundo o cronograma preliminar. Por isso, \u00e9 essencial se organizar com anteced\u00eancia e acompanhar as atualiza\u00e7\u00f5es oficiais.<\/p>\n\n\n\n<p>Apesar de o edital ainda n\u00e3o ter sido divulgado, a ministra da Gest\u00e3o e Inova\u00e7\u00e3o, Esther Dweck, j\u00e1 informou que as <strong>taxas de inscri\u00e7\u00e3o ser\u00e3o acess\u00edveis<\/strong>. Os valores estimados s\u00e3o os seguintes:<\/p>\n\n\n\n<ul class=\"wp-block-list\"><li><strong>R$ 90,00<\/strong> para cargos de n\u00edvel superior<\/li>\n\n\n\n<li><strong>R$ 60,00<\/strong> para cargos de n\u00edvel m\u00e9dio<\/li>\n<\/ul><p>A inscri\u00e7\u00e3o no CNU exige aten\u00e7\u00e3o estrat\u00e9gica. O modelo adotado organiza os cargos em <strong>blocos tem\u00e1ticos<\/strong>, e o candidato deve seguir os seguintes passos:<\/p>\n\n\n\n<ol class=\"wp-block-list\"><li>Acessar o portal oficial do CNU<\/li>\n\n\n\n<li>Escolher o <strong>bloco tem\u00e1tico<\/strong> (grupo de cargos com \u00e1reas similares)<\/li>\n\n\n\n<li>Selecionar o cargo desejado dentro do bloco<\/li>\n\n\n\n<li>Definir a <strong>ordem de prefer\u00eancia<\/strong> entre os cargos do mesmo bloco<\/li>\n\n\n\n<li>Indicar a especialidade, quando houver essa subdivis\u00e3o<\/li>\n\n\n\n<li>Finalizar a inscri\u00e7\u00e3o dentro do prazo indicado no edital<\/li>\n<\/ol><p>Al\u00e9m disso, haver\u00e1 isen\u00e7\u00e3o da taxa de inscri\u00e7\u00e3o para determinados perfis. Estar\u00e3o aptos ao benef\u00edcio candidatos que:<\/p>\n\n\n\n<ul class=\"wp-block-list\"><li>Estiverem inscritos no <strong>Cad\u00danico<\/strong> (Cadastro \u00danico para Programas Sociais)<\/li>\n\n\n\n<li>Forem benefici\u00e1rios (ou ex-benefici\u00e1rios) do <strong>Fies<\/strong> ou <strong>ProUni<\/strong><\/li>\n\n\n\n<li>Possu\u00edrem registro oficial como <strong>doadores de medula \u00f3ssea<\/strong><\/li>\n<\/ul><h2 class=\"wp-block-heading\" id=\"etapas-do-processo-seletivo-do-cnu-2025\">Etapas do processo seletivo do CNU 2025<\/h2>\n\n\n\n<p>O processo seletivo do Concurso Nacional Unificado 2025 ser\u00e1 composto por duas grandes etapas, conforme anunciado pelo governo:<\/p>\n\n\n\n<h3 class=\"wp-block-heading\">Primeira etapa:<\/h3>\n\n\n\n<ul class=\"wp-block-list\"><li><strong>Prova objetiva<\/strong>, com quest\u00f5es de m\u00faltipla escolha<\/li>\n\n\n\n<li><strong>Prova discursiva<\/strong>, adaptada ao bloco tem\u00e1tico e ao cargo escolhido<\/li>\n\n\n\n<li><strong>An\u00e1lise de t\u00edtulos<\/strong>, exclusiva para candidatos de n\u00edvel superior<\/li>\n\n\n\n<li><strong>Avalia\u00e7\u00f5es complementares<\/strong>, como exames m\u00e9dicos ou verifica\u00e7\u00e3o de autodeclara\u00e7\u00e3o (heteroidentifica\u00e7\u00e3o), conforme exig\u00eancia do cargo<\/li>\n<\/ul><h3 class=\"wp-block-heading\">Segunda etapa:<\/h3>\n\n\n\n<ul class=\"wp-block-list\"><li><strong>Curso de forma\u00e7\u00e3o<\/strong>, obrigat\u00f3rio apenas para os cargos que preveem essa fase. O curso ser\u00e1 realizado ap\u00f3s a aprova\u00e7\u00e3o nas etapas anteriores.<\/li>\n<\/ul><h2 class=\"wp-block-heading\" id=\"o-que-cai-na-prova-do-concurso-anp\">O que cai na prova do concurso ANP?<\/h2>\n\n\n\n<p>Confira o que cai na prova do concurso ANP, de acordo com o \u00faltimo edital:<\/p>\n\n\n\n<h3 class=\"wp-block-heading\">L\u00edngua Portuguesa<\/h3>\n\n\n\n<ul class=\"wp-block-list\"><li>Compreens\u00e3o e interpreta\u00e7\u00e3o de textos de g\u00eaneros variados<\/li>\n\n\n\n<li>Reconhecimento de tipos e g\u00eaneros textuais<\/li>\n\n\n\n<li>Dom\u00ednio da ortografia oficial<\/li>\n\n\n\n<li>Dom\u00ednio dos mecanismos de coes\u00e3o textual\n<ul class=\"wp-block-list\"><li>Emprego de elementos de referencia\u00e7\u00e3o, substitui\u00e7\u00e3o e repeti\u00e7\u00e3o, de conectores e de outros elementos de sequencia\u00e7\u00e3o textual<\/li>\n\n\n\n<li>Emprego de tempos e modos verbais<\/li>\n<\/ul><\/li>\n\n\n\n<li>Dom\u00ednio da estrutura morfossint\u00e1tica do per\u00edodo\n<ul class=\"wp-block-list\"><li>Emprego das classes de palavras<\/li>\n\n\n\n<li>Rela\u00e7\u00f5es de coordena\u00e7\u00e3o entre ora\u00e7\u00f5es e entre termos da ora\u00e7\u00e3o<\/li>\n\n\n\n<li>Rela\u00e7\u00f5es de subordina\u00e7\u00e3o entre ora\u00e7\u00f5es e entre termos da ora\u00e7\u00e3o<\/li>\n\n\n\n<li>Emprego dos sinais de pontua\u00e7\u00e3o<\/li>\n\n\n\n<li>Concord\u00e2ncia verbal e nominal<\/li>\n\n\n\n<li>Reg\u00eancia verbal e nominal<\/li>\n\n\n\n<li>Emprego do sinal indicativo de crase<\/li>\n\n\n\n<li>Coloca\u00e7\u00e3o dos pronomes \u00e1tonos<\/li>\n<\/ul><\/li>\n\n\n\n<li>Reescrita de frases e par\u00e1grafos do texto\n<ul class=\"wp-block-list\"><li>Significa\u00e7\u00e3o das palavras<\/li>\n\n\n\n<li>Substitui\u00e7\u00e3o de palavras ou de trechos de texto<\/li>\n\n\n\n<li>Reorganiza\u00e7\u00e3o da estrutura de ora\u00e7\u00f5es e de per\u00edodos do texto<\/li>\n\n\n\n<li>Reescrita de textos de diferentes g\u00eaneros e n\u00edveis de formalidade<\/li>\n<\/ul><\/li>\n<\/ul><h3 class=\"wp-block-heading\">Matem\u00e1tica e Racioc\u00ednio L\u00f3gico<\/h3>\n\n\n\n<ul class=\"wp-block-list\"><li>Conjuntos num\u00e9ricos: n\u00fameros inteiros, racionais e reais<\/li>\n\n\n\n<li>Sistema legal de medidas<\/li>\n\n\n\n<li>Raz\u00f5es e propor\u00e7\u00f5es\n<ul class=\"wp-block-list\"><li>Divis\u00e3o proporcional<\/li>\n\n\n\n<li>Regras de tr\u00eas simples e compostas<\/li>\n\n\n\n<li>Porcentagens<\/li>\n<\/ul><\/li>\n\n\n\n<li>Equa\u00e7\u00f5es e inequa\u00e7\u00f5es de 1\u00ba e de 2\u00ba graus<\/li>\n\n\n\n<li>Sistemas lineares<\/li>\n\n\n\n<li>Fun\u00e7\u00f5es e gr\u00e1ficos<\/li>\n\n\n\n<li>Princ\u00edpios de contagem<\/li>\n\n\n\n<li>Progress\u00f5es aritm\u00e9ticas e geom\u00e9tricas<\/li>\n\n\n\n<li>Compreens\u00e3o de estruturas l\u00f3gicas<\/li>\n\n\n\n<li>L\u00f3gica de argumenta\u00e7\u00e3o: analogias, infer\u00eancias, dedu\u00e7\u00f5es e conclus\u00f5es<\/li>\n\n\n\n<li>L\u00f3gica sentencial (ou proposicional)\n<ul class=\"wp-block-list\"><li>Proposi\u00e7\u00f5es simples e compostas<\/li>\n\n\n\n<li>Tabelas-verdade<\/li>\n\n\n\n<li>Equival\u00eancias<\/li>\n\n\n\n<li>Leis de De Morgan<\/li>\n\n\n\n<li>Diagramas l\u00f3gicos<\/li>\n<\/ul><\/li>\n\n\n\n<li>L\u00f3gica de primeira ordem<\/li>\n\n\n\n<li>Princ\u00edpios de contagem e probabilidade<\/li>\n\n\n\n<li>Opera\u00e7\u00f5es com conjuntos<\/li>\n\n\n\n<li>Racioc\u00ednio l\u00f3gico envolvendo problemas aritm\u00e9ticos, geom\u00e9tricos e matriciais<\/li>\n<\/ul><h3 class=\"wp-block-heading\">No\u00e7\u00f5es de Inform\u00e1tica<\/h3>\n\n\n\n<ul class=\"wp-block-list\"><li>Edi\u00e7\u00e3o de textos, planilhas e apresenta\u00e7\u00f5es (pacotes Microsoft Office 365)<\/li>\n\n\n\n<li>Programas de correio eletr\u00f4nico (Outlook Express)<\/li>\n\n\n\n<li>S\u00edtios de busca e pesquisa na Internet<\/li>\n\n\n\n<li>Grupos de discuss\u00e3o<\/li>\n\n\n\n<li>Redes sociais<\/li>\n\n\n\n<li>Computa\u00e7\u00e3o na nuvem (cloud computing)<\/li>\n\n\n\n<li>Conceitos de organiza\u00e7\u00e3o e de gerenciamento de informa\u00e7\u00f5es, arquivos, pastas e programas<\/li>\n\n\n\n<li>Seguran\u00e7a da informa\u00e7\u00e3o\n<ul class=\"wp-block-list\"><li>Procedimentos de seguran\u00e7a<\/li>\n\n\n\n<li>No\u00e7\u00f5es de v\u00edrus, worms e pragas virtuais<\/li>\n\n\n\n<li>Aplicativos para seguran\u00e7a (antiv\u00edrus, firewall, anti-spyware etc.)<\/li>\n\n\n\n<li>Armazenamento de dados na nuvem (cloud storage)<\/li>\n<\/ul><\/li>\n\n\n\n<li>No\u00e7\u00f5es de Power BI<\/li>\n<\/ul><h3 class=\"wp-block-heading\">No\u00e7\u00f5es de Direito Administrativo<\/h3>\n\n\n\n<ul class=\"wp-block-list\"><li>No\u00e7\u00f5es de organiza\u00e7\u00e3o administrativa<\/li>\n\n\n\n<li>Administra\u00e7\u00e3o direta e indireta, centralizada e descentralizada<\/li>\n\n\n\n<li>Ato administrativo\n<ul class=\"wp-block-list\"><li>Conceito, requisitos, atributos, classifica\u00e7\u00e3o e esp\u00e9cies<\/li>\n<\/ul><\/li>\n\n\n\n<li>Processo administrativo\n<ul class=\"wp-block-list\"><li>Fun\u00e7\u00f5es de administra\u00e7\u00e3o<\/li>\n<\/ul><\/li>\n\n\n\n<li>Agentes p\u00fablicos\n<ul class=\"wp-block-list\"><li>Esp\u00e9cies e classifica\u00e7\u00e3o<\/li>\n\n\n\n<li>Cargo, emprego e fun\u00e7\u00e3o p\u00fablicos<\/li>\n<\/ul><\/li>\n\n\n\n<li>Poderes administrativos\n<ul class=\"wp-block-list\"><li>Hier\u00e1rquico, disciplinar, regulamentar e de pol\u00edcia<\/li>\n\n\n\n<li>Uso e abuso do poder<\/li>\n<\/ul><\/li>\n\n\n\n<li>Lei n\u00ba 8.666\/1993 e Lei n\u00ba 14.133\/2021<\/li>\n\n\n\n<li>Lei n\u00ba 10.520\/2002 e suas altera\u00e7\u00f5es e Decreto n\u00ba 10.024\/2019 e suas altera\u00e7\u00f5es<\/li>\n\n\n\n<li>Decreto n\u00ba 7.892\/2013 e suas altera\u00e7\u00f5es<\/li>\n\n\n\n<li>Controle e responsabiliza\u00e7\u00e3o da administra\u00e7\u00e3o\n<ul class=\"wp-block-list\"><li>Controles administrativo, judicial e legislativo<\/li>\n\n\n\n<li>Responsabilidade civil do Estado<\/li>\n<\/ul><\/li>\n<\/ul><h3 class=\"wp-block-heading\">No\u00e7\u00f5es de Direito Constitucional <\/h3>\n\n\n\n<ul class=\"wp-block-list\"><li>Constitui\u00e7\u00e3o da Rep\u00fablica Federativa do Brasil de 1988\n<ul class=\"wp-block-list\"><li>Princ\u00edpios fundamentais<\/li>\n<\/ul><\/li>\n\n\n\n<li>Aplicabilidade das normas constitucionais\n<ul class=\"wp-block-list\"><li>Normas de efic\u00e1cia plena, contida e limitada<\/li>\n\n\n\n<li>Normas program\u00e1ticas<\/li>\n<\/ul><\/li>\n\n\n\n<li>Direitos e garantias fundamentais\n<ul class=\"wp-block-list\"><li>Direitos e deveres individuais e coletivos<\/li>\n\n\n\n<li>Direitos sociais<\/li>\n\n\n\n<li>Direitos de nacionalidade<\/li>\n\n\n\n<li>Direitos pol\u00edticos<\/li>\n\n\n\n<li>Partidos pol\u00edticos<\/li>\n<\/ul><\/li>\n\n\n\n<li>Organiza\u00e7\u00e3o pol\u00edtico-administrativa do Estado\n<ul class=\"wp-block-list\"><li>Estado federal brasileiro, Uni\u00e3o, estados, Distrito Federal, munic\u00edpios e territ\u00f3rios<\/li>\n<\/ul><\/li>\n\n\n\n<li>Poder Executivo\n<ul class=\"wp-block-list\"><li>Atribui\u00e7\u00f5es e responsabilidades do presidente da Rep\u00fablica<\/li>\n<\/ul><\/li>\n\n\n\n<li>Poder Legislativo\n<ul class=\"wp-block-list\"><li>Estrutura<\/li>\n\n\n\n<li>Funcionamento e atribui\u00e7\u00f5es<\/li>\n\n\n\n<li>Processo legislativo<\/li>\n\n\n\n<li>Fiscaliza\u00e7\u00e3o cont\u00e1bil, financeira e or\u00e7ament\u00e1ria<\/li>\n\n\n\n<li>Comiss\u00f5es parlamentares de inqu\u00e9rito<\/li>\n<\/ul><\/li>\n\n\n\n<li>Poder Judici\u00e1rio\n<ul class=\"wp-block-list\"><li>Disposi\u00e7\u00f5es gerais<\/li>\n\n\n\n<li>\u00d3rg\u00e3os do Poder Judici\u00e1rio\n<ul class=\"wp-block-list\"><li>Organiza\u00e7\u00e3o e compet\u00eancias<\/li>\n\n\n\n<li>Conselho Nacional de Justi\u00e7a\n<ul class=\"wp-block-list\"><li>Composi\u00e7\u00e3o e compet\u00eancias<\/li>\n<\/ul><\/li>\n<\/ul><\/li>\n<\/ul><\/li>\n\n\n\n<li>Fun\u00e7\u00f5es essenciais \u00e0 Justi\u00e7a\n<ul class=\"wp-block-list\"><li>Minist\u00e9rio P\u00fablico<\/li>\n\n\n\n<li>Advocacia P\u00fablica<\/li>\n\n\n\n<li>Defensoria P\u00fablica<\/li>\n<\/ul><\/li>\n<\/ul><h3 class=\"wp-block-heading\">Legisla\u00e7\u00e3o Complementar<\/h3>\n\n\n\n<ul class=\"wp-block-list\"><li>Lei de Penalidades (Lei n\u00ba 9.847\/1999 e suas altera\u00e7\u00f5es)<\/li>\n\n\n\n<li>Lei do Petr\u00f3leo (Lei n\u00ba 9.478\/1997) e a ind\u00fastria do petr\u00f3leo<\/li>\n\n\n\n<li>Lei das Ag\u00eancias Reguladoras (Lei n\u00ba 13.848\/2019)<\/li>\n<\/ul><h3 class=\"wp-block-heading\">\u00c9tica no Servi\u00e7o P\u00fablico<\/h3>\n\n\n\n<ul class=\"wp-block-list\"><li>\u00c9tica e moral<\/li>\n\n\n\n<li>\u00c9tica, princ\u00edpios e valores<\/li>\n\n\n\n<li>\u00c9tica e democracia: exerc\u00edcio da cidadania<\/li>\n\n\n\n<li>\u00c9tica e fun\u00e7\u00e3o p\u00fablica<\/li>\n\n\n\n<li>\u00c9tica no setor p\u00fablico\n<ul class=\"wp-block-list\"><li>C\u00f3digo de \u00c9tica Profissional do Servi\u00e7o P\u00fablico \u2013 Decreto n\u00ba 1.171\/1994<\/li>\n<\/ul><\/li>\n<\/ul><h2 class=\"wp-block-heading\" id=\"materiais-para-se-preparar-para-o-concurso-anp\">Materiais para se preparar para o concurso ANP<\/h2>\n\n\n\n<p>Se voc\u00ea tem como meta conquistar uma vaga no concurso ANP, o primeiro passo \u00e9 contar com materiais atualizados, direcionados e de alta qualidade. Ter uma rotina de estudos bem planejada, com foco nos conte\u00fados mais cobrados, \u00e9 fundamental para chegar \u00e0 aprova\u00e7\u00e3o.<\/p>\n\n\n\n<p>Na <a href=\"https:\/\/www.novaconcursos.com.br\/\">Nova Concursos<\/a>, voc\u00ea encontra tudo o que precisa para turbinar sua prepara\u00e7\u00e3o. Com mais de 70 mil aprovados em todo o pa\u00eds, nossa metodologia exclusiva oferece conte\u00fados organizados, objetivos e alinhados ao perfil das principais bancas examinadoras.<\/p>\n\n\n\n<p>Confira os materiais ideais para estudar com efici\u00eancia e aumentar suas chances de sucesso no concurso da Ag\u00eancia Nacional do Petr\u00f3leo (ANP)!<\/p>\n\n\n\n<h3 class=\"wp-block-heading\">Apostila B\u00e1sico para Concursos<\/h3>\n\n\n\n<p>A <strong><a href=\"https:\/\/www.novaconcursos.com.br\/apostila\/basico-concurso?srsltid=AfmBOopqN09QHdt4LNe7lk-bntbmmTY1WXhK5n0Zqc3hiEkLMvWuvbdb\">Apostila B\u00e1sico para Concursos<\/a><\/strong> \u00e9 perfeita para quem est\u00e1 iniciando a prepara\u00e7\u00e3o para o concurso ANP e precisa de uma base te\u00f3rica s\u00f3lida e confi\u00e1vel. O material re\u00fane os principais conte\u00fados exigidos em concursos p\u00fablicos, com explica\u00e7\u00f5es claras, atualizadas e voltadas \u00e0s exig\u00eancias das bancas mais frequentes. \u00c9 ideal tanto para iniciantes quanto para quem deseja reorganizar os estudos com mais foco e produtividade.<\/p>\n\n\n\n<h3 class=\"wp-block-heading\">Curso Online Guia da Aprova\u00e7\u00e3o<\/h3>\n\n\n\n<p>Ser aprovado no concurso ANP exige mais do que dedica\u00e7\u00e3o: \u00e9 necess\u00e1rio ter um planejamento estrat\u00e9gico e aplicar t\u00e9cnicas que otimizem o aprendizado. Pensando nisso, o <strong>Curso Online Guia da Aprova\u00e7\u00e3o<\/strong>, ministrado pelo professor Guilherme Volts, \u00e9 a ferramenta certa para quem quer ir al\u00e9m.<\/p>\n\n\n\n<p>Neste curso, voc\u00ea aprende a montar um cronograma eficaz, aplicar m\u00e9todos de revis\u00e3o inteligentes, organizar seus estudos e acompanhar seu progresso por meio de simulados e atividades pr\u00e1ticas. Tudo isso com foco total na sua aprova\u00e7\u00e3o.<\/p>\n\n\n\n<div class=\"nova-continue-reading\">Adquira j\u00e1: <a href=\"https:\/\/www.novaconcursos.com.br\/curso-online\/guia-aprovacao\">Curso Online Guia da Aprova\u00e7\u00e3o<\/a><\/div>\n\n\n\n<h3 class=\"wp-block-heading\">L\u00edngua Portuguesa para Concursos<\/h3>\n\n\n\n<p>O bom desempenho em L\u00edngua Portuguesa pode fazer toda a diferen\u00e7a na sua classifica\u00e7\u00e3o no concurso ANP. Por isso, o livro <strong><a href=\"https:\/\/www.novaconcursos.com.br\/apostila\/lingua-portuguesa-concursos?utm_source=google&amp;utm_medium=cpc&amp;utm_campaign=google-gs-apostila-impressa-padrao&amp;gad_source=1&amp;gclid=Cj0KCQiA7se8BhCAARIsAKnF3rwak9OVKwCZPyHPgjqYqoBO8QxrKlI6fagFGeay1fWQnOGZcJBOKoQaApDlEALw_wcB\">L\u00edngua Portuguesa para Concursos<\/a><\/strong> \u00e9 um dos materiais mais indicados para essa etapa da prepara\u00e7\u00e3o.<\/p>\n\n\n\n<p>Com linguagem acess\u00edvel, abordagem pr\u00e1tica e foco nos conte\u00fados mais cobrados pelas bancas, o material apresenta explica\u00e7\u00f5es objetivas, exerc\u00edcios resolvidos e quest\u00f5es recentes comentadas, que facilitam a fixa\u00e7\u00e3o do conte\u00fado.<\/p>\n\n\n\n<p><strong>Garanta j\u00e1 o seu exemplar!<\/strong><\/p>\n\n\n\n<h2 class=\"wp-block-heading\" id=\"ltimo-concurso-anp\">\u00daltimo concurso ANP<\/h2>\n\n\n\n<p>O \u00fatlimo concurso ANP ocorreu em 2022 e ofertou <strong>48 oportunidades tempor\u00e1rias<\/strong>\u00a0entre diversas carreiras de\u00a0<strong>n\u00edvel superior.<\/strong> Confira: <\/p>\n\n\n\n<ul class=\"wp-block-list\"><li>Atividades de:<\/li>\n\n\n\n<li>Fiscaliza\u00e7\u00e3o da Produ\u00e7\u00e3o de Combust\u00edveis I \u2013 02 vagas: forma\u00e7\u00e3o em Engenharia ou Qu\u00edmica Industrial;<\/li>\n\n\n\n<li>Fiscaliza\u00e7\u00e3o da Produ\u00e7\u00e3o de Combust\u00edveis II \u2013 03 vagas: forma\u00e7\u00e3o em Engenharia ou Qu\u00edmica Industrial;<\/li>\n\n\n\n<li>Regula\u00e7\u00e3o de Novas Atribui\u00e7\u00f5es I \u2013 01 vaga: forma\u00e7\u00e3o em Direito;<\/li>\n\n\n\n<li>Regula\u00e7\u00e3o de Novas Atribui\u00e7\u00f5es II \u2013 03 vagas: forma\u00e7\u00e3o em Economia ou Ci\u00eancias Econ\u00f4micas;<\/li>\n\n\n\n<li>Fiscaliza\u00e7\u00e3o de Infraestrutura e Movimenta\u00e7\u00e3o \u2013 03 vagas: forma\u00e7\u00e3o de Engenharia;<\/li>\n\n\n\n<li>Regula\u00e7\u00e3o de Novas Atribui\u00e7\u00f5es III \u2013 04 vagas: forma\u00e7\u00e3o em Economia ou Ci\u00eancias Econ\u00f4micas;<\/li>\n\n\n\n<li>Regula\u00e7\u00e3o de Novas Atribui\u00e7\u00f5es IV \u2013 01 vaga: forma\u00e7\u00e3o em Engenharia, Economia, Ci\u00eancias Econ\u00f4micas, Matem\u00e1tica ou Estat\u00edstica;<\/li>\n\n\n\n<li>Fiscaliza\u00e7\u00e3o do Abastecimento \u2013 30 vagas: forma\u00e7\u00e3o em qualquer \u00e1rea;<\/li>\n\n\n\n<li>Regula\u00e7\u00e3o de Novas Atribui\u00e7\u00f5es V \u2013 01 vaga: forma\u00e7\u00e3o em Ci\u00eancias Cont\u00e1beis ou Contabilidade.<\/li>\n<\/ul><p>Al\u00e9m disso, os aprovados no processo seletivo e contratados<strong>\u00a0temporariamente<\/strong>\u00a0pelo \u00f3rg\u00e3o contaram com\u00a0<strong>sal\u00e1rios<\/strong>\u00a0no valor de<strong>\u00a0R$ 6.130,00<\/strong>\u00a0para as jornadas de trabalho de\u00a0<strong>40 horas semanais.<\/strong><\/p>\n\n\n\n<p>Ademais, todos os cargos foram lotados no Rio de Janeiro, exceto\u00a0<strong>Atividades de Fiscaliza\u00e7\u00e3o do Abastecimento,<\/strong>\u00a0que possuiu oportunidades para<strong>\u00a07 diferentes estados:<\/strong><\/p>\n\n\n\n<ul class=\"wp-block-list\"><li>Belo Horizonte\/MG;<\/li>\n\n\n\n<li>Bras\u00edlia\/DF;<\/li>\n\n\n\n<li>Manaus\/AM;<\/li>\n\n\n\n<li>Porto Alegre\/RS;<\/li>\n\n\n\n<li>Rio de Janeiro\/RJ;<\/li>\n\n\n\n<li>Salvador\/BA;<\/li>\n\n\n\n<li>S\u00e3o Paulo\/SP.<\/li>\n<\/ul><h3 class=\"wp-block-heading\">Requisitos<\/h3>\n\n\n\n<p>Confira quais foram os requisitos exigidos para a participa\u00e7\u00e3o no concurso ANP:<\/p>\n\n\n\n<ul class=\"wp-block-list\"><li>Ser aprovado no processo seletivo simplificado.<\/li>\n\n\n\n<li>Ter a nacionalidade brasileira ou portuguesa e, no caso de nacionalidade portuguesa, estar amparado pelo Estatuto de Igualdade entre Brasileiros e Portugueses, com reconhecimento do gozo dos direitos pol\u00edticos, nos termos do \u00a7 1\u00ba do art. 12 da Constitui\u00e7\u00e3o Federal.<\/li>\n\n\n\n<li>Estar em gozo dos direitos pol\u00edticos.<\/li>\n\n\n\n<li>Estar quite com as obriga\u00e7\u00f5es militares, em caso de candidato do sexo masculino.<\/li>\n\n\n\n<li>Possuir os requisitos exigidos para o exerc\u00edcio da atividade, conforme o item 2 deste edital.<\/li>\n\n\n\n<li>Estar quite com as obriga\u00e7\u00f5es eleitorais.<\/li>\n\n\n\n<li>Ter idade m\u00ednima de 18 anos completos na data da contrata\u00e7\u00e3o.<\/li>\n\n\n\n<li>N\u00e3o ter sido contratado com fundamento na Lei n\u00ba 8.745\/1993, e suas altera\u00e7\u00f5es, nos \u00faltimos 24 meses.<\/li>\n\n\n\n<li>Ter aptid\u00e3o f\u00edsica e mental para o exerc\u00edcio das atribui\u00e7\u00f5es da atividade.<\/li>\n\n\n\n<li>N\u00e3o ser servidor da administra\u00e7\u00e3o direta ou indireta da Uni\u00e3o, dos estados, do Distrito Federal e dos munic\u00edpios, nem empregado ou servidor de suas subsidi\u00e1rias e controladas.<\/li>\n\n\n\n<li>N\u00e3o participar de ger\u00eancia ou administra\u00e7\u00e3o de sociedade privada, personificada ou n\u00e3o personificada, exercer o com\u00e9rcio, exceto na qualidade de acionista, cotista ou comandit\u00e1rio, nos termos do inciso X, do art. 117, da Lei n\u00ba 8.112\/1990, com nova reda\u00e7\u00e3o dada pela Lei n\u00ba 11.784\/2008.<\/li>\n\n\n\n<li>Cumprir as determina\u00e7\u00f5es deste edital.<\/li>\n\n\n\n<li>O candidato dever\u00e1 declarar, na solicita\u00e7\u00e3o de inscri\u00e7\u00e3o, que tem ci\u00eancia e aceita que, caso aprovado, dever\u00e1 entregar os documentos comprobat\u00f3rios dos requisitos exigidos para a atividade por ocasi\u00e3o da contrata\u00e7\u00e3o.<\/li>\n<\/ul><h3 class=\"wp-block-heading\">Como foram as provas do concurso ANP?<\/h3>\n\n\n\n<p>Os candidatos do \u00faltimo concurso ANP foram avaliados por meio de uma prova objetiva e uma prova de t\u00edtulos. <\/p>\n\n\n\n<p>A prova objetiva foi versada sobre as seguintes disciplinas: <\/p>\n\n\n\n<ul class=\"wp-block-list\"><li>L\u00edngua Portuguesa;<\/li>\n\n\n\n<li>Matem\u00e1tica e Racioc\u00ednio L\u00f3gico;<\/li>\n\n\n\n<li>No\u00e7\u00f5es de Inform\u00e1tica;<\/li>\n\n\n\n<li>No\u00e7\u00f5es de Direito Administrativo;<\/li>\n\n\n\n<li>Legisla\u00e7\u00e3o Complementar;<\/li>\n\n\n\n<li>No\u00e7\u00f5es de Direito Constitucional;<\/li>\n\n\n\n<li>\u00c9tica no Servi\u00e7o P\u00fablico;<\/li>\n\n\n\n<li>Conhecimentos Espec\u00edficos.<\/li>\n<\/ul>","protected":false},"excerpt":{"rendered":"<p>O edital do concurso ANP far\u00e1 parte da segunda edi\u00e7\u00e3o do CNU e ofertar\u00e1 66 vagas de n\u00edveis m\u00e9dio e superior. Confira todos os detalhes!<\/p>\n","protected":false},"author":54696,"featured_media":284609,"comment_status":"closed","ping_status":"closed","sticky":false,"template":"","format":"standard","meta":{"_acf_changed":false,"footnotes":"","_wp_rev_ctl_limit":""},"categories":[44999,44978],"tags":[15342,45031],"class_list":["post-24158","post","type-post","status-publish","format-standard","has-post-thumbnail","hentry","category-concursos","category-nacional","tag-concurso-anp","tag-concursos-abertos-nacionais"],"acf":[],"_links":{"self":[{"href":"https:\/\/www.novaconcursos.com.br\/portal\/wp-json\/wp\/v2\/posts\/24158","targetHints":{"allow":["GET"]}}],"collection":[{"href":"https:\/\/www.novaconcursos.com.br\/portal\/wp-json\/wp\/v2\/posts"}],"about":[{"href":"https:\/\/www.novaconcursos.com.br\/portal\/wp-json\/wp\/v2\/types\/post"}],"author":[{"embeddable":true,"href":"https:\/\/www.novaconcursos.com.br\/portal\/wp-json\/wp\/v2\/users\/54696"}],"replies":[{"embeddable":true,"href":"https:\/\/www.novaconcursos.com.br\/portal\/wp-json\/wp\/v2\/comments?post=24158"}],"version-history":[{"count":9,"href":"https:\/\/www.novaconcursos.com.br\/portal\/wp-json\/wp\/v2\/posts\/24158\/revisions"}],"predecessor-version":[{"id":299560,"href":"https:\/\/www.novaconcursos.com.br\/portal\/wp-json\/wp\/v2\/posts\/24158\/revisions\/299560"}],"wp:featuredmedia":[{"embeddable":true,"href":"https:\/\/www.novaconcursos.com.br\/portal\/wp-json\/wp\/v2\/media\/284609"}],"wp:attachment":[{"href":"https:\/\/www.novaconcursos.com.br\/portal\/wp-json\/wp\/v2\/media?parent=24158"}],"wp:term":[{"taxonomy":"category","embeddable":true,"href":"https:\/\/www.novaconcursos.com.br\/portal\/wp-json\/wp\/v2\/categories?post=24158"},{"taxonomy":"post_tag","embeddable":true,"href":"https:\/\/www.novaconcursos.com.br\/portal\/wp-json\/wp\/v2\/tags?post=24158"}],"curies":[{"name":"wp","href":"https:\/\/api.w.org\/{rel}","templated":true}]}}