{"id":242474,"date":"2019-05-08T15:29:00","date_gmt":"2019-05-08T18:29:00","guid":{"rendered":"https:\/\/www.novaconcursos.com.br\/portal\/?p=242474"},"modified":"2025-12-04T12:20:58","modified_gmt":"2025-12-04T15:20:58","slug":"concurso-ibge-temporarios-edital-ja-e-realidade-banca-esta-definida","status":"publish","type":"post","link":"https:\/\/www.novaconcursos.com.br\/portal\/noticias\/concurso-ibge-temporarios-edital-ja-e-realidade-banca-esta-definida\/","title":{"rendered":"Concurso IBGE Tempor\u00e1rios: Edital j\u00e1 \u00e9 realidade, banca est\u00e1 definida!"},"content":{"rendered":"<p>\u00d3tima not\u00edcia concurseiros! O\u00a0<a href=\"https:\/\/www.novaconcursos.com.br\/portal\/concursos\/concurso-ibge\/\">concurso<\/a>\u00a0<strong>IBGE Tempor\u00e1rios<\/strong>\u00a0(Instituto Brasileiro de Geografia e Estat\u00edstica\u00a0), se aproxima cada vez mais da\u00a0<strong>publica\u00e7\u00e3o do edital<\/strong>.<\/p>\n\n\n\n<h2 class=\"wp-block-heading\" id=\"banca-organizadora-definida\">Banca organizadora definida<\/h2>\n\n\n\n<p>O concurso\u00a0<strong>IBGE Tempor\u00e1rios<\/strong>\u00a0deu um grande avan\u00e7o para a\u00a0<strong>divulga\u00e7\u00e3o do edital e a realiza\u00e7\u00e3o do certame.<\/strong><br>https:\/\/web.archive.org\/web\/20201025080138if_\/https:\/\/www.youtube.com\/embed\/GfI_nzkVrgQ?rel=0<\/p>\n\n\n\n<p>A\u00a0<strong>banca organizadora<\/strong>\u00a0que ser\u00e1 respons\u00e1vel pelo concurso foi definida, e \u00e9 o\u00a0<strong>IBADE (Instituto Brasileiro de Apoio e Desenvolvimento Executivo)<\/strong>.<br>O concurso ofertar\u00e1\u00a0<strong>209 vagas para cargos de n\u00edveis fundamental e m\u00e9dio<\/strong>.<\/p>\n\n\n\n<p>As oportunidades s\u00e3o para o cargo de Recenseador com<strong>\u00a0180 vagas<\/strong>, que exige n\u00edvel fundamental,\u00a0<strong>04 vagas<\/strong>\u00a0para o cargo de Agente Censit\u00e1rio Municipal e\u00a0<strong>25 vagas<\/strong>\u00a0para o cargo de Agente Censit\u00e1rio Supervisor, cujo o pr\u00e9-requisito \u00e9 que o candidato tenha n\u00edvel m\u00e9dio completo para ambos os cargos.<\/p>\n\n\n\n<p>\u2192 Confira os\u00a0<strong>sal\u00e1rios<\/strong>\u00a0que ser\u00e3o ofertados para cada cargo!<\/p>\n\n\n\n<p>A portaria que autoriza o certame, indica que os candidato aprovados poder\u00e3o ser contratados a partir do\u00a0<strong>m\u00eas de julho de 2019<\/strong>. Os aprovados atuar\u00e3o no\u00a0<strong>Censo Experimental<\/strong>, que ser\u00e1 realizado na cidade de\u00a0<strong>Po\u00e7os de Caldas<\/strong>, no estado de\u00a0Minas Gerais\u00a0.<\/p>\n\n\n\n<p>O\u00a0<strong>Censo Experimental<\/strong>\u00a0funciona como um teste para a pesquisa do\u00a0<strong>Censo Demogr\u00e1fico<\/strong>, que come\u00e7ar\u00e1 a ser realizado no\u00a0<strong>ano de 2020<\/strong>, entre os meses de\u00a0<strong>setembro e novembro<\/strong>.<\/p>\n\n\n\n<h2 class=\"wp-block-heading\" id=\"avaliao-dos-candidatos\">Avalia\u00e7\u00e3o dos candidatos<\/h2>\n\n\n\n<p>Os candidatos ser\u00e3o\u00a0<strong>avaliados por meio de prova objetiva<\/strong>, de car\u00e1ter eliminat\u00f3rio e classificat\u00f3rio.<\/p>\n\n\n\n<p>O\u00a0<strong>conte\u00fado program\u00e1tico<\/strong>\u00a0da prova ser\u00e1 diferente para cada n\u00edvel de escolaridade, confira:<\/p>\n\n\n\n<ul class=\"wp-block-list\"><li><strong>Recenseador (N\u00edvel Fundamental):<\/strong>\u00a0L\u00edngua Portuguesa (15 quest\u00f5es), Matem\u00e1tica (15 quest\u00f5es), Conhecimentos T\u00e9cnico (20 quest\u00f5es);<\/li>\n<\/ul><ul class=\"wp-block-list\"><li><strong>Agente Censit\u00e1rios (N\u00edvel M\u00e9dio):<\/strong>\u00a0L\u00edngua Portuguesa (15 quest\u00f5es), Racioc\u00ednio L\u00f3gico e Quantitativo (10 quest\u00f5es), Conhecimentos T\u00e9cnicos (10 quest\u00f5es), No\u00e7\u00f5es de Administra\u00e7\u00e3o e Situa\u00e7\u00f5es Gerenciais (25 quest\u00f5es).<\/li>\n<\/ul><p>A<strong>\u00a0prova<\/strong>\u00a0ser\u00e1 realizada em um<strong>\u00a0domingo \u00e0 tarde<\/strong>, na cidade de Po\u00e7os de Caldas\/MG, com dura\u00e7\u00e3o de\u00a0<strong>04 horas<\/strong>.<\/p>\n\n\n\n<p>Confira outras informa\u00e7\u00f5es, acessando o\u00a0Concurso IBGE!<\/p>","protected":false},"excerpt":{"rendered":"<p>\u00d3tima not\u00edcia concurseiros! O\u00a0concurso\u00a0IBGE Tempor\u00e1rios\u00a0(Instituto Brasileiro de Geografia e Estat\u00edstica\u00a0), se aproxima cada vez mais da\u00a0publica\u00e7\u00e3o do edital. Banca organizadora definida O concurso\u00a0IBGE Tempor\u00e1rios\u00a0deu um grande avan\u00e7o para a\u00a0divulga\u00e7\u00e3o do edital e a realiza\u00e7\u00e3o do certame.https:\/\/web.archive.org\/web\/20201025080138if_\/https:\/\/www.youtube.com\/embed\/GfI_nzkVrgQ?rel=0 A\u00a0banca organizadora\u00a0que ser\u00e1 respons\u00e1vel pelo concurso foi definida, e \u00e9 o\u00a0IBADE (Instituto Brasileiro de Apoio e Desenvolvimento Executivo).O concurso [&hellip;]<\/p>\n","protected":false},"author":46247,"featured_media":0,"comment_status":"closed","ping_status":"closed","sticky":false,"template":"","format":"standard","meta":{"_acf_changed":false,"footnotes":"","_wp_rev_ctl_limit":""},"categories":[228],"tags":[],"class_list":["post-242474","post","type-post","status-publish","format-standard","hentry","category-noticias"],"acf":[],"_links":{"self":[{"href":"https:\/\/www.novaconcursos.com.br\/portal\/wp-json\/wp\/v2\/posts\/242474","targetHints":{"allow":["GET"]}}],"collection":[{"href":"https:\/\/www.novaconcursos.com.br\/portal\/wp-json\/wp\/v2\/posts"}],"about":[{"href":"https:\/\/www.novaconcursos.com.br\/portal\/wp-json\/wp\/v2\/types\/post"}],"author":[{"embeddable":true,"href":"https:\/\/www.novaconcursos.com.br\/portal\/wp-json\/wp\/v2\/users\/46247"}],"replies":[{"embeddable":true,"href":"https:\/\/www.novaconcursos.com.br\/portal\/wp-json\/wp\/v2\/comments?post=242474"}],"version-history":[{"count":2,"href":"https:\/\/www.novaconcursos.com.br\/portal\/wp-json\/wp\/v2\/posts\/242474\/revisions"}],"predecessor-version":[{"id":298876,"href":"https:\/\/www.novaconcursos.com.br\/portal\/wp-json\/wp\/v2\/posts\/242474\/revisions\/298876"}],"wp:attachment":[{"href":"https:\/\/www.novaconcursos.com.br\/portal\/wp-json\/wp\/v2\/media?parent=242474"}],"wp:term":[{"taxonomy":"category","embeddable":true,"href":"https:\/\/www.novaconcursos.com.br\/portal\/wp-json\/wp\/v2\/categories?post=242474"},{"taxonomy":"post_tag","embeddable":true,"href":"https:\/\/www.novaconcursos.com.br\/portal\/wp-json\/wp\/v2\/tags?post=242474"}],"curies":[{"name":"wp","href":"https:\/\/api.w.org\/{rel}","templated":true}]}}