{"id":242576,"date":"2019-06-19T10:07:00","date_gmt":"2019-06-19T13:07:00","guid":{"rendered":"https:\/\/www.novaconcursos.com.br\/portal\/?p=242576"},"modified":"2025-12-09T11:53:02","modified_gmt":"2025-12-09T14:53:02","slug":"concurso-pc-rj-projeto-basico-e-reestruturado-apos-aval-de-1-mil-vagas","status":"publish","type":"post","link":"https:\/\/www.novaconcursos.com.br\/portal\/noticias\/concurso-pc-rj-projeto-basico-e-reestruturado-apos-aval-de-1-mil-vagas\/","title":{"rendered":"Concurso PC RJ: Projeto b\u00e1sico \u00e9 reestruturado ap\u00f3s aval de 1 mil vagas!"},"content":{"rendered":"<p>Ol\u00e1 concurseiros cariocas!\u00a0<strong>O projeto b\u00e1sico do\u00a0<\/strong><a href=\"https:\/\/www.novaconcursos.com.br\/portal\/concursos\/concurso-policia-civil-rj\/\">concurso\u00a0PC RJ<\/a><strong> (Pol\u00edcia Civil do Rio de Janeiro) passar\u00e1 por uma reestrutura\u00e7\u00e3o ap\u00f3s o aval de 1.000 vagas que ser\u00e3o ofertadas no novo certame<\/strong>.<\/p>\n\n\n\n<h2 class=\"wp-block-heading\" id=\"projeto-bsico-reestruturado\">Projeto b\u00e1sico \u00e9 reestruturado<\/h2>\n\n\n\n<p>Ap\u00f3s a autoriza\u00e7\u00e3o de\u00a0<strong>1.000 vagas no concurso PC RJ<\/strong>,\u00a0<strong>a corpora\u00e7\u00e3o d\u00e1 continuidade aos procedimentos dos editais, que est\u00e3o previstos para serem publicados no m\u00eas de julho<\/strong>. Uma etapa important\u00edssima \u00e9 a elabora\u00e7\u00e3o do projeto b\u00e1sico do concurso.<\/p>\n\n\n\n<p><strong>O projeto b\u00e1sico, tamb\u00e9m conhecido como termo de refer\u00eancia, funciona como um espelho do edital, trazendo informa\u00e7\u00f5es importantes da estrutura de provas e calend\u00e1rio previsto<\/strong>. No in\u00edcio de 2019, a Acadepol (Academia de Pol\u00edcia Sylvio Terra) informou que concluiu o projeto b\u00e1sico para cada cargo.<\/p>\n\n\n\n<p>Por\u00e9m, o problema \u00e9 que o estudo t\u00e9cnico foi feito com base no\u00a0<strong>aval para 96 vagas, concedido em 2018<\/strong>, pelo ex-governador Luiz Fernando Pez\u00e3o. A corpora\u00e7\u00e3o chegar a cotar os pre\u00e7os das bancas organizadoras.<\/p>\n\n\n\n<p>Oito institui\u00e7\u00f5es mandaram suas propostas, s\u00f3 que esse tr\u00e2mite n\u00e3o chegou a ser conclu\u00eddo por uma quest\u00e3o or\u00e7ament\u00e1ria. O processo foi paralisado no\u00a0<strong>m\u00eas de abril para que se confirmasse o maior quantitativo de vagas no concurso, anunciado pelo governador Witzel<\/strong>.<\/p>\n\n\n\n<p>Mediante o aumento no n\u00famero de vagas ofertadas o cen\u00e1rio muda completamente, pois organizar um concurso mais oportunidades representa maior custo, por exemplo,\u00a0<strong>na reserva de mais locais de prova e contrata\u00e7\u00e3o de fiscais<\/strong>.<\/p>\n\n\n\n<p>Segundo informa\u00e7\u00f5es do setor de licita\u00e7\u00f5es da Pol\u00edcia Civil do Rio de Janeiro,\u00a0<strong>os documentos j\u00e1 elaborados s\u00f3 poderiam ser aproveitados caso o n\u00famero de vagas aumentasse em at\u00e9 25%, o que foi muito superior. Dessa maneira, os projetos b\u00e1sicos ter\u00e3o quer reestruturados com base em novos valores<\/strong>.<\/p>\n\n\n\n<p>Os cargos de\u00a0<strong>Investigador e Perito Criminal<\/strong>, que n\u00e3o estavam na autoriza\u00e7\u00e3o inicial,\u00a0<strong>os documentos ter\u00e3o que ser feitos do zero<\/strong>. Um novo\u00a0<strong>estudo t\u00e9cnico ser\u00e1 realizado com base nas 1.000 vagas, assim como a an\u00e1lise do or\u00e7amento<\/strong>.<\/p>\n\n\n\n<p>Quando pronto,\u00a0<strong>o projeto b\u00e1sico ser\u00e1 usado na escolha da banca organizadora<\/strong>. Segundo informa\u00e7\u00f5es do setor de licita\u00e7\u00f5es, ainda n\u00e3o foi definido se a modalidade ser\u00e1 por preg\u00e3o ou dispensa de licita\u00e7\u00e3o.<\/p>","protected":false},"excerpt":{"rendered":"<p>Ol\u00e1 concurseiros cariocas!\u00a0O projeto b\u00e1sico do\u00a0concurso\u00a0PC RJ (Pol\u00edcia Civil do Rio de Janeiro) passar\u00e1 por uma reestrutura\u00e7\u00e3o ap\u00f3s o aval de 1.000 vagas que ser\u00e3o ofertadas no novo certame. Projeto b\u00e1sico \u00e9 reestruturado Ap\u00f3s a autoriza\u00e7\u00e3o de\u00a01.000 vagas no concurso PC RJ,\u00a0a corpora\u00e7\u00e3o d\u00e1 continuidade aos procedimentos dos editais, que est\u00e3o previstos para serem publicados [&hellip;]<\/p>\n","protected":false},"author":16,"featured_media":0,"comment_status":"closed","ping_status":"closed","sticky":false,"template":"","format":"standard","meta":{"_acf_changed":false,"footnotes":"","_wp_rev_ctl_limit":""},"categories":[228],"tags":[],"class_list":["post-242576","post","type-post","status-publish","format-standard","hentry","category-noticias"],"acf":[],"_links":{"self":[{"href":"https:\/\/www.novaconcursos.com.br\/portal\/wp-json\/wp\/v2\/posts\/242576","targetHints":{"allow":["GET"]}}],"collection":[{"href":"https:\/\/www.novaconcursos.com.br\/portal\/wp-json\/wp\/v2\/posts"}],"about":[{"href":"https:\/\/www.novaconcursos.com.br\/portal\/wp-json\/wp\/v2\/types\/post"}],"author":[{"embeddable":true,"href":"https:\/\/www.novaconcursos.com.br\/portal\/wp-json\/wp\/v2\/users\/16"}],"replies":[{"embeddable":true,"href":"https:\/\/www.novaconcursos.com.br\/portal\/wp-json\/wp\/v2\/comments?post=242576"}],"version-history":[{"count":2,"href":"https:\/\/www.novaconcursos.com.br\/portal\/wp-json\/wp\/v2\/posts\/242576\/revisions"}],"predecessor-version":[{"id":299681,"href":"https:\/\/www.novaconcursos.com.br\/portal\/wp-json\/wp\/v2\/posts\/242576\/revisions\/299681"}],"wp:attachment":[{"href":"https:\/\/www.novaconcursos.com.br\/portal\/wp-json\/wp\/v2\/media?parent=242576"}],"wp:term":[{"taxonomy":"category","embeddable":true,"href":"https:\/\/www.novaconcursos.com.br\/portal\/wp-json\/wp\/v2\/categories?post=242576"},{"taxonomy":"post_tag","embeddable":true,"href":"https:\/\/www.novaconcursos.com.br\/portal\/wp-json\/wp\/v2\/tags?post=242576"}],"curies":[{"name":"wp","href":"https:\/\/api.w.org\/{rel}","templated":true}]}}