{"id":243271,"date":"2024-07-10T09:20:37","date_gmt":"2024-07-10T12:20:37","guid":{"rendered":"https:\/\/www.novaconcursos.com.br\/portal\/?p=243271"},"modified":"2024-07-10T09:20:40","modified_gmt":"2024-07-10T12:20:40","slug":"concurso-policia-penal-es-edital-autorizado","status":"publish","type":"post","link":"https:\/\/www.novaconcursos.com.br\/portal\/noticias\/concurso-policia-penal-es-edital-autorizado\/","title":{"rendered":"Pol\u00edcia Penal ES: edital autorizado \u00e9 previsto para mar\u00e7o de 2025!"},"content":{"rendered":"<p>O <strong><a href=\"https:\/\/www.novaconcursos.com.br\/portal\/concursos\/concurso-sejus-es\/\">concurso Pol\u00edcia Penal ES<\/a> tem edital autorizado e est\u00e1 previsto para mar\u00e7o de 2025<\/strong> com a oferta de 600 vagas.<\/p>\n\n\n\n<p>O concurso da Secretaria de Estado da Justi\u00e7a (Sejus ES) est\u00e1 em processo de forma\u00e7\u00e3o da comiss\u00e3o respons\u00e1vel pelo certame.<\/p>\n\n\n\n<p>Ficou interessado(a)? Fique e confira o <em>edital autorizado para o concurso Pol\u00edcia Penal ES e <em>est\u00e1<\/em> previsto para mar\u00e7o de 2025!<\/em><\/p>\n\n\n\n<h2 class=\"wp-block-heading\" id=\"quando-o-edital-do-concurso-polcia-penal-es-ser-publicado\">Quando o edital do concurso Pol\u00edcia Penal ES ser\u00e1 publicado?<\/h2>\n\n\n\n<p>O governador do Esp\u00edrito Santo, Renato Casagrande, anunciou nesta quarta-feira, 3 de julho, por meio de <a href=\"https:\/\/www.instagram.com\/reel\/C8-S8Ypui9D\/?igsh=Nml1a2gyZWcweHgz\" target=\"_blank\" rel=\"noreferrer noopener\">suas m\u00eddias sociais<\/a>, a autoriza\u00e7\u00e3o para um novo concurso da Pol\u00edcia Penal ES. A not\u00edcia foi recebida com grande expectativa, pois a sele\u00e7\u00e3o anterior da corpora\u00e7\u00e3o ocorreu h\u00e1 alguns anos, e h\u00e1 uma crescente demanda por novos profissionais.<\/p>\n\n\n\n<p>Com a autoriza\u00e7\u00e3o em m\u00e3os, o pr\u00f3ximo passo ser\u00e1 a defini\u00e7\u00e3o da banca organizadora e a posterior divulga\u00e7\u00e3o do edital. Em nota oficial, a <a href=\"https:\/\/sejus.es.gov.br\/\" target=\"_blank\" rel=\"noreferrer noopener\">Secretaria de Estado da Justi\u00e7a<\/a> (Sejus ES) informou que os procedimentos administrativos para a escolha da banca e outros crit\u00e9rios necess\u00e1rios ser\u00e3o iniciados imediatamente. Contudo, a Sejus ES ainda n\u00e3o estipulou um prazo para as pr\u00f3ximas etapas do concurso.<\/p>\n\n\n\n<p><em>\u201cEstamos autorizando os procedimentos administrativos para o novo concurso da Pol\u00edcia Penal. Uma pol\u00edcia que \u00e9 nova, que acabamos de criar. Por isso, precisamos dar todas as condi\u00e7\u00f5es de trabalho para esses profissionais que s\u00e3o respons\u00e1veis pela seguran\u00e7a do sistema prisional do Estado\u201d<\/em>, disse Casagrande.<\/p>\n\n\n\n<p>Acompanhado pelo secret\u00e1rio de Estado da Justi\u00e7a, Rafael Pacheco, Renato Casagrande refor\u00e7ou a import\u00e2ncia da medida. Pacheco destacou que a realiza\u00e7\u00e3o do concurso \u00e9 fundamental para recompor os quadros da corpora\u00e7\u00e3o e melhorar a qualifica\u00e7\u00e3o das opera\u00e7\u00f5es do Sistema Prisional.<\/p>\n\n\n\n<p><em>\u201cJ\u00e1 temos um concurso em andamento com previs\u00e3o de iniciar o curso de forma\u00e7\u00e3o em agosto. O novo certame, com a oferta de 600 vagas, vai possibilitar o alcance do n\u00famero pleno dos quadros da Pol\u00edcia Penal do Estado. \u00c9 um an\u00fancio importante, pois com o aumento do efetivo policial, poderemos ampliar e qualificar ainda mais as opera\u00e7\u00f5es de seguran\u00e7a no sistema prisional capixaba\u201d<\/em>, comentou Rafael Pacheco.<\/p>\n\n\n\n<p>A Sejus ES formar\u00e1 uma comiss\u00e3o organizadora que ser\u00e1 respons\u00e1vel por todos os tr\u00e2mites do concurso, acompanhando os trabalhos at\u00e9 a sua homologa\u00e7\u00e3o e em breve poder\u00e1 ser anunciada.<\/p>\n\n\n\n<p>O edital est\u00e1 previsto para ser publicado em mar\u00e7o de 2025.<\/p>\n\n\n\n<h2 class=\"wp-block-heading\" id=\"quantas-vagas-sero-ofertadas-no-concurso-polcia-penal-es\">Quantas vagas ser\u00e3o ofertadas no concurso Pol\u00edcia Penal ES?<\/h2>\n\n\n\n<p>A sele\u00e7\u00e3o oferecer\u00e1 600 vagas para a carreira de policial penal, conforme destacado pelo chefe do Executivo estadual.<\/p>\n\n\n\n<p>Durante o an\u00fancio, o secret\u00e1rio de Estado de Justi\u00e7a, Rafael Pacheco, refor\u00e7ou que as 600 vagas, juntamente com os aprovados na \u00faltima sele\u00e7\u00e3o realizada em 2023, permitir\u00e3o o preenchimento completo dos cargos na corpora\u00e7\u00e3o. Pacheco destacou a import\u00e2ncia desse concurso para o fortalecimento e a qualifica\u00e7\u00e3o das opera\u00e7\u00f5es do Sistema Prisional do estado.<\/p>\n\n\n\n<p><em>\u201cO novo concurso vem complementar o anterior e o ingresso de novos profissionais ser\u00e1 a garantia de uma continuidade desses servi\u00e7os e avan\u00e7o da estrutura rec\u00e9m-regulamentada\u201d<\/em>, afirmou Franco.<\/p>\n\n\n\n<p>Para ingressar na carreira de policial penal, os candidatos dever\u00e3o atender a alguns requisitos. \u00c9 necess\u00e1rio possuir n\u00edvel m\u00e9dio de forma\u00e7\u00e3o e carteira de habilita\u00e7\u00e3o (CNH) na categoria \u201cB\u201d ou superior.<\/p>\n\n\n\n<ul class=\"wp-block-list\"><li><strong>Confira: <\/strong><a href=\"https:\/\/www.novaconcursos.com.br\/apostila\/sejus-es-inspetor-penitenciario\">Apostila SEJUS-ES \u2013 Inspetor Penitenci\u00e1rio<\/a><\/li>\n<\/ul><p>Estude para o concurso dos seus sonhos com o\u00a0M\u00e9todo\u00a0que j\u00e1 ajudou na\u00a0aprova\u00e7\u00e3o de mais de 70 mil alunos!\u00a0<a href=\"https:\/\/www.novaconcursos.com.br\/eventos\/assinatura\/?promo_creative=Clique+aqui&amp;promo_name=concurso&amp;promo_id=%2Fportal%2Fconcursos%2Fconcurso-mte&amp;promo_position=corpo-texto\" target=\"_blank\" rel=\"noreferrer noopener\">Clique aqui<\/a>\u00a0e saiba mais!<\/p>\n\n\n\n<h2 class=\"wp-block-heading\" id=\"qual-o-salrio-do-policial-penal-es\">Qual \u00e9 o sal\u00e1rio do Policial Penal ES?<\/h2>\n\n\n\n<p>O sal\u00e1rio inicial dos aprovados ser\u00e1 de R$5.317,08, composto por um vencimento base de R$4.717,08 e um aux\u00edlio-alimenta\u00e7\u00e3o de R$600.<\/p>\n\n\n\n<p>A remunera\u00e7\u00e3o dos policiais penais, ao longo da carreira, pode alcan\u00e7ar at\u00e9 R$9.892,03<\/p>\n\n\n\n\n\n<h2 class=\"wp-block-heading\" id=\"como-foi-o-ltimo-concurso-polcia-penal-es\">Como foi o \u00faltimo concurso Pol\u00edcia Penal ES?<\/h2>\n\n\n\n<p>O \u00faltimo concurso para a Pol\u00edcia Penal do Esp\u00edrito Santo foi realizado em 2023 oferecendo um total de 600 vagas para o cargo de Inspetor Penitenci\u00e1rio. A organiza\u00e7\u00e3o do certame ficou a cargo do Instituto Brasileiro de Apoio e Desenvolvimento Executivo (Ibade).<\/p>\n\n\n\n<p>Os candidatos interessados foram submetidos a um rigoroso processo seletivo composto por diversas etapas de avalia\u00e7\u00e3o. Inicialmente, os concorrentes enfrentaram uma prova objetiva abrangendo conhecimentos em \u00e1reas como L\u00edngua Portuguesa, Inform\u00e1tica B\u00e1sica, Racioc\u00ednio L\u00f3gico, Atualidades, No\u00e7\u00f5es de Direitos Humanos, Direito Administrativo, Direito Penal e Processo Penal. <\/p>\n\n\n\n<p>Para ser considerado aprovado nessa etapa, era necess\u00e1rio obter pelo menos 50 pontos, sem zerar em qualquer uma das disciplinas mencionadas.<\/p>\n\n\n\n<p>Al\u00e9m da prova escrita, os participantes foram submetidos a um exame de reda\u00e7\u00e3o, seguido por um exigente exame de aptid\u00e3o f\u00edsica, avalia\u00e7\u00e3o psicot\u00e9cnica, exame de sa\u00fade, procedimento de heteroidentifica\u00e7\u00e3o, investiga\u00e7\u00e3o social e, por fim, um curso de forma\u00e7\u00e3o para os candidatos aprovados em todas as etapas anteriores.<\/p>\n\n\n\n<p><strong>Fiquem ligados na nossa p\u00e1gina para as pr\u00f3ximas not\u00edcias sobre o concurso Pol\u00edcia Penal ES!<\/strong><\/p>","protected":false},"excerpt":{"rendered":"<p>O concurso Pol\u00edcia Penal ES tem edital autorizado e est\u00e1 previsto para mar\u00e7o de 2025 com a oferta de 600 vagas. O concurso da Secretaria de Estado da Justi\u00e7a (Sejus ES) est\u00e1 em processo de forma\u00e7\u00e3o da comiss\u00e3o respons\u00e1vel pelo certame. Ficou interessado(a)? Fique e confira o edital autorizado para o concurso Pol\u00edcia Penal ES [&hellip;]<\/p>\n","protected":false},"author":54687,"featured_media":243273,"comment_status":"closed","ping_status":"closed","sticky":false,"template":"","format":"standard","meta":{"_acf_changed":false,"footnotes":"","_wp_rev_ctl_limit":""},"categories":[228],"tags":[],"class_list":["post-243271","post","type-post","status-publish","format-standard","has-post-thumbnail","hentry","category-noticias"],"acf":[],"_links":{"self":[{"href":"https:\/\/www.novaconcursos.com.br\/portal\/wp-json\/wp\/v2\/posts\/243271","targetHints":{"allow":["GET"]}}],"collection":[{"href":"https:\/\/www.novaconcursos.com.br\/portal\/wp-json\/wp\/v2\/posts"}],"about":[{"href":"https:\/\/www.novaconcursos.com.br\/portal\/wp-json\/wp\/v2\/types\/post"}],"author":[{"embeddable":true,"href":"https:\/\/www.novaconcursos.com.br\/portal\/wp-json\/wp\/v2\/users\/54687"}],"replies":[{"embeddable":true,"href":"https:\/\/www.novaconcursos.com.br\/portal\/wp-json\/wp\/v2\/comments?post=243271"}],"version-history":[{"count":6,"href":"https:\/\/www.novaconcursos.com.br\/portal\/wp-json\/wp\/v2\/posts\/243271\/revisions"}],"predecessor-version":[{"id":243281,"href":"https:\/\/www.novaconcursos.com.br\/portal\/wp-json\/wp\/v2\/posts\/243271\/revisions\/243281"}],"wp:featuredmedia":[{"embeddable":true,"href":"https:\/\/www.novaconcursos.com.br\/portal\/wp-json\/wp\/v2\/media\/243273"}],"wp:attachment":[{"href":"https:\/\/www.novaconcursos.com.br\/portal\/wp-json\/wp\/v2\/media?parent=243271"}],"wp:term":[{"taxonomy":"category","embeddable":true,"href":"https:\/\/www.novaconcursos.com.br\/portal\/wp-json\/wp\/v2\/categories?post=243271"},{"taxonomy":"post_tag","embeddable":true,"href":"https:\/\/www.novaconcursos.com.br\/portal\/wp-json\/wp\/v2\/tags?post=243271"}],"curies":[{"name":"wp","href":"https:\/\/api.w.org\/{rel}","templated":true}]}}