{"id":243447,"date":"2024-07-11T12:49:09","date_gmt":"2024-07-11T15:49:09","guid":{"rendered":"https:\/\/www.novaconcursos.com.br\/portal\/?p=243447"},"modified":"2024-07-11T12:49:11","modified_gmt":"2024-07-11T15:49:11","slug":"concurso-prf-podera-se-tornar-policia-ostensiva","status":"publish","type":"post","link":"https:\/\/www.novaconcursos.com.br\/portal\/noticias\/concurso-prf-podera-se-tornar-policia-ostensiva\/","title":{"rendered":"PRF pode se transformar em Pol\u00edcia Ostensiva Federal. Entenda!"},"content":{"rendered":"<p>O <strong><a href=\"https:\/\/www.novaconcursos.com.br\/portal\/concursos\/concurso-prf\/\">concurso PRF<\/a> pode se transformar em Pol\u00edcia Ostensiva Federal <\/strong>e a mesma Proposta de Emenda \u00e0 Constitui\u00e7\u00e3o prop\u00f5e a cria\u00e7\u00e3o de 3 mil cargos.<\/p>\n\n\n\n<p>Vale destacar que a Pol\u00edcia Rodovi\u00e1ria Federal (PRF) aguarda a autoriza\u00e7\u00e3o para a realiza\u00e7\u00e3o de um novo concurso.<\/p>\n\n\n\n<p>Se interessa pelo certame? Fique e confira os demais detalhes sobre a <em>PRF se transformar em Pol\u00edcia Ostensiva Federal!<\/em><\/p>\n\n\n\n<h2 class=\"wp-block-heading\" id=\"o-que-seria-a-polcia-ostensiva-federal\">O que seria a Pol\u00edcia Ostensiva Federal?<\/h2>\n\n\n\n<p>Os interessados em uma poss\u00edvel carreira na <a href=\"https:\/\/www.gov.br\/prf\/pt-br\" target=\"_blank\" rel=\"noreferrer noopener\">Pol\u00edcia Rodovi\u00e1ria Federal<\/a> (PRF) devem ficar atentos \u00e0s recentes movimenta\u00e7\u00f5es no cen\u00e1rio pol\u00edtico. Uma Proposta de Emenda \u00e0 Constitui\u00e7\u00e3o (PEC), elaborada pelo ministro da Justi\u00e7a e Seguran\u00e7a P\u00fablica, Ricardo Lewandowski, foi enviada ao Pal\u00e1cio do Planalto no \u00faltimo dia 24 de junho com o objetivo de reestruturar a PRF e criar a Pol\u00edcia Ostensiva Federal (POF).<\/p>\n\n\n\n<p>Segundo o texto da PEC, al\u00e9m de alterar a nomenclatura da PRF para POF, a proposta visa fortalecer a capacidade do Governo Federal na coordena\u00e7\u00e3o da seguran\u00e7a p\u00fablica em n\u00edvel nacional. Isso implicaria na extin\u00e7\u00e3o n\u00e3o apenas da PRF, mas tamb\u00e9m da Pol\u00edcia Ferrovi\u00e1ria Federal (PFF).<\/p>\n\n\n\n<p>A nova Pol\u00edcia Ostensiva Federal teria um escopo mais amplo, atuando n\u00e3o s\u00f3 em rodovias, mas tamb\u00e9m em ferrovias, hidrovias e instala\u00e7\u00f5es federais. Al\u00e9m disso, poderia prestar apoio tempor\u00e1rio \u00e0s for\u00e7as de seguran\u00e7a estaduais mediante solicita\u00e7\u00e3o dos governadores, em situa\u00e7\u00f5es emergenciais.<\/p>\n\n\n\n<p>A implementa\u00e7\u00e3o da PEC implicaria em uma significativa reestrutura\u00e7\u00e3o e poss\u00edvel cria\u00e7\u00e3o de novos cargos. Inicialmente, estima-se a necessidade de cerca de 3 mil novos postos, conforme fontes ligadas ao governo. No entanto, o n\u00famero exato ainda est\u00e1 sujeito a ajustes conforme as demandas futuras.<\/p>\n\n\n\n<p>A proposta j\u00e1 est\u00e1 em debate na Casa Civil, mas ainda n\u00e3o h\u00e1 previs\u00e3o para sua apresenta\u00e7\u00e3o ao Congresso Nacional. A mudan\u00e7a, se aprovada, poder\u00e1 representar uma transforma\u00e7\u00e3o substancial no quadro de seguran\u00e7a p\u00fablica do pa\u00eds, impactando tanto os profissionais da \u00e1rea quanto os futuros concursos p\u00fablicos da POF.<\/p>\n\n\n\n<h2 class=\"wp-block-heading\" id=\"principais-aspectos-da-pec-\">Principais aspectos da PEC <\/h2>\n\n\n\n<p>A proposta, agora em discuss\u00e3o no Congresso Nacional, visa criar uma nova Pol\u00edcia Ostensiva Federal, substituindo a atual Pol\u00edcia Rodovi\u00e1ria Federal (PRF) e incorporando a ideia da Pol\u00edcia Ferrovi\u00e1ria Federal, at\u00e9 ent\u00e3o apenas mencionada na Constitui\u00e7\u00e3o.<\/p>\n\n\n\n<p>O projeto, que prev\u00ea inicialmente a cria\u00e7\u00e3o de cerca de 3 mil vagas, tem como objetivo principal integrar a atua\u00e7\u00e3o federal em rodovias, ferrovias, hidrovias e instala\u00e7\u00f5es federais, al\u00e9m de oferecer suporte emergencial e tempor\u00e1rio \u00e0s for\u00e7as estaduais de seguran\u00e7a, mediante solicita\u00e7\u00e3o dos governadores.<\/p>\n\n\n\n<p>Um dos pontos centrais da proposta \u00e9 a integra\u00e7\u00e3o do Sistema \u00danico de Seguran\u00e7a P\u00fablica (Susp) \u00e0 Constitui\u00e7\u00e3o, conferindo \u00e0 Uni\u00e3o a compet\u00eancia para estabelecer diretrizes obrigat\u00f3rias aos estados. Especialistas envolvidos na elabora\u00e7\u00e3o do texto enfatizam que a inten\u00e7\u00e3o n\u00e3o \u00e9 suprimir a autonomia das pol\u00edcias estaduais, mas garantir um padr\u00e3o m\u00ednimo de atua\u00e7\u00e3o em todo o pa\u00eds.<\/p>\n\n\n\n<p>Detalhes espec\u00edficos sobre a implementa\u00e7\u00e3o do novo modelo ser\u00e3o determinados por regulamenta\u00e7\u00f5es futuras, enquanto a proposta define diretrizes claras sobre a coordena\u00e7\u00e3o federal da seguran\u00e7a p\u00fablica, buscando efici\u00eancia e sinergia nas opera\u00e7\u00f5es em todo o territ\u00f3rio nacional.<\/p>\n\n\n\n<ul class=\"wp-block-list\"><li><strong>Confira: <\/strong><a href=\"https:\/\/www.novaconcursos.com.br\/apostila\/prf-prep-agente-administrativo\">Apostila PRF \u2013 Agente Administrativo<\/a><\/li>\n<\/ul><p>Estude para o concurso dos seus sonhos com o\u00a0M\u00e9todo\u00a0que j\u00e1 ajudou na\u00a0aprova\u00e7\u00e3o de mais de 70 mil alunos!\u00a0<a href=\"https:\/\/www.novaconcursos.com.br\/eventos\/assinatura\/?promo_creative=Clique+aqui&amp;promo_name=concurso&amp;promo_id=%2Fportal%2Fconcursos%2Fconcurso-mte&amp;promo_position=corpo-texto\" target=\"_blank\" rel=\"noreferrer noopener\">Clique aqui<\/a>\u00a0e saiba mais!<\/p>\n\n\n\n<h2 class=\"wp-block-heading\" id=\"como-a-pf-ser-impactada\">Como a PF ser\u00e1 impactada?<\/h2>\n\n\n\n<p>O ministro Ricardo Lewandowski apresentou uma proposta que promete remodelar significativamente o papel da Pol\u00edcia Federal (PF) no Brasil. De acordo com o texto elaborado, a PF ter\u00e1 novas atribui\u00e7\u00f5es, incluindo a investiga\u00e7\u00e3o de organiza\u00e7\u00f5es criminosas e mil\u00edcias privadas, al\u00e9m do combate aos crimes ambientais.<\/p>\n\n\n\n<p>A proposta visa esclarecer e expandir as atividades da PF, integrando mais efetivamente as pol\u00edcias sob a responsabilidade da Uni\u00e3o, com o objetivo de fortalecer a atua\u00e7\u00e3o do Estado na Seguran\u00e7a P\u00fablica.<\/p>\n\n\n\n\n\n<h2 class=\"wp-block-heading\" id=\"haver-um-novo-concurso-prf\">Haver\u00e1 um novo concurso PRF?<\/h2>\n\n\n\n<p>O Minist\u00e9rio da Justi\u00e7a e Seguran\u00e7a P\u00fablica anunciou oficialmente a <a href=\"https:\/\/www.novaconcursos.com.br\/portal\/noticias\/concursos-pf-e-prf-editais-solicitados-7-681-vagas-policiais\/\">solicita\u00e7\u00e3o de um novo concurso<\/a> p\u00fablico para a Pol\u00edcia Rodovi\u00e1ria Federal (PRF). Segundo o comunicado, a solicita\u00e7\u00e3o abrange um total de 4.902 vagas destinadas ao cargo de Policial Rodovi\u00e1rio Federal.<\/p>\n\n\n\n<p>No entanto, a autoriza\u00e7\u00e3o para o preenchimento dessas vagas est\u00e1 condicionada \u00e0 disponibilidade de <a href=\"https:\/\/www.novaconcursos.com.br\/portal\/noticias\/concurso-prf-deseja-convocar-excedentes\/\">cargos vagos na PRF<\/a>. <\/p>\n\n\n\n<p>A minuta da Lei Org\u00e2nica da Pol\u00edcia Rodovi\u00e1ria Federal j\u00e1 est\u00e1 pronta e inclui detalhes cruciais sobre os requisitos necess\u00e1rios para ingresso na carreira, os sal\u00e1rios oferecidos e as atribui\u00e7\u00f5es espec\u00edficas dos Policiais Rodovi\u00e1rios Federais.<\/p>\n\n\n\n<p>Quer ingressar na carreira p\u00fablica?\u00a0<a href=\"https:\/\/www.novaconcursos.com.br\/portal\/concursos-abertos\/\">Confira aqui todos os concursos abertos no pa\u00eds!<\/a><\/p>\n\n\n\n<p><strong>Fiquem ligados na nossa p\u00e1gina para as pr\u00f3ximas not\u00edcias sobre a PRF!<\/strong><\/p>","protected":false},"excerpt":{"rendered":"<p>O concurso PRF pode se transformar em Pol\u00edcia Ostensiva Federal e a mesma Proposta de Emenda \u00e0 Constitui\u00e7\u00e3o prop\u00f5e a cria\u00e7\u00e3o de 3 mil cargos. Vale destacar que a Pol\u00edcia Rodovi\u00e1ria Federal (PRF) aguarda a autoriza\u00e7\u00e3o para a realiza\u00e7\u00e3o de um novo concurso. Se interessa pelo certame? Fique e confira os demais detalhes sobre a [&hellip;]<\/p>\n","protected":false},"author":54687,"featured_media":243449,"comment_status":"closed","ping_status":"closed","sticky":false,"template":"","format":"standard","meta":{"_acf_changed":false,"footnotes":"","_wp_rev_ctl_limit":""},"categories":[228],"tags":[],"class_list":["post-243447","post","type-post","status-publish","format-standard","has-post-thumbnail","hentry","category-noticias"],"acf":[],"_links":{"self":[{"href":"https:\/\/www.novaconcursos.com.br\/portal\/wp-json\/wp\/v2\/posts\/243447","targetHints":{"allow":["GET"]}}],"collection":[{"href":"https:\/\/www.novaconcursos.com.br\/portal\/wp-json\/wp\/v2\/posts"}],"about":[{"href":"https:\/\/www.novaconcursos.com.br\/portal\/wp-json\/wp\/v2\/types\/post"}],"author":[{"embeddable":true,"href":"https:\/\/www.novaconcursos.com.br\/portal\/wp-json\/wp\/v2\/users\/54687"}],"replies":[{"embeddable":true,"href":"https:\/\/www.novaconcursos.com.br\/portal\/wp-json\/wp\/v2\/comments?post=243447"}],"version-history":[{"count":4,"href":"https:\/\/www.novaconcursos.com.br\/portal\/wp-json\/wp\/v2\/posts\/243447\/revisions"}],"predecessor-version":[{"id":243452,"href":"https:\/\/www.novaconcursos.com.br\/portal\/wp-json\/wp\/v2\/posts\/243447\/revisions\/243452"}],"wp:featuredmedia":[{"embeddable":true,"href":"https:\/\/www.novaconcursos.com.br\/portal\/wp-json\/wp\/v2\/media\/243449"}],"wp:attachment":[{"href":"https:\/\/www.novaconcursos.com.br\/portal\/wp-json\/wp\/v2\/media?parent=243447"}],"wp:term":[{"taxonomy":"category","embeddable":true,"href":"https:\/\/www.novaconcursos.com.br\/portal\/wp-json\/wp\/v2\/categories?post=243447"},{"taxonomy":"post_tag","embeddable":true,"href":"https:\/\/www.novaconcursos.com.br\/portal\/wp-json\/wp\/v2\/tags?post=243447"}],"curies":[{"name":"wp","href":"https:\/\/api.w.org\/{rel}","templated":true}]}}