{"id":244597,"date":"2024-08-09T13:40:56","date_gmt":"2024-08-09T16:40:56","guid":{"rendered":"https:\/\/www.novaconcursos.com.br\/portal\/?p=244597"},"modified":"2024-08-09T13:45:05","modified_gmt":"2024-08-09T16:45:05","slug":"concursos-pf-e-prf-discussao-da-pec-da-seguranca","status":"publish","type":"post","link":"https:\/\/www.novaconcursos.com.br\/portal\/noticias\/concursos-pf-e-prf-discussao-da-pec-da-seguranca\/","title":{"rendered":"Concursos PF e PRF: presidente Lula discute a &#8220;PEC da Seguran\u00e7a P\u00fablica&#8221;!"},"content":{"rendered":"<p>Os <a href=\"https:\/\/www.novaconcursos.com.br\/portal\/concursos\/concurso-prf\/\">concursos PF e PRF<\/a> sofrer\u00e3o impactos com a PEC da Seguran\u00e7a e o <strong>presidente Lula discute sobre o tema<\/strong> em reuni\u00e3o realizada no Pal\u00e1cio do Planalto nesta \u00faltima quarta-feira.<\/p>\n\n\n\n<p>Vale recordar que os concursos PF e PRF t\u00eam editais solicitados e aguardam a autoriza\u00e7\u00e3o do Minist\u00e9rio de Gest\u00e3o e Inova\u00e7\u00e3o em Servi\u00e7os P\u00fablicos (MGI).<\/p>\n\n\n\n<p>Ficou interessado(a)? Fica e confira como foi a discuss\u00e3o<em> da \u201cPEC da Seguran\u00e7a\u201d discutida pelo presidente Lula e como isso interfere nos concursos PF e PRF!<\/em><\/p>\n\n\n\n<h2 class=\"wp-block-heading\" id=\"o-que-lula-diz-sobre-a-pec-da-segurana\">O que Lula diz sobre a \u201cPEC da Seguran\u00e7a\u201d?<\/h2>\n\n\n\n<p>Nesta quinta-feira, 8 de agosto, o presidente Luiz In\u00e1cio Lula da Silva anunciou o in\u00edcio dos debates sobre a Proposta de Emenda \u00e0 Constitui\u00e7\u00e3o (PEC) da Seguran\u00e7a P\u00fablica, uma iniciativa que promete impactar futuros concursos da Pol\u00edcia Federal (PF) e da Pol\u00edcia Rodovi\u00e1ria Federal (PRF). <\/p>\n\n\n\n<p>Durante o encontro, Lula enfatizou a import\u00e2ncia de uma a\u00e7\u00e3o conjunta entre a Uni\u00e3o, estados, Distrito Federal e munic\u00edpios para garantir uma pol\u00edtica de seguran\u00e7a p\u00fablica efetiva em todo o pa\u00eds.<\/p>\n\n\n\n<p>Na quarta-feira, 7, o presidente reuniu-se com o ministro da Justi\u00e7a e Seguran\u00e7a P\u00fablica, Ricardo Lewandowski, e com ministros que j\u00e1 foram governadores, para analisar o esbo\u00e7o da proposta. <\/p>\n\n\n\n<p>O objetivo \u00e9 fortalecer a coopera\u00e7\u00e3o entre os diferentes n\u00edveis de governo, promovendo uma integra\u00e7\u00e3o que seja capaz de enfrentar os desafios da seguran\u00e7a p\u00fablica de forma mais coordenada.<\/p>\n\n\n\n<p><em>\u201cOntem eu fiz uma reuni\u00e3o com o ministro Lewandowski, fiz quest\u00e3o de convidar os ministros que foram governadores de estado para que a gente prepare o esbo\u00e7o de Pol\u00edtica\u00a0de Seguran\u00e7a P\u00fablica na qual o Governo Federal quer se inserir. Para que a gente possa apresentar \u00e0 sociedade brasileira uma Pol\u00edtica de Seguran\u00e7a P\u00fablica que mova Uni\u00e3o, estados e munic\u00edpios. \u00c9 valorizar os entes federados, definir o papel e o compromisso de cada um para que as coisas deem certo. A gente n\u00e3o pode brincar de fazer Seguran\u00e7a P\u00fablica\u201d, <\/em>disse o presidente Lula.<\/p>\n\n\n\n<p>Em seu discurso, transmitido ao vivo pelas redes oficiais do governo, o presidente refor\u00e7ou a import\u00e2ncia de ampliar o debate, ouvindo tamb\u00e9m os presidentes do Poder Legislativo e a sociedade e ainda destacou a necessidade de ouvir os 27 governadores antes de enviar o texto ao Congresso Nacional.<\/p>\n\n\n\n<p><em>\u201cEstou muito otimista. Agora vamos convidar os 27 governadores para fazer uma apresenta\u00e7\u00e3o para eles\u201d, <\/em>afirmou o presidente Lula.<\/p>\n\n\n\n<p>Atualmente, a PEC da Seguran\u00e7a P\u00fablica encontra-se na Casa Civil e depende do aval do presidente para avan\u00e7ar. Caso as discuss\u00f5es com os governadores sejam favor\u00e1veis, Lula ser\u00e1 o respons\u00e1vel por encaminhar a proposta ao Legislativo, onde a mesma ser\u00e1 debatida e votada.<\/p>\n\n\n\n<p>A reuni\u00e3o ministerial que abriu o dia no Pal\u00e1cio do Planalto teve como objetivo fazer um balan\u00e7o das a\u00e7\u00f5es do governo at\u00e9 o momento e alinhar os pr\u00f3ximos passos. Participaram do encontro os chefes das 38 pastas do governo, em um segundo debate do tipo realizado neste ano.<\/p>\n\n\n\n<ul class=\"wp-block-list\"><li><strong>Confira:\u00a0<\/strong><a href=\"https:\/\/www.novaconcursos.com.br\/apostila\/prf-prep-policial-rodov?promo_creative=Apostila+PRF+%26%238211%3B+Policial+Rodovi%C3%A1rio&amp;promo_name=noticia&amp;promo_id=%2Fportal%2Fnoticias%2Fconcursos-pr-e-prf&amp;promo_position=corpo-texto\">Apostila PRF \u2013 Policial Rodovi\u00e1rio<\/a><\/li>\n\n\n\n<li><strong>Confira:\u00a0<\/strong><a href=\"https:\/\/www.novaconcursos.com.br\/apostila\/pf-prep-agente-adm?promo_creative=Apostila+PF+%26%238211%3B+Agente+Administrativo&amp;promo_name=noticia&amp;promo_id=%2Fportal%2Fnoticias%2Fconcursos-pr-e-prf&amp;promo_position=corpo-texto\">Apostila PF \u2013 Agente Administrativo<\/a><\/li>\n<\/ul><p>Estude para o concurso dos seus sonhos com o\u00a0M\u00e9todo\u00a0que j\u00e1 ajudou na\u00a0aprova\u00e7\u00e3o de mais de 70 mil alunos!\u00a0<a href=\"https:\/\/www.novaconcursos.com.br\/eventos\/assinatura\/?promo_creative=Clique+aqui&amp;promo_name=concurso&amp;promo_id=%2Fportal%2Fconcursos%2Fconcurso-mte&amp;promo_position=corpo-texto\" target=\"_blank\" rel=\"noreferrer noopener\">Clique aqui<\/a>\u00a0e saiba mais!<\/p>\n\n\n\n<h2 class=\"wp-block-heading\" id=\"o-que-a-pec-da-segurana\">O que \u00e9 a PEC da Seguran\u00e7a?<\/h2>\n\n\n\n<p>A PEC da Seguran\u00e7a, ainda em fase de elabora\u00e7\u00e3o, visa <a href=\"https:\/\/www.novaconcursos.com.br\/portal\/noticias\/concurso-prf-podera-se-tornar-policia-ostensiva\/\">transformar a PRF em uma Pol\u00edcia Operacional<\/a>. Isso implicaria em um papel mais ostensivo, possivelmente mudando sua nomenclatura para Pol\u00edcia Ostensiva Federal (POF). Essa nova pol\u00edcia teria a fun\u00e7\u00e3o de patrulhar n\u00e3o apenas as rodovias federais, mas tamb\u00e9m hidrovias e ferrovias.<\/p>\n\n\n\n<p>Com essas mudan\u00e7as, seria necess\u00e1rio reestruturar todo o quadro de pessoal da PRF, al\u00e9m de ampliar a quantidade de policiais com a cria\u00e7\u00e3o de novos cargos. Inicialmente, representantes do governo indicaram que seriam necess\u00e1rios 3 mil novos cargos, embora ainda n\u00e3o haja uma decis\u00e3o final sobre esse n\u00famero.<\/p>\n\n\n\n<p>A proposta, de autoria do ministro Lewandowski, se avan\u00e7ar, mudaria o sistema de Seguran\u00e7a P\u00fablica do Brasil e definiria um novo papel para o governo federal, que passaria a ter mais responsabilidade no combate ao crime, atuando de forma conjunta com estados e munic\u00edpios.<\/p>\n\n\n\n<p>Vale lembrar que atualmente, cada corpora\u00e7\u00e3o age de forma isolada, sem compartilhar dados, o que prejudica investiga\u00e7\u00f5es, segundo especialistas.<\/p>\n\n\n\n<p>Por fim, para os candidatos dos PF e PRF, uma mudan\u00e7a significativa seria a transforma\u00e7\u00e3o da PRF em POF. Al\u00e9m disso, a PEC prev\u00ea a extin\u00e7\u00e3o da Pol\u00edcia Ferrovi\u00e1ria Federal (PFF), que, apesar de prevista na Constitui\u00e7\u00e3o, nunca foi efetivamente criada.<\/p>\n\n\n\n\n\n<h2 class=\"wp-block-heading\" id=\"quantas-vagas-os-concursos-pf-e-prf-solicitaram\">Quantas vagas os concursos PF e PRF solicitaram?<\/h2>\n\n\n\n<p>Em um esfor\u00e7o para refor\u00e7ar seus quadros de pessoal, a Pol\u00edcia Federal (PF) e a <a href=\"https:\/\/www.gov.br\/prf\/pt-br\" target=\"_blank\" rel=\"noreferrer noopener\">Pol\u00edcia Rodovi\u00e1ria Federal<\/a> (PRF) encaminharam pedidos de abertura de novos concursos p\u00fablicos para este ano. Juntas, as duas corpora\u00e7\u00f5es solicitaram mais de 7.700 vagas para cargos efetivos.<\/p>\n\n\n\n<p>A <a href=\"https:\/\/www.gov.br\/pf\/pt-br\" target=\"_blank\" rel=\"noreferrer noopener\">Pol\u00edcia Federal<\/a> requisitou 2.599 vagas, distribu\u00eddas entre as \u00e1reas Policial e Administrativa. As oportunidades e suas respectivas remunera\u00e7\u00f5es s\u00e3o as seguintes:<\/p>\n\n\n\n<p>\u00c1rea Policial da PF:<\/p>\n\n\n\n<ul class=\"wp-block-list\"><li>Agente: 1.115 vagas (n\u00edvel superior em qualquer \u00e1rea e remunera\u00e7\u00e3o de R$14.710,10)<\/li>\n\n\n\n<li>Escriv\u00e3o: 364 vagas (n\u00edvel superior em qualquer \u00e1rea e remunera\u00e7\u00e3o de R$14.710,10)<\/li>\n\n\n\n<li>Papiloscopista: 13 vagas (n\u00edvel superior em qualquer \u00e1rea e remunera\u00e7\u00e3o de R$14.710,10)<\/li>\n\n\n\n<li>Perito: 57 vagas (n\u00edvel superior em \u00e1reas espec\u00edficas e remunera\u00e7\u00e3o de R$14.710,10)<\/li>\n\n\n\n<li>Delegado: 261 vagas (n\u00edvel superior em Direito e remunera\u00e7\u00e3o de R$27.831,70)<\/li>\n<\/ul><p>Para ingressar nos cargos listados, \u00e9 necess\u00e1rio que o candidato possua n\u00edvel superior completo. As remunera\u00e7\u00f5es variam de acordo com a posi\u00e7\u00e3o, com sal\u00e1rios que chegam a R$27.831,70 no caso dos delegados.<\/p>\n\n\n\n<p>Al\u00e9m disso, a PRF deseja convocar excedentes, <a href=\"https:\/\/www.novaconcursos.com.br\/portal\/noticias\/concurso-prf-deseja-convocar-excedentes\/\">clique aqui<\/a> e confira os detalhes.<\/p>\n\n\n\n<p>Quer se tornar um servidor p\u00fablico?\u00a0<a href=\"https:\/\/www.novaconcursos.com.br\/portal\/concursos-abertos\/nacional\/\">Confira aqui os concursos abertos em todos o pa\u00eds!<\/a><\/p>\n\n\n\n<p><strong>Fiquem ligados na nossa p\u00e1gina para as pr\u00f3ximas not\u00edcias sobre os concursos PF e PRF!<\/strong><\/p>","protected":false},"excerpt":{"rendered":"<p>Os concursos PF e PRF sofrer\u00e3o impactos com a PEC da Seguran\u00e7a e o presidente Lula discute sobre o tema em reuni\u00e3o realizada no Pal\u00e1cio do Planalto nesta \u00faltima quarta-feira. Vale recordar que os concursos PF e PRF t\u00eam editais solicitados e aguardam a autoriza\u00e7\u00e3o do Minist\u00e9rio de Gest\u00e3o e Inova\u00e7\u00e3o em Servi\u00e7os P\u00fablicos (MGI). [&hellip;]<\/p>\n","protected":false},"author":54687,"featured_media":244610,"comment_status":"closed","ping_status":"closed","sticky":false,"template":"","format":"standard","meta":{"_acf_changed":false,"footnotes":"","_wp_rev_ctl_limit":""},"categories":[228],"tags":[],"class_list":["post-244597","post","type-post","status-publish","format-standard","has-post-thumbnail","hentry","category-noticias"],"acf":[],"_links":{"self":[{"href":"https:\/\/www.novaconcursos.com.br\/portal\/wp-json\/wp\/v2\/posts\/244597","targetHints":{"allow":["GET"]}}],"collection":[{"href":"https:\/\/www.novaconcursos.com.br\/portal\/wp-json\/wp\/v2\/posts"}],"about":[{"href":"https:\/\/www.novaconcursos.com.br\/portal\/wp-json\/wp\/v2\/types\/post"}],"author":[{"embeddable":true,"href":"https:\/\/www.novaconcursos.com.br\/portal\/wp-json\/wp\/v2\/users\/54687"}],"replies":[{"embeddable":true,"href":"https:\/\/www.novaconcursos.com.br\/portal\/wp-json\/wp\/v2\/comments?post=244597"}],"version-history":[{"count":14,"href":"https:\/\/www.novaconcursos.com.br\/portal\/wp-json\/wp\/v2\/posts\/244597\/revisions"}],"predecessor-version":[{"id":246722,"href":"https:\/\/www.novaconcursos.com.br\/portal\/wp-json\/wp\/v2\/posts\/244597\/revisions\/246722"}],"wp:featuredmedia":[{"embeddable":true,"href":"https:\/\/www.novaconcursos.com.br\/portal\/wp-json\/wp\/v2\/media\/244610"}],"wp:attachment":[{"href":"https:\/\/www.novaconcursos.com.br\/portal\/wp-json\/wp\/v2\/media?parent=244597"}],"wp:term":[{"taxonomy":"category","embeddable":true,"href":"https:\/\/www.novaconcursos.com.br\/portal\/wp-json\/wp\/v2\/categories?post=244597"},{"taxonomy":"post_tag","embeddable":true,"href":"https:\/\/www.novaconcursos.com.br\/portal\/wp-json\/wp\/v2\/tags?post=244597"}],"curies":[{"name":"wp","href":"https:\/\/api.w.org\/{rel}","templated":true}]}}