{"id":245605,"date":"2024-07-31T10:00:23","date_gmt":"2024-07-31T13:00:23","guid":{"rendered":"https:\/\/www.novaconcursos.com.br\/portal\/?p=245605"},"modified":"2025-04-10T15:25:03","modified_gmt":"2025-04-10T18:25:03","slug":"concurso-prefeitura-de-feira-de-santana-edital-publicado","status":"publish","type":"post","link":"https:\/\/www.novaconcursos.com.br\/portal\/noticias\/concurso-prefeitura-de-feira-de-santana-edital-publicado\/","title":{"rendered":"Edital Prefeitura de Feira de Santana \u00e9 divulgado com 567 vagas!"},"content":{"rendered":"<p>O <strong><a href=\"https:\/\/www.novaconcursos.com.br\/portal\/concursos\/concurso-prefeitura-de-feira-de-santana-ba\/\">concurso Prefeitura de Feira de Santana<\/a>, no estado da Bahia, tem edital divulgado com 567 vagas<\/strong> imediatas para um um conjunto extenso de setores da administra\u00e7\u00e3o municipal.<\/p>\n\n\n\n<p>As oportunidades s\u00e3o para cargos de n\u00edveis m\u00e9dio, t\u00e9cnico e superior de escolaridade que contar\u00e3o com sal\u00e1rios iniciais de R$3 mil.<\/p>\n\n\n\n<p>Se interessa pelo certame? Fique e confira os demais detalhes sobre o <em>edital divulgado com 592 vagas do concurso Prefeitura de Feira de Santana!<\/em><\/p>\n\n\n\n<h2 class=\"wp-block-heading\" id=\"resumo-do-edital\">Resumo do edital<\/h2>\n\n\n\n<p>Vagas: 567<br>Escolaridade: n\u00edveis m\u00e9dio, t\u00e9cnico e superior<br>Banca: IBFC<br>Sal\u00e1rio: R$1.468,48 a R$ 3.306,28<br>Per\u00edodo de inscri\u00e7\u00f5es: 31\/7\/2024\u00a0at\u00e9 2\/9\/2024<br>Taxa: R$ 65,00 e R$ 75,00<br>Prova: 20\/10\/2024<br><a href=\"https:\/\/www.novaconcursos.com.br\/portal\/wp-content\/uploads\/2024\/07\/Edital-Prefeitura-de-Feira-de-Santana-BA.pdf\">Edital<\/a><\/p>\n\n\n\n<h2 class=\"wp-block-heading\" id=\"como-sero-as-inscries-do-concurso-prefeitura-de-feira-de-san\">Como ser\u00e3o as inscri\u00e7\u00f5es do concurso Prefeitura de Feira de Santana?<\/h2>\n\n\n\n<p>Os interessados em participar do certame poder\u00e3o realizar as inscri\u00e7\u00f5es <strong>at\u00e9 o dia 2 de setembro de 2024<\/strong>, por meio do site da banca organizadora, <a href=\"https:\/\/concursos.ibfc.org.br\/informacoes\/467\/\" target=\"_blank\" rel=\"noreferrer noopener\">IBFC<\/a> (Instituto Brasileiro de Forma\u00e7\u00e3o e Capacita\u00e7\u00e3o).<\/p>\n\n\n\n<p>Para que a inscri\u00e7\u00e3o seja homologada \u00e9 necess\u00e1rio que o candidato efetue o pagamento de uma tava no valor de R$ 65,00 para cargos de n\u00edveis m\u00e9dio e t\u00e9cnico, de R$ 75,00 para n\u00edvel superior, exceto, para o cargo de Procurador, que conta com uma taxa no valor de R$ 103,00.<\/p>\n\n\n\n<p>H\u00e1 a possibilidade de solicitar a isen\u00e7\u00e3o da taxa de participa\u00e7\u00e3o<strong> at\u00e9 o dia 2 de agosto de 2024<\/strong> para o candidato que se adequar a uma das seguintes condi\u00e7\u00f5es:<\/p>\n\n\n\n<ul class=\"wp-block-list\"><li>pessoas com defici\u00eancia que comprovarem renda familiar de at\u00e9 2 sal\u00e1rios m\u00ednimos e que estiverem inscritos nos programas sociais do Governo Federal;<\/li>\n\n\n\n<li>candidato deve estar inscrito no Cadastro \u00danico para Programas Sociais do Governo Federal (Cad\u00danico).<\/li>\n<\/ul><h2 class=\"wp-block-heading\" id=\"quais-sero-os-cargos-ofertados-no-concurso-prefeitura-de-fei\">Quais ser\u00e3o os cargos ofertados no concurso Prefeitura de Feira de Santana?<\/h2>\n\n\n\n<p>Ser\u00e3o ofertadas 567 vagas em diversos setores da administra\u00e7\u00e3o municipal para n\u00edveis m\u00e9dio, t\u00e9cnico e superior de escolaridade.<\/p>\n\n\n\n<p>Para os cargos de n\u00edvel m\u00e9dio, as oportunidades incluem Agente Comunit\u00e1rio de Sa\u00fade, Agente de Combate \u00e0s Endemias, Agente de Portaria, Agente de Tr\u00e2nsito, Agente de Vigil\u00e2ncia Sanit\u00e1ria, Almoxarife, Assistente Administrativo, Desenhista, Fiscal de Servi\u00e7os P\u00fablicos, Guarda Municipal \u2013 2\u00aa Classe, Int\u00e9rprete de Libras, Motorista, Motorista de Ambul\u00e2ncia e Orientador Social.<\/p>\n\n\n\n<p>Quem possui n\u00edvel m\u00e9dio com forma\u00e7\u00e3o t\u00e9cnica pode concorrer \u00e0s vagas de T\u00e9cnico em Administra\u00e7\u00e3o Hospitalar, T\u00e9cnico em Agropecu\u00e1ria, T\u00e9cnico em Enfermagem e T\u00e9cnico em Radiologia.<\/p>\n\n\n\n<p>Al\u00e9m disso, o concurso oferece uma s\u00e9rie de cargos de n\u00edvel superior, incluindo Administrador, Advogado, Analista de Sistemas, Analista Jur\u00eddico, Arquiteto, Assistente Social, Auditor Fiscal, Bibliotec\u00e1rio, Bi\u00f3logo, Bioqu\u00edmico, Contador, Coordenador Administrativo, Economista, Enfermeiro, Enfermeiro do Trabalho, Engenheiro (diversas \u00e1reas), Farmac\u00eautico, Ge\u00f3logo, Jornalista, M\u00e9dico (diversas especialidades), Nutricionista, Odont\u00f3logo, Pedagogo, Procurador Municipal, Professor (diversos segmentos), Programador de Computador, Psic\u00f3logo, Rep\u00f3rter Fotogr\u00e1fico e Soci\u00f3logo.<\/p>\n\n\n\n<p>A jornada de trabalho varia entre 20 e 40 horas semanais, bem como os sal\u00e1rios variam de R$ 1.468,48 at\u00e9 R$ 3.306,28.<\/p>\n\n\n\n<ul class=\"wp-block-list\"><li><strong>Confira: <\/strong><a href=\"https:\/\/www.novaconcursos.com.br\/apostila\/basico-concurso\">Apostila B\u00e1sico para Concursos<\/a><\/li>\n<\/ul><p>Estude para o concurso dos seus sonhos com o\u00a0M\u00e9todo\u00a0que j\u00e1 ajudou na\u00a0aprova\u00e7\u00e3o de mais de 70 mil alunos!\u00a0<a href=\"https:\/\/www.novaconcursos.com.br\/eventos\/assinatura\/?promo_creative=Clique+aqui&amp;promo_name=concurso&amp;promo_id=%2Fportal%2Fconcursos%2Fconcurso-mte&amp;promo_position=corpo-texto\" target=\"_blank\" rel=\"noreferrer noopener\">Clique aqui<\/a>\u00a0e saiba mais!<\/p>\n\n\n\n<h2 class=\"wp-block-heading\" id=\"quais-so-os-requisitos-para-participar-do-concurso-prefeitur\">Quais s\u00e3o os requisitos para participar do concurso Prefeitura de Feira de Santana?<\/h2>\n\n\n\n<p>Al\u00e9m da escolaridade exigida, o candidato deve se atentar \u00e0s seguintes exig\u00eancias do concurso <a href=\"https:\/\/www.feiradesantana.ba.gov.br\/\" target=\"_blank\" rel=\"noreferrer noopener\">Prefeitura de Feira de Santana<\/a>:<\/p>\n\n\n\n<ul class=\"wp-block-list\"><li>Ser brasileiro nato ou naturalizado e, no caso de nacionalidade portuguesa, estar amparado pelo estatuto de igualdade entre brasileiros e portugueses, com reconhecimento do gozo dos direitos pol\u00edticos, na forma do art. 13 do Decreto n\u00ba 70.436, de 18 de abril de 1972, art. 12, \u00a7 1\u00ba, da Constitui\u00e7\u00e3o Federal, e art. 3\u00ba, da Emenda Constitucional n\u00ba 19, de 04 de junho de 1998;<\/li>\n\n\n\n<li>Ter a idade m\u00ednima de 18 anos completos na data da posse, exceto para o cargo de Motorista de Ambul\u00e2ncia que dever\u00e1 ter no m\u00ednimo 21 anos de idade;<\/li>\n\n\n\n<li>Estar quite com as obriga\u00e7\u00f5es eleitorais;<\/li>\n\n\n\n<li>Estar quite com as obriga\u00e7\u00f5es militares, para os candidatos do sexo masculino;<\/li>\n\n\n\n<li>Encontrar-se em pleno gozo de seus direitos pol\u00edticos e civis;<\/li>\n\n\n\n<li>N\u00e3o ter sofrido, no exerc\u00edcio de fun\u00e7\u00e3o p\u00fablica, penalidade incompat\u00edvel com nova investidura em emprego\/cargo p\u00fablico;<\/li>\n\n\n\n<li>N\u00e3o ter sofrido nenhuma condena\u00e7\u00e3o em virtude de crime contra a Administra\u00e7\u00e3o, com tr\u00e2nsito em julgado;<\/li>\n\n\n\n<li>Ter aptid\u00e3o f\u00edsica e mental para o exerc\u00edcio das atribui\u00e7\u00f5es do cargo;<\/li>\n\n\n\n<li>N\u00e3o receber proventos de aposentadoria decorrentes do art. 40 ou dos arts. 42 e 142, conforme teor do artigo 37, \u00a7 10 da Constitui\u00e7\u00e3o Federal, com a reda\u00e7\u00e3o da Emenda Constitucional n\u00ba 20, de 15 de dezembro de 1998, e nem estar para aposentaria compuls\u00f3ria;<\/li>\n\n\n\n<li>N\u00e3o possuir registro de antecedentes criminais nos \u00faltimos 5 anos, ficando impedida a nomea\u00e7\u00e3o nos casos em que houver a\u00e7\u00e3o penal com senten\u00e7a condenat\u00f3ria transitada em julgado, enquanto durarem seus efeitos, garantido o contradit\u00f3rio e a ampla defesa;<\/li>\n\n\n\n<li>Firmar declara\u00e7\u00e3o de n\u00e3o estar cumprindo san\u00e7\u00e3o por inidoneidade, aplicada por qualquer \u00f3rg\u00e3o p\u00fablico ou entidade da esfera federal, estadual, municipal ou do Distrito Federal;<\/li>\n\n\n\n<li>Estar devidamente registrado e em dia junto ao respectivo Conselho Profissional de Classe, para a ocupa\u00e7\u00e3o que assim o exigir;<\/li>\n\n\n\n<li>Apresentar declara\u00e7\u00e3o de que n\u00e3o acumula cargo, emprego ou fun\u00e7\u00e3o p\u00fablica, ou proventos de inatividade, ressalvadas as possibilidades de acumula\u00e7\u00e3o l\u00edcita previstas no inciso XVI do art. 37 da Constitui\u00e7\u00e3o Federal;<\/li>\n\n\n\n<li>Ter plena aptid\u00e3o f\u00edsica e mental e n\u00e3o ser portador de defici\u00eancia f\u00edsica incompat\u00edvel com os requisitos e atribui\u00e7\u00f5es para o pleno exerc\u00edcio do cargo, comprovada em inspe\u00e7\u00e3o m\u00e9dica oficial pela PMFS.<\/li>\n\n\n\n<li>Ser aprovado no presente Concurso P\u00fablico e possuir os requisitos exigidos para o exerc\u00edcio do cargo, conforme item 2.7, deste Edital;<\/li>\n\n\n\n<li>Atender a todas as exig\u00eancias estabelecidas neste Edital.<\/li>\n<\/ul><h2 class=\"wp-block-heading\" id=\"como-sero-as-provas-do-concurso-prefeitura-de-feira-de-santa\">Como ser\u00e3o as provas do concurso Prefeitura de Feira de Santana?<\/h2>\n\n\n\n<p>A prova objetiva escrita, ser\u00e1 comum a todos os cargos e est\u00e1 prevista para ocorrer no dia <strong>20 de outubro de 2024<\/strong>, nesta mesma data, ser\u00e1 aplicada a prova discursiva, destinada especificamente aos candidatos a cargos de n\u00edvel superior.<\/p>\n\n\n\n<p>Al\u00e9m dessas avalia\u00e7\u00f5es, os candidatos a cargos de n\u00edvel superior tamb\u00e9m passar\u00e3o por uma prova de t\u00edtulos. Aqueles que concorrem ao cargo de Motorista enfrentar\u00e3o uma prova pr\u00e1tica para demonstrar suas habilidades ao volante. J\u00e1 os aspirantes a Guarda Municipal ter\u00e3o um processo seletivo mais extenso, incluindo Teste de Aptid\u00e3o F\u00edsica (TAF), exame psicol\u00f3gico e prova de t\u00edtulos.<\/p>\n\n\n\n<p>A prova objetiva ser\u00e1 composta por <strong>40 quest\u00f5es de m\u00faltipla escolha<\/strong> que ser\u00e3o versadas nas disciplinas de L\u00edngua Portuguesa, Racioc\u00ednio L\u00f3gico, No\u00e7\u00f5es de Inform\u00e1tica e Conhecimentos Espec\u00edficos. Ser\u00e1 considerado aprovado o candidato que obtiver no m\u00ednimo 30 pontos.<\/p>\n\n\n\n<p>J\u00e1 a prova discursiva ser\u00e1 constitu\u00edda em uma reda\u00e7\u00e3o que dever\u00e1 ser redigida em m\u00ednimo 20 e no m\u00e1ximo 30 linhas, sendo avaliados os crit\u00e9rios de Progress\u00e3o, Qualidade do conte\u00fado, Coes\u00e3o e Norma padr\u00e3o.<\/p>\n\n\n\n<p><strong>Fiquem ligados na nossa p\u00e1gina para as pr\u00f3ximas not\u00edcias sobre o concurso Prefeitura de Feira de Santana!<\/strong><\/p>","protected":false},"excerpt":{"rendered":"<p>O concurso Prefeitura de Feira de Santana, no estado da Bahia, tem edital divulgado com 567 vagas imediatas para um um conjunto extenso de setores da administra\u00e7\u00e3o municipal. As oportunidades s\u00e3o para cargos de n\u00edveis m\u00e9dio, t\u00e9cnico e superior de escolaridade que contar\u00e3o com sal\u00e1rios iniciais de R$3 mil. Se interessa pelo certame? Fique e [&hellip;]<\/p>\n","protected":false},"author":54687,"featured_media":245611,"comment_status":"closed","ping_status":"closed","sticky":false,"template":"","format":"standard","meta":{"_acf_changed":false,"footnotes":"","_wp_rev_ctl_limit":""},"categories":[228],"tags":[],"class_list":["post-245605","post","type-post","status-publish","format-standard","has-post-thumbnail","hentry","category-noticias"],"acf":[],"_links":{"self":[{"href":"https:\/\/www.novaconcursos.com.br\/portal\/wp-json\/wp\/v2\/posts\/245605","targetHints":{"allow":["GET"]}}],"collection":[{"href":"https:\/\/www.novaconcursos.com.br\/portal\/wp-json\/wp\/v2\/posts"}],"about":[{"href":"https:\/\/www.novaconcursos.com.br\/portal\/wp-json\/wp\/v2\/types\/post"}],"author":[{"embeddable":true,"href":"https:\/\/www.novaconcursos.com.br\/portal\/wp-json\/wp\/v2\/users\/54687"}],"replies":[{"embeddable":true,"href":"https:\/\/www.novaconcursos.com.br\/portal\/wp-json\/wp\/v2\/comments?post=245605"}],"version-history":[{"count":8,"href":"https:\/\/www.novaconcursos.com.br\/portal\/wp-json\/wp\/v2\/posts\/245605\/revisions"}],"predecessor-version":[{"id":278970,"href":"https:\/\/www.novaconcursos.com.br\/portal\/wp-json\/wp\/v2\/posts\/245605\/revisions\/278970"}],"wp:featuredmedia":[{"embeddable":true,"href":"https:\/\/www.novaconcursos.com.br\/portal\/wp-json\/wp\/v2\/media\/245611"}],"wp:attachment":[{"href":"https:\/\/www.novaconcursos.com.br\/portal\/wp-json\/wp\/v2\/media?parent=245605"}],"wp:term":[{"taxonomy":"category","embeddable":true,"href":"https:\/\/www.novaconcursos.com.br\/portal\/wp-json\/wp\/v2\/categories?post=245605"},{"taxonomy":"post_tag","embeddable":true,"href":"https:\/\/www.novaconcursos.com.br\/portal\/wp-json\/wp\/v2\/tags?post=245605"}],"curies":[{"name":"wp","href":"https:\/\/api.w.org\/{rel}","templated":true}]}}