{"id":24591,"date":"2022-09-01T08:00:39","date_gmt":"2022-09-01T11:00:39","guid":{"rendered":"http:\/\/www.novaconcursos.com.br\/portal\/?post_type=nc-public-tender&#038;p=24591"},"modified":"2024-12-16T09:49:45","modified_gmt":"2024-12-16T12:49:45","slug":"concurso-ufrn","status":"publish","type":"post","link":"https:\/\/www.novaconcursos.com.br\/portal\/concursos\/concurso-ufrn\/","title":{"rendered":"Concurso UFRN: Edital publicado. 103 vagas para n\u00edveis m\u00e9dio e superior!"},"content":{"rendered":"<p>Excelente not\u00edcia para os concurseiros! Foi publicado o edital do concurso <strong>UFRN<\/strong>!<\/p>\n<p>S\u00e3o ofertadas vagas para a carreira de <strong>T\u00e9cnico Administrativo em Educa\u00e7\u00e3o<\/strong>, com especialidades que exigem n\u00edveis m\u00e9dio, t\u00e9cnico ou superior.<\/p>\n<p>Al\u00e9m disso, o sal\u00e1rio pode chegar a <strong>R$ 4,1 mil<\/strong>.<\/p>\n<p>Se voc\u00ea se interessa pela sele\u00e7\u00e3o, confira todas as informa\u00e7\u00f5es a seguir!<\/p>\n<ul><li><a class=\"_ps2id\" href=\"#vagas-cargos-salarios\" data-ps2id-offset=\"\">Vagas, cargos e sal\u00e1rios<\/a><\/li>\n<li><a class=\"_ps2id\" href=\"#inscricoes\" data-ps2id-offset=\"\">Inscri\u00e7\u00f5es<\/a><\/li>\n<li><a class=\"_ps2id\" href=\"#requisitos\" data-ps2id-offset=\"\">Requisitos<\/a><\/li>\n<li><a class=\"_ps2id\" href=\"#etapas\" data-ps2id-offset=\"\">Etapas<\/a><\/li>\n<li><a class=\"_ps2id\" href=\"#provas\" data-ps2id-offset=\"\">Provas<\/a>\n<ul><li><a class=\"_ps2id\" href=\"#prova-objetiva\" data-ps2id-offset=\"\">Prova Objetiva<\/a><\/li>\n<li><a class=\"_ps2id\" href=\"#redacao\" data-ps2id-offset=\"\">Reda\u00e7\u00e3o<\/a><\/li>\n<li><a class=\"_ps2id\" href=\"#prova-pratica\" data-ps2id-offset=\"\">Prova Pr\u00e1tica<\/a><\/li>\n<\/ul><\/li>\n<li><a class=\"_ps2id\" href=\"#atribuicoes\" data-ps2id-offset=\"\">Atribui\u00e7\u00f5es<\/a><\/li>\n<li><a class=\"_ps2id\" href=\"#sobre-ufrn\" data-ps2id-offset=\"\">Sobre a UFRN<\/a><\/li>\n<\/ul><h2 id=\"\"><\/h2>\n<h2 id=\"ps2id-idvagascargossalarios-targetvagas-cargos-e-salrios\">[ps2id id=\u2019vagas-cargos-salarios\u2019 target=\u201d\/]Vagas, cargos e sal\u00e1rios<\/h2>\n<p>O concurso da Universidade Federal do <a href=\"https:\/\/www.novaconcursos.com.br\/portal\/concursos-abertos\/rn\/\">Rio Grande do Norte<\/a> est\u00e1 ofertando 103 vagas para o cargo de T\u00e9cnico Administrativo em Educa\u00e7\u00e3o (TAE).<\/p>\n<p>A carreira exige <strong>n\u00edveis m\u00e9dio, t\u00e9cnico ou superior<\/strong> de escolaridade.<\/p>\n<p>Confira, a seguir, as <strong>especialidades<\/strong> contempladas pelo certame, bem como a divis\u00e3o de vagas:<\/p>\n<p><strong>N\u00edvel M\u00e9dio<\/strong><\/p>\n<ul><li>Assistente Administrativo \u2013 54 vagas<\/li>\n<li>Assistente de Alunos \u2013 1 vaga<\/li>\n<\/ul><p>\u00a0<\/p>\n<p><strong>N\u00edvel T\u00e9cnico<\/strong><\/p>\n<ul><li>T\u00e9cnico em\n<ul><li>Enfermagem \u2013 3 vagas<\/li>\n<li>Tecnologia da Informa\u00e7\u00e3o \u2013 13 vagas<\/li>\n<li>Contabilidade \u2013 2 vagas<\/li>\n<\/ul><\/li>\n<li>T\u00e9cnico de Laborat\u00f3rio\n<ul><li>Mec\u00e2nica \u2013 1 vaga<\/li>\n<li>Edifica\u00e7\u00f5es \u2013 1 vaga<\/li>\n<li>An\u00e1lises Cl\u00ednicas \u2013 1 vaga<\/li>\n<li>Parasitologia \u2013 1 vaga<\/li>\n<li>Metrologia \u2013 1 vaga<\/li>\n<li>Petr\u00f3leo e G\u00e1s \u2013 1 vaga<\/li>\n<\/ul><\/li>\n<\/ul><p>\u00a0<\/p>\n<p><strong>N\u00edvel Superior<\/strong><\/p>\n<ul><li>Analista de Tecnologia da Informa\u00e7\u00e3o\n<ul><li>Desenvolvimento \u2013 1 vaga<\/li>\n<li>Seguran\u00e7a da Informa\u00e7\u00e3o \u2013 1 vaga<\/li>\n<\/ul><\/li>\n<li>Assistente Social \u2013 2 vagas<\/li>\n<li>Biom\u00e9dico\n<ul><li>Neuroci\u00eancia \u2013 1 vaga<\/li>\n<li>Biologia Molecular \u2013 1 vaga<\/li>\n<\/ul><\/li>\n<li>Engenheiro\n<ul><li>Mec\u00e2nico \u2013 1 vaga<\/li>\n<li>Civil \u2013 Hidrossanit\u00e1rio \u2013 1 vaga<\/li>\n<li>Civil \u2013 Estrutural \u2013 1 vaga<\/li>\n<li>El\u00e9trico \u2013 1 vaga<\/li>\n<\/ul><\/li>\n<li>Enfermeiro Obstetra \u2013 1 vaga<\/li>\n<li>Fisioterapeuta \u2013 1 vaga<\/li>\n<li>T\u00e9cnico em Assuntos Educacionais \u2013 4 vagas<\/li>\n<li>Pedagogo \u2013 1 vaga<\/li>\n<li>M\u00e9dico Veterin\u00e1rio \u2013 1 vaga<\/li>\n<li>M\u00e9dico\n<ul><li>Cirurgia Geral \u2013 1 vaga<\/li>\n<li>Cardiologia \u2013 1 vaga<\/li>\n<li>Gastroenterologia \u2013 1 vaga<\/li>\n<li>Neurologia \u2013 1 vaga<\/li>\n<li>Infectologia \u2013 1 vaga<\/li>\n<\/ul><\/li>\n<li>Qu\u00edmico \u2013 1 vaga<\/li>\n<\/ul><p>\u00a0<\/p>\n<p>Cabe destacar que as vagas ser\u00e3o <strong>distribu\u00eddas<\/strong> entre os seguintes campi:<\/p>\n<ul><li>Natal<\/li>\n<li>Caic\u00f3<\/li>\n<li>Santa Cruz<\/li>\n<li>Currais Novos<\/li>\n<\/ul><p>\u00a0<\/p>\n<p>Ademais, os<strong> aprovados<\/strong> cumprir\u00e3o jornadas de trabalho que variam entre 20 e 40 horas semanais, a depender do cargo.<\/p>\n<p>Por fim, confira os\u00a0<strong>sal\u00e1rios\u00a0<\/strong>aos quais far\u00e3o jus os servidores:<\/p>\n<ul><li>N\u00edvel M\u00e9dio: R$ 1.945,07<\/li>\n<li>N\u00edvel T\u00e9cnico e Assistente Administrativo: R$ 2.446,96<\/li>\n<li>N\u00edvel Superior: R$ 4.180,66<\/li>\n<\/ul><p>\u00a0<\/p>\n<p>Al\u00e9m disso, a UFRN oferece, acrescidos aos sal\u00e1rios, os seguintes\u00a0<strong>benef\u00edcios<\/strong>:<\/p>\n<ul><li>Aux\u00edlio-Alimenta\u00e7\u00e3o\n<ul><li>Cargo de M\u00e9dico: R$ 229<\/li>\n<li>Demais cargos: R$ 458<\/li>\n<\/ul><\/li>\n<li>Incentivo \u00e0 Qualifica\u00e7\u00e3o<\/li>\n<\/ul><h2 id=\"\"><\/h2>\n<p>Estude para o concurso dos seus sonhos com o\u00a0<strong>M\u00e9todo <\/strong>que j\u00e1 ajudou na\u00a0<strong>aprova\u00e7\u00e3o de mais de 70 mil alunos<\/strong>.\u00a0<a href=\"https:\/\/aprovacao.novaconcursos.com.br\/assinatura?promo_creative=Clique+aqui&amp;promo_name=concurso&amp;promo_id=%2Fportal%2Fconcursos%2Fconcurso-ifmt-tecnico-administrativo&amp;promo_position=corpo-texto\" target=\"_blank\" rel=\"noreferrer noopener\" aria-label=\"Clique aqui (abre numa nova aba)\">Clique aqui<\/a>e saiba mais!<\/p>\n<h2 id=\"ps2id-idinscricoes-targetcomo-fazer-a-inscrio-no-concurso-uf\">[ps2id id=\u2019inscricoes\u2019 target=\u201d\/]Como fazer a inscri\u00e7\u00e3o no concurso UFRN?<\/h2>\n<p>As inscri\u00e7\u00f5es para o concurso UFRN poder\u00e3o ser realizadas por meio do site do <a href=\"http:\/\/comperve.ufrn.br\/conteudo\/concursos\/ufrn_202287\/informacoes.php\" target=\"_blank\" rel=\"noopener noreferrer\">Comperve<\/a> (N\u00facleo Permanente de Concursos da UFRN) no per\u00edodo entre as 8h do dia 17 de outubro e as 23h59 do dia 21 de novembro de 2022.<\/p>\n<p>Confira o valor das\u00a0<strong>taxas de inscri\u00e7\u00e3o\u00a0<\/strong>para cada n\u00edvel:<\/p>\n<ul><li>N\u00edvel M\u00e9dio: R$ 80<\/li>\n<li>N\u00edvel T\u00e9cnico e Assistente Administrativo: R$ 100<\/li>\n<li>N\u00edvel Superior: R$ 150<\/li>\n<\/ul><p>\u00a0<\/p>\n<p>Os candidatos ter\u00e3o at\u00e9 o dia <strong>22 de novembro<\/strong> para realizar o pagamento.<\/p>\n<p>Ademais, ter\u00e3o direito \u00e0\u00a0<strong>isen\u00e7\u00e3o de taxa\u00a0<\/strong>os candidatos que se enquadrarem nos seguintes requisitos:<\/p>\n<ul><li>Fam\u00edlia inscrita no Cad\u00danico (Cadastro \u00danico para Programas Sociais do Governo Federal), cuja renda mensal per capita seja inferior ou igual a meio sal\u00e1rio m\u00ednimo nacional; e\/ou<\/li>\n<li>Doador de medula \u00f3ssea.<\/li>\n<\/ul><p>\u00a0<\/p>\n<p>A isen\u00e7\u00e3o poder\u00e1 ser <strong>solicitada<\/strong> entre os dias 17 de outubro e 6 de novembro de 2022.<\/p>\n<h2 id=\"ps2id-idrequisitos-targetrequisitos\">[ps2id id=\u2019requisitos\u2019 target=\u201d\/]Requisitos<\/h2>\n<p>Confira a seguir os\u00a0<strong>requisitos b\u00e1sicos\u00a0<\/strong>para a investidura no cargo:<\/p>\n<ul><li>Ter nacionalidade brasileira ou portuguesa, e, no caso de nacionalidade portuguesa, estar amparado pelo Estatuto de Igualdade entre Brasileiros e Portugueses, com reconhecimento do gozo dos direitos pol\u00edticos;<\/li>\n<li>Estar em gozo dos direitos pol\u00edticos;<\/li>\n<li>Estar quite com as obriga\u00e7\u00f5es militares, em caso de candidato do sexo masculino;<\/li>\n<li>Estar quite com as obriga\u00e7\u00f5es eleitorais;<\/li>\n<li>Ter idade m\u00ednima de 18 anos completos na data da contrata\u00e7\u00e3o;<\/li>\n<li>N\u00e3o ter sofrido, no exerc\u00edcio da fun\u00e7\u00e3o p\u00fablica, penalidade incompat\u00edvel com a investidura em Cargo P\u00fablico Federal; e<\/li>\n<li>Ter aptid\u00e3o f\u00edsica e mental para o exerc\u00edcio das atribui\u00e7\u00f5es correspondentes ao cargo.<\/li>\n<\/ul><p>\u00a0<\/p>\n<p>Por sua vez, confira os\u00a0<strong>requisitos espec\u00edficos\u00a0<\/strong>para o exerc\u00edcio das fun\u00e7\u00f5es:<\/p>\n<ul><li>N\u00edvel M\u00e9dio\n<ul><li>Ensino M\u00e9dio Profissionalizante ou Ensino M\u00e9dio completo<\/li>\n<\/ul><\/li>\n<\/ul><p>\u00a0<\/p>\n<ul><li>N\u00edvel T\u00e9cnico\n<ul><li>Ensino M\u00e9dio Profissionalizante na \u00e1rea; ou<\/li>\n<li>Ensino M\u00e9dio acrescido de curso t\u00e9cnico na \u00e1rea; e<\/li>\n<li>Registro no conselho de classe, quando houver.<\/li>\n<\/ul><\/li>\n<\/ul><p>\u00a0<\/p>\n<ul><li>N\u00edvel Superior\n<ul><li>Gradua\u00e7\u00e3o na \u00e1rea;<\/li>\n<li>Registro no conselho de classe, quando houver; e<\/li>\n<li>P\u00f3s-gradua\u00e7\u00e3o\/Resid\u00eancia M\u00e9dica na sub\u00e1rea correspondente, quando houver.<\/li>\n<\/ul><\/li>\n<\/ul><h2 id=\"\"><\/h2>\n<h2 id=\"ps2id-idetapas-targetetapas\">[ps2id id=\u2019etapas\u2019 target=\u201d\/]Etapas<\/h2>\n<p>O certame da Universidade Federal do Rio Grande do Norte contar\u00e1 com as seguintes <strong>etapas<\/strong>:<\/p>\n<ul><li>Prova Objetiva (eliminat\u00f3ria e classificat\u00f3ria)<\/li>\n<li>Reda\u00e7\u00e3o (eliminat\u00f3ria e classificat\u00f3ria)<\/li>\n<li>Prova Pr\u00e1tica (eliminat\u00f3ria e classificat\u00f3ria, apenas para algumas especialidades)<\/li>\n<\/ul><p>\u00a0<\/p>\n<p>Cabe ressaltar que as provas objetiva e discursiva (reda\u00e7\u00e3o) para a especialidade de <strong>Assistente em Administra\u00e7\u00e3o<\/strong> ser\u00e3o aplicadas no dia 8 de janeiro de 2023, \u00e0s 14h. Por sua vez, os <strong>exames<\/strong> para os demais cargos ocorrer\u00e3o no dia 15 de janeiro de 2023, \u00e0s 8h.<\/p>\n<p>Ademais, os candidatos ter\u00e3o <strong>quatro horas e meia<\/strong> para a conclus\u00e3o das provas.<\/p>\n<p>A prova pr\u00e1tica, por outro lado, ainda n\u00e3o tem data definida, devendo ser <strong>publicada<\/strong> em edital complementar na data prov\u00e1vel de 9 de mar\u00e7o de 2023.<\/p>\n<h2 id=\"ps2id-idprovas-targetcomo-sero-as-provas-do-concurso-ufrn\">[ps2id id=\u2019provas\u2019 target=\u201d\/]Como ser\u00e3o as provas do concurso UFRN?<\/h2>\n<h3>[ps2id id=\u2019prova-objetiva\u2019 target=\u201d\/]Prova Objetiva<\/h3>\n<p>A prova objetiva ser\u00e1 igual para todas as especialidades e contar\u00e1 com <strong>50 quest\u00f5es<\/strong>.<\/p>\n<p>Confira as <strong>disciplinas\u00a0<\/strong>cobradas no exame:<\/p>\n<ul><li>L\u00edngua Portuguesa \u2013 10 quest\u00f5es<\/li>\n<li>Legisla\u00e7\u00e3o \u2013 10 quest\u00f5es<\/li>\n<li>Conhecimentos Espec\u00edficos da especialidade \u2013 30 quest\u00f5es<\/li>\n<\/ul><p>\u00a0<\/p>\n<h3>[ps2id id=\u2019redacao\u2019 target=\u201d\/]Reda\u00e7\u00e3o<\/h3>\n<p>A Reda\u00e7\u00e3o, para todos os cargos, consistir\u00e1 na <strong>produ\u00e7\u00e3o<\/strong> de um texto explicativo\/expositivo ou argumentativo, em prosa, segundo a norma padr\u00e3o da L\u00edngua Portuguesa escrita, com base em uma situa\u00e7\u00e3o comunicativa determinada.<\/p>\n<p>Cabe recordar que esta <strong>etapa<\/strong> ocorrer\u00e1 junto \u00e0 prova objetiva.<\/p>\n<h3>[ps2id id=\u2019prova-pratica\u2019 target=\u201d\/]Prova Pr\u00e1tica<\/h3>\n<p>A prova pr\u00e1tica ser\u00e1 aplicada apenas para as seguintes <strong>especialidades<\/strong>:<\/p>\n<ul><li>Biom\u00e9dico\n<ul><li>Neuroci\u00eancia<\/li>\n<li>Biologia Molecular<\/li>\n<\/ul><\/li>\n<li>Engenheiro\n<ul><li>Civil \u2013 Hidrossanit\u00e1rio<\/li>\n<li>Civil \u2013 Estrutural<\/li>\n<li>El\u00e9trico<\/li>\n<\/ul><\/li>\n<li>T\u00e9cnico de Laborat\u00f3rio\n<ul><li>Parasitologia<\/li>\n<li>Metrologia<\/li>\n<\/ul><\/li>\n<\/ul><p>\u00a0<\/p>\n<p>Esta etapa, por sua vez, ser\u00e1 <strong>composta<\/strong> por tarefas relacionadas \u00e0 \u00e1rea de atua\u00e7\u00e3o.<\/p>\n<p>As<strong> atividades<\/strong> ser\u00e3o apresentadas aos candidatos por escrito, constando seu procedimento, sua pontua\u00e7\u00e3o e tempo m\u00e1ximo de execu\u00e7\u00e3o.<\/p>\n<h2 id=\"ps2id-idatribuicoes-targetatribuies\">[ps2id id=\u2019atribuicoes\u2019 target=\u201d\/]Atribui\u00e7\u00f5es<\/h2>\n<p>Por fim, confira as\u00a0<strong>atribui\u00e7\u00f5es\u00a0<\/strong>gerais do T\u00e9cnico Administrativo em Educa\u00e7\u00e3o:<\/p>\n<ul><li>Planejar, organizar, executar ou avaliar as atividades inerentes ao apoio t\u00e9cnico-administrativo ao ensino;<\/li>\n<li>Planejar, organizar, executar ou avaliar as atividades t\u00e9cnico-administrativas inerentes \u00e0 pesquisa e \u00e0 extens\u00e3o nas Institui\u00e7\u00f5es Federais de Ensino; e<\/li>\n<li>Executar tarefas espec\u00edficas, utilizando-se de recursos materiais, financeiros e outros de que a Institui\u00e7\u00e3o Federal de Ensino disponha, a fim de assegurar a efici\u00eancia, a efic\u00e1cia e a efetividade das atividades de ensino, pesquisa e extens\u00e3o das Institui\u00e7\u00f5es Federais de Ensino.<\/li>\n<\/ul><p>\u00a0<\/p>\n<h2 id=\"ps2id-idsobreufrn-targetsobre-a-ufrn\">[ps2id id=\u2019sobre-ufrn\u2019 target=\u201d\/]Sobre a UFRN<\/h2>\n<p>A <a href=\"https:\/\/www.ufrn.br\" target=\"_blank\" rel=\"noopener noreferrer\">Universidade Federal do Rio Grande do Norte<\/a> originou-se a partir da Universidade do Rio Grande do Norte, criada em 25 de junho de 1958, atrav\u00e9s de lei estadual, e federalizada em 18 de dezembro de 1960.<\/p>\n<p>Atualmente, a UFRN <strong>oferece<\/strong>, entre cursos de gradua\u00e7\u00e3o e p\u00f3s-gradua\u00e7\u00e3o, mais de 200 oportunidades de capacita\u00e7\u00e3o.<\/p>\n<p>Al\u00e9m disso, sua comunidade acad\u00eamica \u00e9 <strong>formada<\/strong> por mais de 43 mil estudantes e cerca de 5,5 mil servidores, entre t\u00e9cnicos administrativos e docentes efetivos, al\u00e9m dos professores substitutos e visitantes.<\/p>\n<p>Por fim, confira os principais\u00a0<strong>aspectos\u00a0<\/strong>da institui\u00e7\u00e3o:<\/p>\n<p class=\"title\"><strong>Miss\u00e3o<\/strong><\/p>\n<p>Educar, produzir e disseminar o saber universal, preservar e difundir as artes e a cultura, e contribuir para o desenvolvimento humano, comprometendo-se com a justi\u00e7a social, a sustentabilidade socioambiental, a democracia e a cidadania.<\/p>\n<div class=\"missao\">\n<p class=\"title\"><strong>Vis\u00e3o<\/strong><\/p>\n<p>Consolida\u00e7\u00e3o como uma Universidade inovadora e inclusiva, socialmente referenciada, reconhecida nacional e internacionalmente por sua excel\u00eancia acad\u00eamica e de gest\u00e3o.<\/p>\n<\/div>\n<div class=\"visao\">\n<p>\u00a0<\/p>\n<p class=\"title\"><strong>Princ\u00edpios e Objetivos\u00a0<\/strong><\/p>\n<ul class=\"tags row\"><li class=\"col-xs-12\">Universidade p\u00fablica e gratuita com gest\u00e3o democr\u00e1tica colegiada e descentraliza\u00e7\u00e3o administrativa e acad\u00eamica;<\/li>\n<li class=\"col-xs-12\">Desenvolver atividades de ensino (gradua\u00e7\u00e3o e p\u00f3s-gradua\u00e7\u00e3o), pesquisa e extens\u00e3o;<\/li>\n<li class=\"col-xs-12\">Ministrar forma\u00e7\u00e3o intelectual e profissional de qualidade; e<\/li>\n<li class=\"col-xs-12\">Produzir e difundir o conhecimento cient\u00edfico universal que promova o desenvolvimento econ\u00f4mico e social.<\/li>\n<\/ul><\/div>","protected":false},"excerpt":{"rendered":"<p>Excelente not\u00edcia para os concurseiros! Foi publicado o edital do concurso UFRN!<br \/>\nS\u00e3o ofertadas vagas para a carreira de T\u00e9cnico Administrativo em Educa\u00e7\u00e3o, com especialidades que exigem n\u00edveis m\u00e9dio, t\u00e9cnico ou superior.<br \/>\nAl\u00e9m disso, o sal\u00e1rio pode chegar a R$ 4,1 mil.<\/p>\n","protected":false},"author":16,"featured_media":170723,"comment_status":"closed","ping_status":"closed","sticky":false,"template":"","format":"standard","meta":{"_acf_changed":false,"footnotes":"","_wp_rev_ctl_limit":""},"categories":[44999],"tags":[],"class_list":["post-24591","post","type-post","status-publish","format-standard","has-post-thumbnail","hentry","category-concursos"],"acf":[],"_links":{"self":[{"href":"https:\/\/www.novaconcursos.com.br\/portal\/wp-json\/wp\/v2\/posts\/24591","targetHints":{"allow":["GET"]}}],"collection":[{"href":"https:\/\/www.novaconcursos.com.br\/portal\/wp-json\/wp\/v2\/posts"}],"about":[{"href":"https:\/\/www.novaconcursos.com.br\/portal\/wp-json\/wp\/v2\/types\/post"}],"author":[{"embeddable":true,"href":"https:\/\/www.novaconcursos.com.br\/portal\/wp-json\/wp\/v2\/users\/16"}],"replies":[{"embeddable":true,"href":"https:\/\/www.novaconcursos.com.br\/portal\/wp-json\/wp\/v2\/comments?post=24591"}],"version-history":[{"count":18,"href":"https:\/\/www.novaconcursos.com.br\/portal\/wp-json\/wp\/v2\/posts\/24591\/revisions"}],"predecessor-version":[{"id":170582,"href":"https:\/\/www.novaconcursos.com.br\/portal\/wp-json\/wp\/v2\/posts\/24591\/revisions\/170582"}],"wp:featuredmedia":[{"embeddable":true,"href":"https:\/\/www.novaconcursos.com.br\/portal\/wp-json\/wp\/v2\/media\/170723"}],"wp:attachment":[{"href":"https:\/\/www.novaconcursos.com.br\/portal\/wp-json\/wp\/v2\/media?parent=24591"}],"wp:term":[{"taxonomy":"category","embeddable":true,"href":"https:\/\/www.novaconcursos.com.br\/portal\/wp-json\/wp\/v2\/categories?post=24591"},{"taxonomy":"post_tag","embeddable":true,"href":"https:\/\/www.novaconcursos.com.br\/portal\/wp-json\/wp\/v2\/tags?post=24591"}],"curies":[{"name":"wp","href":"https:\/\/api.w.org\/{rel}","templated":true}]}}