{"id":246462,"date":"2020-10-20T13:34:00","date_gmt":"2020-10-20T16:34:00","guid":{"rendered":"https:\/\/www.novaconcursos.com.br\/portal\/?p=246462"},"modified":"2026-01-07T10:26:14","modified_gmt":"2026-01-07T13:26:14","slug":"concurso-pmerj-oficiais-banca-definida","status":"publish","type":"post","link":"https:\/\/www.novaconcursos.com.br\/portal\/noticias\/concurso-pmerj-oficiais-banca-definida\/","title":{"rendered":"Concurso PMERJ Oficiais: Banca organizadora \u00e9 definida; edital pr\u00f3ximo de sair!"},"content":{"rendered":"<p>Foi\u00a0<strong>escolhida a banca organizadora<\/strong>\u00a0do\u00a0<a href=\"https:\/\/www.novaconcursos.com.br\/portal\/concursos\/pmerj-oficial\/\">concurso\u00a0<strong>PMERJ<\/strong><\/a>\u00a0(Pol\u00edcia Militar do Estado do Rio de Janeiro) destinado para\u00a0<strong>Oficiais, edital com 32 vagas est\u00e1 pr\u00f3ximo de ser publicado<\/strong>.<\/p>\n\n\n\n<h2 class=\"wp-block-heading\" id=\"banca-organizadora-do-concurso-pmerj-oficiais\">Banca organizadora do concurso PMERJ Oficiais<\/h2>\n\n\n\n<p>Segundo informa\u00e7\u00f5es da corpora\u00e7\u00e3o,\u00a0<strong>o novo\u00a0concurso\u00a0PMERJ para Oficiais j\u00e1 tem banca organizadora definida, sendo a FGV<\/strong>\u00a0(Funda\u00e7\u00e3o Get\u00falio Vargas). Conforme documento interno da Pol\u00edcia Militar do Rio de Janeiro, a institui\u00e7\u00e3o foi declarada vencedora do processo de licita\u00e7\u00e3o.<\/p>\n\n\n\n<p>Agora,\u00a0<strong>a PMERJ e a FGV ajustam os \u00faltimos detalhes burocr\u00e1ticos para a elabora\u00e7\u00e3o do contrato entre as partes<\/strong>. Ap\u00f3s essa etapa, caber\u00e1 \u00e0 PGE (Procuradoria Geral do Estado) conceder o seu parecer.<\/p>\n\n\n\n<p>Quer Receber Todas as Novidades da PM-RJ?<\/p>\n\n\n\n<p>Receba em seu e-mail todas as movimenta\u00e7\u00f5es do Concurso da PM-RJNomeE-mailTelefone<\/p>\n\n\n\n<p>Caso a PGE d\u00ea o aval para a contra\u00e7\u00e3o da banca organizadora, a\u00a0Pol\u00edcia Militar do Rio de Janeiro\u00a0dever\u00e1 oficializar o nome da empresa e, posteriormente, realizar a assinatura do contrato.\u00a0<strong>Com a defini\u00e7\u00e3o dessa etapa, o edital de abertura poder\u00e1 ser divulgado<\/strong>.<\/p>\n\n\n\n<p>Ao todo,\u00a0<strong>cerca de 10 (dez) bancas organizadoras enviaram suas propostas<\/strong>, sendo a do Instituto Consulplan a de menor pre\u00e7o.<\/p>\n\n\n\n<p>Entretanto, o setor t\u00e9cnico avaliou que a PMERJ\u00a0<strong>n\u00e3o era obrigada a aderir \u00e0 proposta de menor valor estimado<\/strong>.<\/p>\n\n\n\n<p>Sendo assim,\u00a0<strong>foi destacada a FGV (Funda\u00e7\u00e3o Get\u00falio Vargas)<\/strong>, por ter itens relacionados \u00e0 equipe t\u00e9cnica\/profissional, qualifica\u00e7\u00e3o e possuir not\u00f3ria reputa\u00e7\u00e3o \u00e9tico-profissional.<\/p>\n\n\n\n<p>Al\u00e9m disso, o IBADE (Instituto Brasileiro de Apoio e Desenvolvimento Executivo) tamb\u00e9m teve destaque pela realiza\u00e7\u00e3o de\u00a0concursos\u00a0compat\u00edveis com o objeto tratado no termo de refer\u00eancia (projeto b\u00e1sico).<\/p>\n\n\n\n<p>Entre as duas bancas organizadoras, a Diretoria Geral de Pessoal indicou a FGV (Funda\u00e7\u00e3o Get\u00falio Vargas). Dessa maneira,\u00a0<strong>a empresa foi escolhida para ficar respons\u00e1vel pelos preparativos do\u00a0concurso\u00a0PMERJ Oficiais<\/strong>.<\/p>\n\n\n\n<h2 class=\"wp-block-heading\" id=\"provas-do-concurso-pmerj-oficiais\">Provas do concurso PMERJ Oficiais<\/h2>\n\n\n\n<p>Segundo informa\u00e7\u00f5es do projeto b\u00e1sico, o\u00a0concurso\u00a0PMERJ Oficiais ter\u00e1\u00a0<strong>05 (cinco) etapas avaliativas, sendo elas:<\/strong><\/p>\n\n\n\n<ul class=\"wp-block-list\"><li><strong>1\u00aa etapa<\/strong>: Provas Objetivas e Provas Discursivas (aos cuidados da banca organizadora);<\/li>\n\n\n\n<li><strong>2\u00aa etapa<\/strong>: Exame Antropom\u00e9trico e Teste de Aptid\u00e3o F\u00edsica (realizados pela PMERJ);<\/li>\n\n\n\n<li><strong>3\u00aa etapa<\/strong>: Exame Psicol\u00f3gico (PMERJ);<\/li>\n\n\n\n<li><strong>4\u00aa etapa<\/strong>: Exame de Sa\u00fade (PMERJ);<\/li>\n\n\n\n<li><strong>5\u00aa etapa<\/strong>: Exame Social e Documental (PMERJ).<\/li>\n<\/ul><p><strong>Na prova objetiva ser\u00e3o cobradas 80 quest\u00f5es, com a seguinte distribui\u00e7\u00e3o:<\/strong>\u00a0Direito Administrativo (15 quest\u00f5es), Direito Constitucional (15 quest\u00f5es), Direito Penal (15 quest\u00f5es), Direito Processual Penal (15 quest\u00f5es), Direito Penal Militar (10 quest\u00f5es) e Direitos Humanos (10 quest\u00f5es).<\/p>\n\n\n\n<p>J\u00e1 a\u00a0<strong>prova discursiva<\/strong>\u00a0abordar\u00e1 temas de\u00a0<strong>Direito Administrativo, Constitucional, Penal e Processual Penal<\/strong>. A avalia\u00e7\u00e3o ter\u00e1 valor m\u00e1ximo de 20 pontos e ser\u00e1 composta por 04 quest\u00f5es dissertativas, de at\u00e9 30 linhas cada, com at\u00e9 05 pontos cada.<\/p>\n\n\n\n<p>Os exames ser\u00e3o realizados no mesmo dia,\u00a0<strong>sendo a prova objetiva das 09 horas \u00e0s 13 horas e a prova discursiva das 15 horas \u00e0s 18 horas<\/strong>. Os candidatos aprovados ir\u00e3o realizar as demais etapas.<\/p>\n\n\n\n<p><strong>O Teste de Aptid\u00e3o F\u00edsica (TAF) ser\u00e1 composto pelos seguintes exerc\u00edcios:<\/strong>\u00a0teste de flex\u00e3o abdominal, teste de flex\u00e3o em barra fixa (candidatos do sexo masculino), teste de isometria na barra fixa (sexo feminino) e corrida de 2.400m.<\/p>\n\n\n\n<p>O cargo de\u00a0<strong>Oficial\u00a0<\/strong>da\u00a0Pol\u00edcia Militar do Estado do Rio de Janeiro\u00a0tem exig\u00eancia do\u00a0<strong>n\u00edvel superior em Direito<\/strong>, al\u00e9m de ser necess\u00e1rio ter at\u00e9\u00a0<strong>35 anos\u00a0<\/strong>(na data de divulga\u00e7\u00e3o do edital) e altura m\u00ednima de\u00a0<strong>1,65m<\/strong>\u00a0para homens e\u00a0<strong>1,60m<\/strong>\u00a0para mulheres.<\/p>","protected":false},"excerpt":{"rendered":"<p>Foi\u00a0escolhida a banca organizadora\u00a0do\u00a0concurso\u00a0PMERJ\u00a0(Pol\u00edcia Militar do Estado do Rio de Janeiro) destinado para\u00a0Oficiais, edital com 32 vagas est\u00e1 pr\u00f3ximo de ser publicado. Banca organizadora do concurso PMERJ Oficiais Segundo informa\u00e7\u00f5es da corpora\u00e7\u00e3o,\u00a0o novo\u00a0concurso\u00a0PMERJ para Oficiais j\u00e1 tem banca organizadora definida, sendo a FGV\u00a0(Funda\u00e7\u00e3o Get\u00falio Vargas). Conforme documento interno da Pol\u00edcia Militar do Rio de Janeiro, [&hellip;]<\/p>\n","protected":false},"author":16,"featured_media":0,"comment_status":"closed","ping_status":"closed","sticky":false,"template":"","format":"standard","meta":{"_acf_changed":false,"footnotes":"","_wp_rev_ctl_limit":""},"categories":[228],"tags":[],"class_list":["post-246462","post","type-post","status-publish","format-standard","hentry","category-noticias"],"acf":[],"_links":{"self":[{"href":"https:\/\/www.novaconcursos.com.br\/portal\/wp-json\/wp\/v2\/posts\/246462","targetHints":{"allow":["GET"]}}],"collection":[{"href":"https:\/\/www.novaconcursos.com.br\/portal\/wp-json\/wp\/v2\/posts"}],"about":[{"href":"https:\/\/www.novaconcursos.com.br\/portal\/wp-json\/wp\/v2\/types\/post"}],"author":[{"embeddable":true,"href":"https:\/\/www.novaconcursos.com.br\/portal\/wp-json\/wp\/v2\/users\/16"}],"replies":[{"embeddable":true,"href":"https:\/\/www.novaconcursos.com.br\/portal\/wp-json\/wp\/v2\/comments?post=246462"}],"version-history":[{"count":2,"href":"https:\/\/www.novaconcursos.com.br\/portal\/wp-json\/wp\/v2\/posts\/246462\/revisions"}],"predecessor-version":[{"id":302155,"href":"https:\/\/www.novaconcursos.com.br\/portal\/wp-json\/wp\/v2\/posts\/246462\/revisions\/302155"}],"wp:attachment":[{"href":"https:\/\/www.novaconcursos.com.br\/portal\/wp-json\/wp\/v2\/media?parent=246462"}],"wp:term":[{"taxonomy":"category","embeddable":true,"href":"https:\/\/www.novaconcursos.com.br\/portal\/wp-json\/wp\/v2\/categories?post=246462"},{"taxonomy":"post_tag","embeddable":true,"href":"https:\/\/www.novaconcursos.com.br\/portal\/wp-json\/wp\/v2\/tags?post=246462"}],"curies":[{"name":"wp","href":"https:\/\/api.w.org\/{rel}","templated":true}]}}