{"id":246474,"date":"2018-08-08T13:59:00","date_gmt":"2018-08-08T16:59:00","guid":{"rendered":"https:\/\/www.novaconcursos.com.br\/portal\/?p=246474"},"modified":"2024-08-08T15:07:45","modified_gmt":"2024-08-08T18:07:45","slug":"concurso-pcdf-edital-para-agente-esta-iminente-informa-diretor-geral","status":"publish","type":"post","link":"https:\/\/www.novaconcursos.com.br\/portal\/noticias\/concurso-pcdf-edital-para-agente-esta-iminente-informa-diretor-geral\/","title":{"rendered":"Concurso PCDF: Edital para Agente est\u00e1 iminente, informa diretor-geral!"},"content":{"rendered":"<p>Segundo informa\u00e7\u00f5es do diretor-geral, a Pol\u00edcia Civil do Distrito Federal,\u00a0<strong>trabalha para divulgar o quanto antes o edital<\/strong>\u00a0do\u00a0concurso\u00a0<strong>PCDF<\/strong>\u00a0para o cargo de\u00a0<strong>Agente<\/strong>.<\/p>\n\n\n\n<h2 class=\"wp-block-heading\" id=\"edital-do-concurso-pcdf-para-agentes-est-prximo\">Edital do concurso PCDF para Agentes est\u00e1 pr\u00f3ximo<\/h2>\n\n\n\n<p>O concurseiro que est\u00e1 na expectativa pelo edital do concurso PCDF destinado para o cargo de Agente, pode comemorar. De acordo com o diretor-geral da corpora\u00e7\u00e3o, Robson C\u00e2ndido,\u00a0<strong>a divulga\u00e7\u00e3o do documento com todas as regras est\u00e1 iminente<\/strong>.<\/p>\n\n\n\n<p>Em uma publica\u00e7\u00e3o no seu perfil oficial do Instagram,\u00a0<strong>o delegado afirmou que a publica\u00e7\u00e3o est\u00e1 pr\u00f3xima e que os esfor\u00e7os s\u00e3o para que o edital possa ser divulgado o quanto antes<\/strong>. Sendo assim, ao que tudo indica o documento sair\u00e1 logo.<\/p>\n\n\n\n<p><em>\u201cEstamos trabalhando forte para publicar esse edital (agente) o quanto antes. Ser\u00e1 uma oportunidade \u00fanica, o maior concurso de agente de pol\u00edcia da hist\u00f3ria da PCDF\u201d<\/em>, informou o delegado.<\/p>\n\n\n\n<p>Antes de proceder com a divulga\u00e7\u00e3o do edital,\u00a0<strong>a Pol\u00edcia Civil do Distrito Federal ainda precisa anunciar o nome da banca organizadora que ficar\u00e1 respons\u00e1vel pelo certame<\/strong>. No dia 16 de janeiro, a corpora\u00e7\u00e3o confirmou que ainda segue na fase de escolha da empresa.<\/p>\n\n\n\n<p><strong>O processo de contrata\u00e7\u00e3o j\u00e1 foi iniciado<\/strong>, mas ainda n\u00e3o tem uma data definida para ser divulgado. A modalidade ainda n\u00e3o foi confirmada, entretanto,\u00a0<strong>\u00e9 esperando que isso aconte\u00e7a por meio de licita\u00e7\u00e3o<\/strong>, o modelo mais r\u00e1pido, semelhantemente ao do cargo de Escriv\u00e3o.<\/p>\n\n\n\n<p>Ap\u00f3s ter sido questionada sobre a previs\u00e3o de divulga\u00e7\u00e3o, a Pol\u00edcia Civil do Distrito Federal\u00a0<strong>informou que o cronograma somente ser\u00e1 informado posteriormente, ap\u00f3s a conclus\u00e3o do processo de escolha da banca<\/strong>.<\/p>\n\n\n\n<p>No momento, ainda n\u00e3o foram informados quaisquer nomes de poss\u00edvel empresas cotadas para organizar a sele\u00e7\u00e3o. Vale ressaltar,\u00a0<strong>que a organizadora do concurso para Escriv\u00e3o, \u00e9 o Cebraspe, existindo uma poss\u00edvel chance de a empresa tamb\u00e9m ficar por conta do certame de Agente<\/strong>. Entretanto, a corpora\u00e7\u00e3o n\u00e3o confirma.<\/p>\n\n\n\n<h2 class=\"wp-block-heading\" id=\"previsto-por-secretrio-de-segurana-edital-no-primeiro-semest\">Previsto por secret\u00e1rio de seguran\u00e7a edital no primeiro semestre<\/h2>\n\n\n\n<p>O edital de abertura do cargo de Agente de Pol\u00edcia da Pol\u00edcia Civil do Distrito Federal, ainda n\u00e3o tem data definida para ser publicado. Todavia,\u00a0<strong>no que depender do secret\u00e1rio de seguran\u00e7a, Anderson Torres, ser\u00e1 divulgado nos pr\u00f3ximos meses<\/strong>.<\/p>\n\n\n\n<p>Em evento realizado no m\u00eas de novembro de 2019, o chefe da pasta informou que a\u00a0<strong>previs\u00e3o era publicar o edital de Agente no decorrer do primeiro semestre de 2020<\/strong>.<\/p>\n\n\n\n<p>O concurso PCDF para Agente,\u00a0<strong>foi autorizado no dia 05 de setembro de 2019<\/strong>. O aval \u00e9 para o preenchimento de\u00a0<strong>1.800 vagas<\/strong>, sendo\u00a0<strong>600 vagas<\/strong>\u00a0de car\u00e1ter imediato e\u00a0<strong>1.200 vagas<\/strong>\u00a0para forma\u00e7\u00e3o de cadastro reserva.<\/p>\n\n\n\n<p>O candidato que figurar na lista de espera,\u00a0<strong>poder\u00e1 ser convocado durante todo o prazo de validade de dois anos<\/strong>, contados a partir da homologa\u00e7\u00e3o do resultado final. O prazo ainda poder\u00e1 ser prorrogado uma \u00fanica vez, por igual per\u00edodo.<\/p>\n\n\n\n<p><em>\u201cUm concurso dessa magnitude envolve n\u00e3o s\u00f3 o concursando, mas tamb\u00e9m as fam\u00edlias. Fica aqui os meus parab\u00e9ns e fico alegre que voc\u00eas t\u00eam disposi\u00e7\u00e3o em ajudar a popula\u00e7\u00e3o do Distrito Federal\u201d<\/em>, relatou o governador Ibaneis Rocha.<\/p>\n\n\n\n<p><\/p>","protected":false},"excerpt":{"rendered":"<p>Segundo informa\u00e7\u00f5es do diretor-geral, a Pol\u00edcia Civil do Distrito Federal,\u00a0trabalha para divulgar o quanto antes o edital\u00a0do\u00a0concurso\u00a0PCDF\u00a0para o cargo de\u00a0Agente. Edital do concurso PCDF para Agentes est\u00e1 pr\u00f3ximo O concurseiro que est\u00e1 na expectativa pelo edital do concurso PCDF destinado para o cargo de Agente, pode comemorar. De acordo com o diretor-geral da corpora\u00e7\u00e3o, Robson [&hellip;]<\/p>\n","protected":false},"author":46247,"featured_media":0,"comment_status":"closed","ping_status":"closed","sticky":false,"template":"","format":"standard","meta":{"_acf_changed":false,"footnotes":"","_wp_rev_ctl_limit":""},"categories":[228],"tags":[],"class_list":["post-246474","post","type-post","status-publish","format-standard","hentry","category-noticias"],"acf":[],"_links":{"self":[{"href":"https:\/\/www.novaconcursos.com.br\/portal\/wp-json\/wp\/v2\/posts\/246474","targetHints":{"allow":["GET"]}}],"collection":[{"href":"https:\/\/www.novaconcursos.com.br\/portal\/wp-json\/wp\/v2\/posts"}],"about":[{"href":"https:\/\/www.novaconcursos.com.br\/portal\/wp-json\/wp\/v2\/types\/post"}],"author":[{"embeddable":true,"href":"https:\/\/www.novaconcursos.com.br\/portal\/wp-json\/wp\/v2\/users\/46247"}],"replies":[{"embeddable":true,"href":"https:\/\/www.novaconcursos.com.br\/portal\/wp-json\/wp\/v2\/comments?post=246474"}],"version-history":[{"count":1,"href":"https:\/\/www.novaconcursos.com.br\/portal\/wp-json\/wp\/v2\/posts\/246474\/revisions"}],"predecessor-version":[{"id":246475,"href":"https:\/\/www.novaconcursos.com.br\/portal\/wp-json\/wp\/v2\/posts\/246474\/revisions\/246475"}],"wp:attachment":[{"href":"https:\/\/www.novaconcursos.com.br\/portal\/wp-json\/wp\/v2\/media?parent=246474"}],"wp:term":[{"taxonomy":"category","embeddable":true,"href":"https:\/\/www.novaconcursos.com.br\/portal\/wp-json\/wp\/v2\/categories?post=246474"},{"taxonomy":"post_tag","embeddable":true,"href":"https:\/\/www.novaconcursos.com.br\/portal\/wp-json\/wp\/v2\/tags?post=246474"}],"curies":[{"name":"wp","href":"https:\/\/api.w.org\/{rel}","templated":true}]}}