{"id":246534,"date":"2020-05-28T15:31:00","date_gmt":"2020-05-28T18:31:00","guid":{"rendered":"https:\/\/www.novaconcursos.com.br\/portal\/?p=246534"},"modified":"2025-12-05T12:14:06","modified_gmt":"2025-12-05T15:14:06","slug":"concurso-pc-pr-deputado-quer-o-adiamanto-das-provas","status":"publish","type":"post","link":"https:\/\/www.novaconcursos.com.br\/portal\/noticias\/concurso-pc-pr-deputado-quer-o-adiamanto-das-provas\/","title":{"rendered":"Concurso PC PR: Deputado quer o adiamanto das provas!"},"content":{"rendered":"<p>Foi informado pelo deputado Mauro Moraes, que est\u00e1 solicitando ao governo o\u00a0<strong>adiamento da prova<\/strong>\u00a0do\u00a0<a href=\"https:\/\/www.novaconcursos.com.br\/portal\/concursos\/concurso-pc-pr\/\">concurso\u00a0<strong>PC PR<\/strong><\/a>\u00a0(Pol\u00edcia Civil do Paran\u00e1), exame est\u00e1 marcado para o dia\u00a0<strong>26 de julho<\/strong>.<\/p>\n\n\n\n<h2 class=\"wp-block-heading\" id=\"adiamento-das-provas-do-concurso-pc-pr\">Adiamento das provas do concurso PC PR<\/h2>\n\n\n\n<p><strong>As provas objetivas do concurso PC PR, que est\u00e3o previstas para serem aplicadas no dia 26 de julho, podem ser adiadas<\/strong>. A solicita\u00e7\u00e3o do adiamento \u00e9 do deputado estadual, Mauro Moraes. De acordo com o Moraes, o pedido ocorre devido ao aumento no n\u00famero de casos infectados pelo Covid-19 no pa\u00eds.<\/p>\n\n\n\n<p><em>\u201cEstou solicitando ao Governo do Estado o adiamento da primeira prova do concurso p\u00fablico para Pol\u00edcia Civil do Paran\u00e1, em decorr\u00eancia do avan\u00e7o da pandemia\u201d<\/em>, informou o deputado.<\/p>\n\n\n\n<p><strong>A solicita\u00e7\u00e3o do parlamentar ocorre ap\u00f3s o Governo do Paran\u00e1 informar que o cronograma do certame est\u00e1 mantido<\/strong>. Este \u00e9 o segundo concurso que Mauro Moraes solicita o adiamento das provas.<\/p>\n\n\n\n<p>No in\u00edcio do m\u00eas de maio,\u00a0<strong>o parlamentar tamb\u00e9m pediu ao governo a mudan\u00e7a no calend\u00e1rio de provas do concurso PM BR e Bombeiros PR<\/strong>. Neste caso, a solicita\u00e7\u00e3o foi atendida e as provas adiadas.<\/p>\n\n\n\n<p>No caso da sele\u00e7\u00e3o para Soldados, a corpora\u00e7\u00e3o e banca organizadora (NC\/UFPR), ainda n\u00e3o possuem uma previs\u00e3o de quando os exames ser\u00e3o reagendados.\u00a0<strong>Mas destacaram, em nota, que o certame n\u00e3o est\u00e1 cancelado<\/strong>.<\/p>\n\n\n\n<p>Em rela\u00e7\u00e3o ao\u00a0<strong>concurso PC PR<\/strong>, ainda n\u00e3o h\u00e1 nenhuma posi\u00e7\u00e3o oficial da corpora\u00e7\u00e3o e da UFPR (banca organizadora). Entretanto, conforme consta em edital,\u00a0<strong>as datas da prova e das demais etapas da sele\u00e7\u00e3o poder\u00e3o ser alteradas em decorr\u00eancia da Covid-19<\/strong>.<\/p>\n\n\n\n<p>As inscri\u00e7\u00f5es do concurso PC PR ficar\u00e3o abertas at\u00e9 \u00e0s\u00a0<strong>17 horas do dia 02 de junho de 2020<\/strong>. Para se inscrever, \u00e9 necess\u00e1rio acessar o site da banca organizadora.<\/p>\n\n\n\n<p>O cadastro ser\u00e1 efetivado somente ap\u00f3s o pagamento da taxa de inscri\u00e7\u00e3o, nos valores de\u00a0<strong>R$ 120,00<\/strong>\u00a0(Investigador e Papiloscopista) e\u00a0<strong>R$ 200,00<\/strong>\u00a0(Delegado), at\u00e9 o dia\u00a0<strong>03 de junho de 2020<\/strong>.<\/p>\n\n\n\n<p>O certame oferta\u00a0<strong>400 vagas<\/strong>\u00a0de car\u00e1ter imediato para o\u00a0<strong>n\u00edvel superior<\/strong>. Desse total,\u00a0<strong>300 vagas<\/strong>\u00a0s\u00e3o para o cargo de Investigador,\u00a0<strong>50 vagas<\/strong>\u00a0para Papiloscopista e\u00a0<strong>50 vagas<\/strong>\u00a0para a carreira de Delegado.<\/p>\n\n\n\n<h2 class=\"wp-block-heading\" id=\"etapas-avaliativas\">Etapas avaliativas<\/h2>\n\n\n\n<p><strong>Os candidatos do certame da Pol\u00edcia Civil do Paran\u00e1 ser\u00e3o avaliados por meio de seis etapas<\/strong>. Todas essas fases ser\u00e3o realizadas na cidade de Curitiba\/PR, sendo elas:<\/p>\n\n\n\n<ul class=\"wp-block-list\"><li><strong>1\u00aa Fase<\/strong>: Prova Preambular Objetiva (Conhecimentos B\u00e1sicos), de car\u00e1ter classificat\u00f3rio e eliminat\u00f3rio;<\/li>\n\n\n\n<li><strong>2\u00aa Fase<\/strong>: Prova de Conhecimentos Espec\u00edficos (com Prova Discursiva), de car\u00e1ter classificat\u00f3rio e eliminat\u00f3rio;<\/li>\n\n\n\n<li><strong>3\u00aa Fase<\/strong>: Prova de T\u00edtulos, de car\u00e1ter classificat\u00f3rio;<\/li>\n\n\n\n<li><strong>4\u00aa Fase<\/strong>: Prova de Higidez F\u00edsica, de car\u00e1ter eliminat\u00f3rio;<\/li>\n\n\n\n<li><strong>5\u00aa Fase<\/strong>: Prova de Aptid\u00e3o F\u00edsica, de car\u00e1ter eliminat\u00f3rio;<\/li>\n\n\n\n<li><strong>6\u00aa Fase<\/strong>: Exame de Investiga\u00e7\u00e3o de Conduta, de car\u00e1ter eliminat\u00f3rio.<\/li>\n<\/ul><p><strong>At\u00e9 o momento, a prova objetiva para o cargo de Delegado ser\u00e1 realizada no dia 26 de julho de 2020<\/strong>, em Curitiba\/PR.\u00a0<strong>No mesmo dia<\/strong>, ir\u00e3o acontecer as\u00a0<strong>provas da primeira e segunda fase (discursiva)\u00a0<\/strong>para as carreiras de\u00a0<strong>Investigador e Papiloscopista<\/strong>, tamb\u00e9m em Curitiba\/PR.<\/p>\n\n\n\n<p>Os exames avaliativos ter\u00e3o at\u00e9\u00a0<strong>cinco horas de dura\u00e7\u00e3o<\/strong>, com in\u00edcio \u00e0s 13h30min. J\u00e1 no dia\u00a0<strong>13 de setembro<\/strong>, ser\u00e1 aplicada a\u00a0<strong>prova discursiva<\/strong>\u00a0dos classificados na primeira etapa para o cargo de\u00a0<strong>Delegado<\/strong>.<\/p>\n\n\n\n<h3 class=\"wp-block-heading\">Estrutura das provas<\/h3>\n\n\n\n<p>Para os cargos de\u00a0<strong>Investigador e Papiloscopista<\/strong>, a prova objetiva ser\u00e1 composta por\u00a0<strong>50 quest\u00f5es. Haver\u00e1 tamb\u00e9m uma Reda\u00e7\u00e3o<\/strong>, as disciplinas cobradas ser\u00e3o as seguintes:<\/p>\n\n\n\n<h4 class=\"wp-block-heading\">Conhecimentos B\u00e1sicos<\/h4>\n\n\n\n<ul class=\"wp-block-list\"><li>L\u00edngua Portuguesa: 15 quest\u00f5es;<\/li>\n\n\n\n<li>Inform\u00e1tica: 05 quest\u00f5es;<\/li>\n\n\n\n<li>Racioc\u00ednio L\u00f3gico: 05 quest\u00f5es.<\/li>\n<\/ul><h4 class=\"wp-block-heading\">Conhecimentos Espec\u00edficos<\/h4>\n\n\n\n<ul class=\"wp-block-list\"><li>No\u00e7\u00f5es de Direito Administrativo: 05 quest\u00f5es;<\/li>\n\n\n\n<li>No\u00e7\u00f5es de Direito Constitucional: 05 quest\u00f5es;<\/li>\n\n\n\n<li>No\u00e7\u00f5es de Direito Penal: 05 quest\u00f5es;<\/li>\n\n\n\n<li>No\u00e7\u00f5es de Direito Processual Penal: 05 quest\u00f5es;<\/li>\n\n\n\n<li>No\u00e7\u00f5es de Legisla\u00e7\u00e3o Penal Especial: 05 quest\u00f5es;<\/li>\n\n\n\n<li>Reda\u00e7\u00e3o.<\/li>\n<\/ul><p>J\u00e1 para a carreira de\u00a0<strong>Delegado<\/strong>, o exame objetivo ir\u00e1 contar com\u00a0<strong>100 quest\u00f5es, mais uma prova discursiva<\/strong>. A estrutura da prova ser\u00e1 a seguinte:<\/p>\n\n\n\n<h4 class=\"wp-block-heading\">Prova Objetiva<\/h4>\n\n\n\n<ul class=\"wp-block-list\"><li>Direito Administrativo: 15 quest\u00f5es;<\/li>\n\n\n\n<li>Direito Constitucional: 15 quest\u00f5es;<\/li>\n\n\n\n<li>Direito Penal: 15 quest\u00f5es;<\/li>\n\n\n\n<li>Direito Processual Penal: 15 quest\u00f5es;<\/li>\n\n\n\n<li>Legisla\u00e7\u00e3o Penal Especial: 15 quest\u00f5es;<\/li>\n\n\n\n<li>Criminologia: 05 quest\u00f5es;<\/li>\n\n\n\n<li>Direito Civil: 05 quest\u00f5es;<\/li>\n\n\n\n<li>Direito Humanos: 05 quest\u00f5es;<\/li>\n\n\n\n<li>Inform\u00e1tica: 05 quest\u00f5es;<\/li>\n\n\n\n<li>Medicina Legal: 05 quest\u00f5es.<\/li>\n<\/ul><h4 class=\"wp-block-heading\">Conhecimentos Espec\u00edficos<\/h4>\n\n\n\n<ul class=\"wp-block-list\"><li>Prova Discursiva.<\/li>\n<\/ul><p>Ser\u00e3o considerados\u00a0<strong>aprovados na prova objetiva<\/strong>, os candidatos que obterem no m\u00ednimo\u00a0<strong>60 pontos<\/strong>. Somente ser\u00e3o convocados para a prova discursiva os classificados at\u00e9 a\u00a0<strong>850\u00aa posi\u00e7\u00e3o<\/strong>\u00a0(ampla concorr\u00eancia).<\/p>\n\n\n\n<p><strong>A prova discursiva para Delegado, ir\u00e1 contar com sete quest\u00f5es formuladas a partir das seguintes \u00e1reas:<\/strong>\u00a0Direito Penal (incluindo Legisla\u00e7\u00e3o Penal Especial), Processual Penal (incluindo Legisla\u00e7\u00e3o Penal Especial), Administrativo e Constitucional, al\u00e9m de uma pe\u00e7a pr\u00e1tica. Ser\u00e1 reprovado o participante que zerar a prova discursiva.<\/p>\n\n\n\n<p><a href=\"https:\/\/web.archive.org\/web\/20210118165450\/https:\/\/twitter.com\/intent\/tweet?text=https%3A%2F%2Fwww.novaconcursos.com.br%2Fportal%2Fnoticias%2Fconcurso-pc-pr-deputado-quer-o-adiamanto-das-provas%2F%3Futm_source%3Dtwitter%26utm_medium%3Dcpc%26utm_campaign%3Dtwitter-share-blog\" target=\"_blank\" rel=\"noreferrer noopener\"><\/a><\/p>","protected":false},"excerpt":{"rendered":"<p>Foi informado pelo deputado Mauro Moraes, que est\u00e1 solicitando ao governo o\u00a0adiamento da prova\u00a0do\u00a0concurso\u00a0PC PR\u00a0(Pol\u00edcia Civil do Paran\u00e1), exame est\u00e1 marcado para o dia\u00a026 de julho. Adiamento das provas do concurso PC PR As provas objetivas do concurso PC PR, que est\u00e3o previstas para serem aplicadas no dia 26 de julho, podem ser adiadas. A [&hellip;]<\/p>\n","protected":false},"author":16,"featured_media":0,"comment_status":"closed","ping_status":"closed","sticky":false,"template":"","format":"standard","meta":{"_acf_changed":false,"footnotes":"","_wp_rev_ctl_limit":""},"categories":[228],"tags":[],"class_list":["post-246534","post","type-post","status-publish","format-standard","hentry","category-noticias"],"acf":[],"_links":{"self":[{"href":"https:\/\/www.novaconcursos.com.br\/portal\/wp-json\/wp\/v2\/posts\/246534","targetHints":{"allow":["GET"]}}],"collection":[{"href":"https:\/\/www.novaconcursos.com.br\/portal\/wp-json\/wp\/v2\/posts"}],"about":[{"href":"https:\/\/www.novaconcursos.com.br\/portal\/wp-json\/wp\/v2\/types\/post"}],"author":[{"embeddable":true,"href":"https:\/\/www.novaconcursos.com.br\/portal\/wp-json\/wp\/v2\/users\/16"}],"replies":[{"embeddable":true,"href":"https:\/\/www.novaconcursos.com.br\/portal\/wp-json\/wp\/v2\/comments?post=246534"}],"version-history":[{"count":2,"href":"https:\/\/www.novaconcursos.com.br\/portal\/wp-json\/wp\/v2\/posts\/246534\/revisions"}],"predecessor-version":[{"id":299016,"href":"https:\/\/www.novaconcursos.com.br\/portal\/wp-json\/wp\/v2\/posts\/246534\/revisions\/299016"}],"wp:attachment":[{"href":"https:\/\/www.novaconcursos.com.br\/portal\/wp-json\/wp\/v2\/media?parent=246534"}],"wp:term":[{"taxonomy":"category","embeddable":true,"href":"https:\/\/www.novaconcursos.com.br\/portal\/wp-json\/wp\/v2\/categories?post=246534"},{"taxonomy":"post_tag","embeddable":true,"href":"https:\/\/www.novaconcursos.com.br\/portal\/wp-json\/wp\/v2\/tags?post=246534"}],"curies":[{"name":"wp","href":"https:\/\/api.w.org\/{rel}","templated":true}]}}