{"id":246549,"date":"2020-08-15T17:45:00","date_gmt":"2020-08-15T20:45:00","guid":{"rendered":"https:\/\/www.novaconcursos.com.br\/portal\/?p=246549"},"modified":"2025-12-08T10:43:17","modified_gmt":"2025-12-08T13:43:17","slug":"concurso-depen-certame-e-oficialmente-suspenso-por-conta-da-pandemia-da-covid-19","status":"publish","type":"post","link":"https:\/\/www.novaconcursos.com.br\/portal\/noticias\/concurso-depen-certame-e-oficialmente-suspenso-por-conta-da-pandemia-da-covid-19\/","title":{"rendered":"Concurso DEPEN: Certame \u00e9 oficialmente suspenso por conta da pandemia da Covid-19!"},"content":{"rendered":"<p>Foi informado pelo \u00f3rg\u00e3o, que o\u00a0<a href=\"https:\/\/www.novaconcursos.com.br\/portal\/concursos\/senappen\/\">concurso\u00a0DEPEN\u00a0<\/a>(Departamento Penitenci\u00e1rio Nacional)\u00a0<strong>est\u00e1 oficialmente suspenso<\/strong>. Edital traz a oferta de\u00a0<strong>309 vagas nos n\u00edveis m\u00e9dio e superior!<\/strong><\/p>\n\n\n\n<h2 class=\"wp-block-heading\" id=\"suspenso-do-concurso-depen\">Suspens\u00e3o do concurso DEPEN<\/h2>\n\n\n\n<p><strong>O\u00a0concurso\u00a0DEPEN est\u00e1 oficialmente suspenso em virtude da pandemia da Covid-19<\/strong>. O an\u00fancio foi divulgado pelo Departamento Penitenci\u00e1rio Nacional no Di\u00e1rio Oficial da Uni\u00e3o, no dia 07 de agosto de 2020.<\/p>\n\n\n\n<p>Dessa maneira,\u00a0<strong>as provas n\u00e3o devem mais ser realizadas no dia 06 de setembro de 2020<\/strong>, como estava previsto no edital de abertura da sele\u00e7\u00e3o.<\/p>\n\n\n\n<p>A nova data para a avalia\u00e7\u00e3o do Departamento Penitenci\u00e1rio Nacional, ainda n\u00e3o foi informada. Na publica\u00e7\u00e3o,\u00a0<strong>o \u00f3rg\u00e3o informa que um novo cronograma ser\u00e1 divulgado oportunamente<\/strong>.<\/p>\n\n\n\n<p>Faltando pouco menos de um m\u00eas da data prevista para o exame avaliativo,\u00a0<strong>o\u00a0concurso\u00a0DEPEN sofria a incerteza da aplica\u00e7\u00e3o da prova devida \u00e0 pandemia da Covid-19<\/strong>.<\/p>\n\n\n\n<p>No dia 30 de julho, o setor de Recursos Humanos do Departamento Penitenci\u00e1rio Nacional, informou que as quest\u00f5es referentes ao\u00a0concurso\u00a0deveriam ser tratadas diretamente com o a banca organizadora Cebraspe. Na \u00e9poca, a empresa n\u00e3o confirmou a informa\u00e7\u00e3o sobre o poss\u00edvel adiamento e afirmou que:\u00a0<em>\u201ctodas as informa\u00e7\u00f5es referentes \u00e0 sele\u00e7\u00e3o s\u00e3o publicadas na p\u00e1gina do concurso\u201d<\/em>.<\/p>\n\n\n\n<p>Mediante os novos rumos, um comunicado oficial deve ser divulgado pelo Cebraspe. \u00c9 especulado tamb\u00e9m,\u00a0<strong>que as inscri\u00e7\u00f5es do\u00a0certame\u00a0possam ser reabertas<\/strong>, mas n\u00e3o h\u00e1, at\u00e9 o momento, posi\u00e7\u00e3o oficial sobre esta informa\u00e7\u00e3o.<\/p>\n\n\n\n<h2 class=\"wp-block-heading\" id=\"etapas-avaliativas-do-concurso-depen\">Etapas avaliativas do concurso DEPEN<\/h2>\n\n\n\n<p>Os candidatos inscritos no\u00a0concurso\u00a0DEPEN ser\u00e3o avaliados por meio de seis etapas, sendo elas:\u00a0<strong>prova objetiva, prova discursiva, exame de aptid\u00e3o f\u00edsica, avalia\u00e7\u00e3o m\u00e9dica, avalia\u00e7\u00e3o psicol\u00f3gica e investiga\u00e7\u00e3o social<\/strong>.<\/p>\n\n\n\n<p>As avalia\u00e7\u00f5es ser\u00e3o realizadas nas\u00a0<strong>26 capitais brasileiras e nas cidades de Catanduvas\/PR e Mossor\u00f3\/RN<\/strong>.<\/p>\n\n\n\n<p>A primeira etapa ser\u00e1 a realiza\u00e7\u00e3o da\u00a0<strong>prova objetiva<\/strong>, de car\u00e1ter eliminat\u00f3rio e classificat\u00f3rio, sendo composta por\u00a0<strong>120 quest\u00f5es<\/strong>\u00a0no estilo\u00a0<strong>CERTO ou ERRADO<\/strong>.<\/p>\n\n\n\n<p>Para a carreira de\u00a0<strong>Agente de Execu\u00e7\u00e3o Penal<\/strong>, cuja exig\u00eancia \u00e9 o n\u00edvel m\u00e9dio, ser\u00e3o cobradas\u00a0<strong>30 quest\u00f5es<\/strong>\u00a0de Conhecimentos B\u00e1sico, englobando as disciplinas de L\u00edngua Portuguesa, \u00c9tica no Servi\u00e7o P\u00fablico, Racioc\u00ednio L\u00f3gico e Inform\u00e1tica. Al\u00e9m dessas, a prova ter\u00e1:<\/p>\n\n\n\n<ul class=\"wp-block-list\"><li><strong>Conhecimentos Espec\u00edficos (50 quest\u00f5es)<\/strong>: No\u00e7\u00f5es de Direito Constitucional, No\u00e7\u00f5es de Direito Administrativo, No\u00e7\u00f5es de Direito Penal, No\u00e7\u00f5es de Direito Processual Penal, No\u00e7\u00f5es de Humanos e Participa\u00e7\u00e3o Social, Legisla\u00e7\u00e3o Especial;<\/li>\n\n\n\n<li><strong>Conhecimentos Complementares (40 quest\u00f5es)<\/strong>: Execu\u00e7\u00e3o Penal e Departamento Penitenci\u00e1rio Nacional.<\/li>\n<\/ul><p>J\u00e1 para o cargo de\u00a0<strong>Especialistas de Execu\u00e7\u00e3o Penal<\/strong>, ir\u00e3o responder a\u00a0<strong>40 quest\u00f5es<\/strong>\u00a0de Conhecimentos B\u00e1sicos, com as seguintes disciplinas: L\u00edngua Portuguesa, \u00c9tica no Servi\u00e7o P\u00fablico, No\u00e7\u00f5es de Direito Constitucional, No\u00e7\u00f5es de Direito Administrativo, No\u00e7\u00f5es de Direitos Humanos e Participa\u00e7\u00e3o Social.<\/p>\n\n\n\n<p>Ainda far\u00e1 parte da avalia\u00e7\u00e3o,\u00a0<strong>50 quest\u00f5es de Conhecimentos Espec\u00edficos<\/strong>\u00a0vari\u00e1veis em cada especialidade e\u00a0<strong>30 quest\u00f5es de Conhecimentos Complementares<\/strong>\u00a0com as disciplinas de Execu\u00e7\u00e3o Penal e Departamento Penitenci\u00e1rio Nacional.<\/p>\n\n\n\n<p>Todos os candidatos responder\u00e3o no mesmo dia da\u00a0prova\u00a0objetiva,\u00a0<strong>a uma prova discursiva que ir\u00e1 constituir na elabora\u00e7\u00e3o de uma Reda\u00e7\u00e3o<\/strong>. O texto dever\u00e1 ter at\u00e9\u00a0<strong>30 linhas<\/strong>\u00a0e abordar\u00e1 um conte\u00fado de Atualidades.<\/p>","protected":false},"excerpt":{"rendered":"<p>Foi informado pelo \u00f3rg\u00e3o, que o\u00a0concurso\u00a0DEPEN\u00a0(Departamento Penitenci\u00e1rio Nacional)\u00a0est\u00e1 oficialmente suspenso. Edital traz a oferta de\u00a0309 vagas nos n\u00edveis m\u00e9dio e superior! Suspens\u00e3o do concurso DEPEN O\u00a0concurso\u00a0DEPEN est\u00e1 oficialmente suspenso em virtude da pandemia da Covid-19. O an\u00fancio foi divulgado pelo Departamento Penitenci\u00e1rio Nacional no Di\u00e1rio Oficial da Uni\u00e3o, no dia 07 de agosto de 2020. [&hellip;]<\/p>\n","protected":false},"author":16,"featured_media":0,"comment_status":"closed","ping_status":"closed","sticky":false,"template":"","format":"standard","meta":{"_acf_changed":false,"footnotes":"","_wp_rev_ctl_limit":""},"categories":[228],"tags":[],"class_list":["post-246549","post","type-post","status-publish","format-standard","hentry","category-noticias"],"acf":[],"_links":{"self":[{"href":"https:\/\/www.novaconcursos.com.br\/portal\/wp-json\/wp\/v2\/posts\/246549","targetHints":{"allow":["GET"]}}],"collection":[{"href":"https:\/\/www.novaconcursos.com.br\/portal\/wp-json\/wp\/v2\/posts"}],"about":[{"href":"https:\/\/www.novaconcursos.com.br\/portal\/wp-json\/wp\/v2\/types\/post"}],"author":[{"embeddable":true,"href":"https:\/\/www.novaconcursos.com.br\/portal\/wp-json\/wp\/v2\/users\/16"}],"replies":[{"embeddable":true,"href":"https:\/\/www.novaconcursos.com.br\/portal\/wp-json\/wp\/v2\/comments?post=246549"}],"version-history":[{"count":2,"href":"https:\/\/www.novaconcursos.com.br\/portal\/wp-json\/wp\/v2\/posts\/246549\/revisions"}],"predecessor-version":[{"id":299201,"href":"https:\/\/www.novaconcursos.com.br\/portal\/wp-json\/wp\/v2\/posts\/246549\/revisions\/299201"}],"wp:attachment":[{"href":"https:\/\/www.novaconcursos.com.br\/portal\/wp-json\/wp\/v2\/media?parent=246549"}],"wp:term":[{"taxonomy":"category","embeddable":true,"href":"https:\/\/www.novaconcursos.com.br\/portal\/wp-json\/wp\/v2\/categories?post=246549"},{"taxonomy":"post_tag","embeddable":true,"href":"https:\/\/www.novaconcursos.com.br\/portal\/wp-json\/wp\/v2\/tags?post=246549"}],"curies":[{"name":"wp","href":"https:\/\/api.w.org\/{rel}","templated":true}]}}