{"id":246567,"date":"2024-08-09T09:43:17","date_gmt":"2024-08-09T12:43:17","guid":{"rendered":"https:\/\/www.novaconcursos.com.br\/portal\/?p=246567"},"modified":"2024-08-09T09:49:35","modified_gmt":"2024-08-09T12:49:35","slug":"concurso-nacional-unificado-tera-mais-de-13-mil-aprovados","status":"publish","type":"post","link":"https:\/\/www.novaconcursos.com.br\/portal\/noticias\/concurso-nacional-unificado-tera-mais-de-13-mil-aprovados\/","title":{"rendered":"Concurso Nacional Unificado ter\u00e1 mais de 13 mil aprovados!"},"content":{"rendered":"<p>O <a href=\"https:\/\/www.novaconcursos.com.br\/portal\/concursos\/cnu\/\">Concurso Nacional Unificado<\/a> ter\u00e1 mais de 13 mil aprovados no certame que oferta 6.640 vagas para cargos de n\u00edveis m\u00e9dio e superior de escolaridade.<\/p>\n\n\n\n<p>Ademais, vale destacar que as provas do CNU foram remarcadas e dever\u00e3o ser realizadas no dia 18 de agosto.<\/p>\n\n\n\n<p>Se interessa pelo certame? Fique e confira as demais informa\u00e7\u00f5es sobre o<em> Concurso Nacional Unificado que poder\u00e1 ter mais de 13 mil aprovados!<\/em><\/p>\n\n\n\n<h2 class=\"wp-block-heading\" id=\"concurso-nacional-unificado-ter-13280-aprovados\">Concurso Nacional Unificado ter\u00e1 13.280 aprovados<\/h2>\n\n\n\n<p>O Minist\u00e9rio da Gest\u00e3o e da Inova\u00e7\u00e3o em Servi\u00e7os P\u00fablicos (MGI) anunciou nesta quinta-feira que o cadastro reserva do <a href=\"https:\/\/www.gov.br\/gestao\/pt-br\/concursonacional\" target=\"_blank\" rel=\"noreferrer noopener\">Concurso Nacional Unificado<\/a> (CNU) contar\u00e1 com 13.280 aprovados, prontos para futuras convoca\u00e7\u00f5es. Esse cadastro, denominado Banco de Candidatos, ter\u00e1 o dobro do n\u00famero de vagas imediatas dispon\u00edveis em cada bloco tem\u00e1tico do certame.<\/p>\n\n\n\n<p>Isso significa que quem n\u00e3o for aprovado para sua primeira op\u00e7\u00e3o de cargo, mas alcan\u00e7ar a nota m\u00ednima necess\u00e1ria para a segunda op\u00e7\u00e3o, poder\u00e1 ser convocado posteriormente, permanecendo no banco de candidatos para a primeira escolha.<\/p>\n\n\n\n<p>O MGI destacou que as convoca\u00e7\u00f5es para os cargos previstos no certame poder\u00e3o ocorrer a cada seis meses ou de acordo com a necessidade e a libera\u00e7\u00e3o de cargos. Al\u00e9m disso, existe a possibilidade de que candidatos do cadastro reserva sejam chamados para assumir vagas tempor\u00e1rias no servi\u00e7o p\u00fablico federal. <\/p>\n\n\n\n<p>Importante ressaltar que, ao aceitar uma vaga tempor\u00e1ria, o candidato n\u00e3o perde sua classifica\u00e7\u00e3o no Banco de Candidatos, mantendo-se eleg\u00edvel para futuras vagas efetivas.<\/p>\n\n\n\n<h2 class=\"wp-block-heading\" id=\"concurso-nacional-unificado-tem-novas-retificaes-nos-editais\">Concurso Nacional Unificado tem novas retifica\u00e7\u00f5es nos editais<\/h2>\n\n\n\n<p>As altera\u00e7\u00f5es, divulgadas no Di\u00e1rio Oficial da Uni\u00e3o nesta sexta-feira (9\/8), incluem mudan\u00e7as importantes relacionadas \u00e0 per\u00edcia m\u00e9dica, sal\u00e1rio inicial para o cargo de T\u00e9cnico em Indigenismo da FUNAI, permiss\u00e3o para anota\u00e7\u00e3o dos gabaritos e ajustes no cronograma de alguns eventos.<\/p>\n\n\n\n<p>Uma das principais altera\u00e7\u00f5es diz respeito \u00e0 per\u00edcia m\u00e9dica para os candidatos que concorrem \u00e0s vagas reservadas \u00e0s pessoas com defici\u00eancia. Nos editais n\u00bas 1, 2, 3, 4, 5, 6 e 7\/2024, a convoca\u00e7\u00e3o para a avalia\u00e7\u00e3o biopsicossocial, que anteriormente estava prevista para 24 de junho, teve sua data alterada.<\/p>\n\n\n\n<p>Seja aprovado no CNU estudando com nossos materiais\u00a0<a href=\"https:\/\/www.novaconcursos.com.br\/catalogsearch\/result\/?q=Concurso%20Nacional%20Unificado%20(CNU)\">clicando aqui<\/a>.<\/p>\n\n\n\n<p>Outra mudan\u00e7a significativa \u00e9 a permiss\u00e3o para anota\u00e7\u00e3o dos gabaritos durante a aplica\u00e7\u00e3o das provas. A partir de agora, os candidatos poder\u00e3o anotar suas respostas em uma folha fornecida pela banca organizadora. Essa folha s\u00f3 poder\u00e1 ser levada pelo candidato nos \u00faltimos 30 minutos antes do t\u00e9rmino da prova. <\/p>\n\n\n\n<p>Vale ressaltar que qualquer anota\u00e7\u00e3o em outro documento poder\u00e1 resultar na elimina\u00e7\u00e3o do concurso. Al\u00e9m disso, os candidatos n\u00e3o poder\u00e3o levar a folha de anota\u00e7\u00e3o do gabarito do turno da manh\u00e3 para o turno da tarde, sendo obrigat\u00f3rio deix\u00e1-la guardada.<\/p>\n\n\n\n<p>A permiss\u00e3o para anotar o gabarito havia sido concedida em julho, em acordo com a Defensoria P\u00fablica da Uni\u00e3o (DPU), mas s\u00f3 foi oficializada no edital nesta sexta-feira, 9 de agosto.<\/p>\n\n\n\n<p><a href=\"https:\/\/www.novaconcursos.com.br\/portal\/wp-content\/uploads\/2024\/08\/Edital-de-retificacao-do-Concurso-Nacional-Retificado.pdf\">Clique aqui<\/a> e confira a retifica\u00e7\u00e3o na \u00edntegra.<\/p>\n\n\n\n<p>Outra retifica\u00e7\u00e3o importante \u00e9 a redu\u00e7\u00e3o do sal\u00e1rio inicial para o cargo de T\u00e9cnico em Indigenismo da Funda\u00e7\u00e3o Nacional dos Povos Ind\u00edgenas (Funai). O valor, que anteriormente era de R$ 6.987,19, foi ajustado para R$ 6.002,80. <\/p>\n\n\n\n<p>Essa mudan\u00e7a ocorreu devido a um ajuste no valor da Gratifica\u00e7\u00e3o de Apoio \u00e0 Execu\u00e7\u00e3o da Pol\u00edtica Indigenista (GAPIN). Agora, a remunera\u00e7\u00e3o \u00e9 composta por R$ 5.128,03 de vencimento b\u00e1sico e R$ 874,77 de GAPIN.<\/p>\n\n\n\n<ul class=\"wp-block-list\"><li><strong>Confira: <\/strong><a href=\"https:\/\/www.novaconcursos.com.br\/apostila\/cnu-bloco-8-nivel-intermediario\">Apostila CNU: Bloco 8 \u2013 N\u00edvel Intermedi\u00e1rio<\/a><\/li>\n<\/ul><p>Estude para o concurso dos seus sonhos com o\u00a0M\u00e9todo\u00a0que j\u00e1 ajudou na\u00a0aprova\u00e7\u00e3o de mais de 70 mil alunos!\u00a0<a href=\"https:\/\/www.novaconcursos.com.br\/eventos\/assinatura\/?promo_creative=Clique+aqui&amp;promo_name=concurso&amp;promo_id=%2Fportal%2Fconcursos%2Fconcurso-mte&amp;promo_position=corpo-texto\" target=\"_blank\" rel=\"noreferrer noopener\">Clique aqui<\/a>\u00a0e saiba mais!<\/p>\n\n\n\n<h2 class=\"wp-block-heading\" id=\"quais-so-as-novas-datas-do-cronograma-do-concurso-nacional-u\">Quais s\u00e3o as novas datas do cronograma do Concurso Nacional Unificado?<\/h2>\n\n\n\n<p>Conforme a retifica\u00e7\u00e3o, forma alteradas as datas de alguns eventos b\u00e1sicos do CNU, sendo eles:<\/p>\n\n\n\n<ul class=\"wp-block-list\"><li>Disponibiliza\u00e7\u00e3o da imagem do cart\u00e3o-resposta;<\/li>\n\n\n\n<li>Procedimento de verifica\u00e7\u00e3o da condi\u00e7\u00e3o declarada para concorrer \u00e0s vagas reservadas aos candidatos negros;<\/li>\n\n\n\n<li>Procedimento de confirma\u00e7\u00e3o da condi\u00e7\u00e3o declarada para concorrer \u00e0s vagas reservadas aos candidatos ind\u00edgenas;<\/li>\n\n\n\n<li>Divulga\u00e7\u00e3o dos resultados preliminares da avalia\u00e7\u00e3o da veracidade da autodeclara\u00e7\u00e3o prestada por candidatos concorrentes \u00e0s vagas reservadas para negros e ind\u00edgenas e da avalia\u00e7\u00e3o biopsicossocial dos candidatos que se declararem com defici\u00eancia;<\/li>\n\n\n\n<li>Prazo para interposi\u00e7\u00e3o de eventuais recursos quanto aos resultados preliminares da avalia\u00e7\u00e3o da veracidade da autodeclara\u00e7\u00e3o prestada por candidatos concorrentes \u00e0s vagas reservadas para negros e ind\u00edgenas e da avalia\u00e7\u00e3o biopsicossocial dos candidatos que se declararem com defici\u00eancia;<\/li>\n\n\n\n<li>Divulga\u00e7\u00e3o do resultado dos pedidos de revis\u00e3o das notas dos t\u00edtulos.<\/li>\n<\/ul><p>Confira abaixo as novas datas na \u00edntegra:<\/p>\n\n\n\n<figure class=\"wp-block-image size-full\"><a href=\"https:\/\/www.novaconcursos.com.br\/portal\/wp-content\/uploads\/2024\/08\/Cronograma-CNU.webp\"><img decoding=\"async\" width=\"455\" height=\"726\" src=\"https:\/\/www.novaconcursos.com.br\/portal\/wp-content\/uploads\/2024\/08\/Cronograma-CNU.webp\" alt=\"Tabela do cronograma retificado do Concurso Nacional Unificado.\" class=\"wp-image-246578\" loading=\"lazy\" title=\"\" srcset=\"https:\/\/www.novaconcursos.com.br\/portal\/wp-content\/uploads\/2024\/08\/Cronograma-CNU-188x300.webp 188w, https:\/\/www.novaconcursos.com.br\/portal\/wp-content\/uploads\/2024\/08\/Cronograma-CNU.webp 455w\" sizes=\"auto, (max-width: 480px) 100vw, (max-width: 768px) 100vw, (max-width: 1200px) 70vw, 768px\"><\/a><figcaption class=\"wp-element-caption\">Cronograma retificado do Concurso Nacional Unificado.<\/figcaption><\/figure><h2 class=\"wp-block-heading\" id=\"estude-para-o-cnu-com-a-nova-concursos\">Estude para o CNU com a Nova Concursos<\/h2>\n\n\n\n<p>Se o seu objetivo \u00e9 conquistar uma vaga no Concurso Nacional Unificado, voc\u00ea precisa de um material de estudo que realmente fa\u00e7a a diferen\u00e7a. Com os conte\u00fados da <a href=\"https:\/\/www.novaconcursos.com.br\/catalogsearch\/result\/?q=cnu\">Nova Concursos<\/a>, voc\u00ea ter\u00e1 acesso a materiais atualizados e focados nas principais disciplinas e quest\u00f5es que caem nas provas. <\/p>\n\n\n\n<p>A Nova Concursos \u00e9 refer\u00eancia quando o assunto \u00e9 prepara\u00e7\u00e3o para concursos p\u00fablicos. Com nossos materiais, voc\u00ea se prepara de forma eficaz, com conte\u00fado de qualidade e direcionado para o que realmente importa. <\/p>\n\n\n\n<p>A sua aprova\u00e7\u00e3o est\u00e1 ao seu alcance, basta dar o primeiro passo e confiar em quem j\u00e1 ajudou milhares de pessoas a realizarem o sonho da carreira p\u00fablica!<\/p>\n\n\n\n<p><a href=\"https:\/\/www.novaconcursos.com.br\/portal\/concursos-abertos\/\">Confira aqui todos os concursos abertos a n\u00edvel nacional!<\/a><\/p>\n\n\n\n<p><strong>Fiquem ligados na nossa p\u00e1gina sobre as pr\u00f3ximas not\u00edcias!<\/strong><\/p>","protected":false},"excerpt":{"rendered":"<p>O Concurso Nacional Unificado ter\u00e1 mais de 13 mil aprovados no certame que oferta 6.640 vagas para cargos de n\u00edveis m\u00e9dio e superior de escolaridade. Ademais, vale destacar que as provas do CNU foram remarcadas e dever\u00e3o ser realizadas no dia 18 de agosto. Se interessa pelo certame? Fique e confira as demais informa\u00e7\u00f5es sobre [&hellip;]<\/p>\n","protected":false},"author":54687,"featured_media":246569,"comment_status":"closed","ping_status":"closed","sticky":false,"template":"","format":"standard","meta":{"_acf_changed":false,"footnotes":"","_wp_rev_ctl_limit":""},"categories":[228],"tags":[],"class_list":["post-246567","post","type-post","status-publish","format-standard","has-post-thumbnail","hentry","category-noticias"],"acf":[],"_links":{"self":[{"href":"https:\/\/www.novaconcursos.com.br\/portal\/wp-json\/wp\/v2\/posts\/246567","targetHints":{"allow":["GET"]}}],"collection":[{"href":"https:\/\/www.novaconcursos.com.br\/portal\/wp-json\/wp\/v2\/posts"}],"about":[{"href":"https:\/\/www.novaconcursos.com.br\/portal\/wp-json\/wp\/v2\/types\/post"}],"author":[{"embeddable":true,"href":"https:\/\/www.novaconcursos.com.br\/portal\/wp-json\/wp\/v2\/users\/54687"}],"replies":[{"embeddable":true,"href":"https:\/\/www.novaconcursos.com.br\/portal\/wp-json\/wp\/v2\/comments?post=246567"}],"version-history":[{"count":13,"href":"https:\/\/www.novaconcursos.com.br\/portal\/wp-json\/wp\/v2\/posts\/246567\/revisions"}],"predecessor-version":[{"id":246596,"href":"https:\/\/www.novaconcursos.com.br\/portal\/wp-json\/wp\/v2\/posts\/246567\/revisions\/246596"}],"wp:featuredmedia":[{"embeddable":true,"href":"https:\/\/www.novaconcursos.com.br\/portal\/wp-json\/wp\/v2\/media\/246569"}],"wp:attachment":[{"href":"https:\/\/www.novaconcursos.com.br\/portal\/wp-json\/wp\/v2\/media?parent=246567"}],"wp:term":[{"taxonomy":"category","embeddable":true,"href":"https:\/\/www.novaconcursos.com.br\/portal\/wp-json\/wp\/v2\/categories?post=246567"},{"taxonomy":"post_tag","embeddable":true,"href":"https:\/\/www.novaconcursos.com.br\/portal\/wp-json\/wp\/v2\/tags?post=246567"}],"curies":[{"name":"wp","href":"https:\/\/api.w.org\/{rel}","templated":true}]}}