{"id":246736,"date":"2018-10-29T13:54:00","date_gmt":"2018-10-29T16:54:00","guid":{"rendered":"https:\/\/www.novaconcursos.com.br\/portal\/?p=246736"},"modified":"2024-08-09T13:56:00","modified_gmt":"2024-08-09T16:56:00","slug":"concurso-prefeitura-de-canela-rs-71-vagas-para-niveis-medio-e-superior","status":"publish","type":"post","link":"https:\/\/www.novaconcursos.com.br\/portal\/noticias\/concurso-prefeitura-de-canela-rs-71-vagas-para-niveis-medio-e-superior\/","title":{"rendered":"Concurso Prefeitura de Canela \u2013 RS: Banca organizadora \u00e9 definida!"},"content":{"rendered":"<p>Excelente not\u00edcia concurseiros ga\u00fachos!\u00a0A\u00a0<strong>Prefeitura de Canela \u2013 RS<\/strong>\u00a0j\u00e1 escolheu a banca organizadora do seu mais novo concurso!<\/p>\n\n\n\n<p>A escolhida foi a Una Gest\u00e3o e Assessoria, por meio de preg\u00e3o do tipo menor pre\u00e7o. A empresa Excel\u00eancia Sele\u00e7\u00f5es e Concursos P\u00fablicos havia se classificado em primeiro lugar, por\u00e9m foi desclassificado por n\u00e3o atender um item previsto.<\/p>\n\n\n\n<p>As oportunidades ser\u00e3o para\u00a0<strong>n\u00edveis m\u00e9dio e superior!<\/strong><\/p>\n\n\n\n<p><strong>Concurso Prefeitura de Canela \u2013 RS!<\/strong><\/p>\n\n\n\n<p>O concurso\u00a0<strong>Prefeitura de Canela \u2013 RS<\/strong>\u00a0est\u00e1 cada vez mais pr\u00f3ximo da sua divulga\u00e7\u00e3o, a Prefeitura de Canela\/RS, iniciar\u00e1 o processo de escolha da\u00a0<strong>banca organizadora<\/strong>\u00a0que ser\u00e1 respons\u00e1vel pelo certame.<\/p>\n\n\n\n<p>O processo da escolha da banca ter\u00e1 in\u00edcio no dia\u00a0<strong>19 de outubro de 2018<\/strong>, atrav\u00e9s de um\u00a0<strong>preg\u00e3o presencial<\/strong>.<\/p>\n\n\n\n<p>O prefeito de Canela\/RS, Constantino Orsolin, informou mediante o\u00a0<strong>edital<\/strong>\u00a0do preg\u00e3o que ser\u00e1 realizado uma\u00a0<strong>licita\u00e7\u00e3o<\/strong>, visando o menor pre\u00e7o. As propostas ser\u00e3o analisadas, com a defini\u00e7\u00e3o da banca organizadora, o\u00a0<strong>edital<\/strong>\u00a0do certame ser\u00e1 divulgado.<\/p>\n\n\n\n<p><strong>Vagas e sal\u00e1rios!<\/strong><\/p>\n\n\n\n<p>O concurso ofertar\u00e1\u00a0<strong>71 vagas destinadas para os n\u00edveis m\u00e9dio e superior<\/strong>. Das oportunidades ofertadas,\u00a0<strong>44 vagas<\/strong>\u00a0ser\u00e3o destinadas para o cargo de\u00a0<strong>Professor<\/strong>, al\u00e9m de mais\u00a0<strong>25 vagas<\/strong>\u00a0para o cargo de\u00a0<strong>Monitor de Educa\u00e7\u00e3o<\/strong>, totalizando\u00a0<strong>69 vagas<\/strong>\u00a0destinadas para\u00a0<strong>\u00e1rea da Educa\u00e7\u00e3o<\/strong>.<\/p>\n\n\n\n<p>Entretanto, haver\u00e1\u00a0<strong>01 vaga<\/strong>\u00a0destinada para o cargo de\u00a0<strong>Agente Administrativo<\/strong>\u00a0e tamb\u00e9m<strong>\u00a001 vaga<\/strong>\u00a0para o cargo de\u00a0<strong>Fiscal<\/strong>, totalizando a oferta de\u00a0<strong>71 vagas para o certame<\/strong>.<\/p>\n\n\n\n<p>Os<strong>\u00a0sal\u00e1rios<\/strong>\u00a0ir\u00e3o variar nos valores de\u00a0<strong>R$ 1.407,72<\/strong>\u00a0para o cargo de\u00a0<strong>Professores<\/strong>\u00a0com jornadas de trabalho de\u00a0<strong>20 horas semanais<\/strong>. J\u00e1 para o cargo de\u00a0<strong>Professores com 40 horas<\/strong>\u00a0<strong>semanais<\/strong>, o ganho ser\u00e1 de\u00a0<strong>R$ 2.429,94<\/strong>.<\/p>\n\n\n\n<p>Para os cargos de\u00a0<strong>Agentes e Fiscais<\/strong>, a remunera\u00e7\u00e3o ser\u00e1 no valor de\u00a0<strong>R$ 2.540,20<\/strong>, com jornadas de trabalho de\u00a0<strong>40<\/strong>\u00a0horas semanais.<\/p>\n\n\n\n<p><strong>Avalia\u00e7\u00f5es do concurso Prefeitura de Canela \u2013 RS!<\/strong><\/p>\n\n\n\n<p>Os candidatos aos cargos de\u00a0<strong>Professor e Int\u00e9rprete de Libras<\/strong>\u00a0ser\u00e3o avaliados por meio de\u00a0<strong>prova objetiva e prova de t\u00edtulos<\/strong>. O conte\u00fado program\u00e1tico da prova consistir\u00e1 nas disciplinas de<strong>\u00a0L\u00edngua Portuguesa<\/strong>,<strong>\u00a0Legisla\u00e7\u00e3o<\/strong>,\u00a0<strong>Did\u00e1tica e Conhecimentos Espec\u00edficos<\/strong>.<\/p>\n\n\n\n<p>Os candidatos concorrentes para o cargo de\u00a0<strong>Monitor de Educa\u00e7\u00e3o ter\u00e3o provas objetivas<\/strong>, englobando as disciplinas de\u00a0<strong>L\u00edngua Portuguesa<\/strong>,\u00a0<strong>Legisla\u00e7\u00e3o e Conhecimentos Espec\u00edficos<\/strong>.<\/p>\n\n\n\n<p>Para os cargos de\u00a0<strong>Fiscal e Agente Administrativo<\/strong>, os candidatos ser\u00e3o avaliados mediante\u00a0<strong>prova objetiva<\/strong>, ocorrer\u00e1 ainda\u00a0<strong>prova pr\u00e1tica de digita\u00e7\u00e3o<\/strong>\u00a0para o cargo de\u00a0<strong>Agente Administrativo<\/strong>.<\/p>\n\n\n\n<p>A\u00a0<strong>Nova\u2002Concursos\u00a0<\/strong>tem ajudado h\u00e1 mais de 10 anos quem quer vencer a batalha do concurso p\u00fablico. Se voc\u00ea quer aumentar as suas chances de passar, conhe\u00e7a os nossos materiais, acessando o nosso site!<\/p>","protected":false},"excerpt":{"rendered":"<p>Excelente not\u00edcia concurseiros ga\u00fachos!\u00a0A\u00a0Prefeitura de Canela \u2013 RS\u00a0j\u00e1 escolheu a banca organizadora do seu mais novo concurso! A escolhida foi a Una Gest\u00e3o e Assessoria, por meio de preg\u00e3o do tipo menor pre\u00e7o. A empresa Excel\u00eancia Sele\u00e7\u00f5es e Concursos P\u00fablicos havia se classificado em primeiro lugar, por\u00e9m foi desclassificado por n\u00e3o atender um item previsto. [&hellip;]<\/p>\n","protected":false},"author":46247,"featured_media":0,"comment_status":"closed","ping_status":"closed","sticky":false,"template":"","format":"standard","meta":{"_acf_changed":false,"footnotes":"","_wp_rev_ctl_limit":""},"categories":[228],"tags":[],"class_list":["post-246736","post","type-post","status-publish","format-standard","hentry","category-noticias"],"acf":[],"_links":{"self":[{"href":"https:\/\/www.novaconcursos.com.br\/portal\/wp-json\/wp\/v2\/posts\/246736","targetHints":{"allow":["GET"]}}],"collection":[{"href":"https:\/\/www.novaconcursos.com.br\/portal\/wp-json\/wp\/v2\/posts"}],"about":[{"href":"https:\/\/www.novaconcursos.com.br\/portal\/wp-json\/wp\/v2\/types\/post"}],"author":[{"embeddable":true,"href":"https:\/\/www.novaconcursos.com.br\/portal\/wp-json\/wp\/v2\/users\/46247"}],"replies":[{"embeddable":true,"href":"https:\/\/www.novaconcursos.com.br\/portal\/wp-json\/wp\/v2\/comments?post=246736"}],"version-history":[{"count":1,"href":"https:\/\/www.novaconcursos.com.br\/portal\/wp-json\/wp\/v2\/posts\/246736\/revisions"}],"predecessor-version":[{"id":246738,"href":"https:\/\/www.novaconcursos.com.br\/portal\/wp-json\/wp\/v2\/posts\/246736\/revisions\/246738"}],"wp:attachment":[{"href":"https:\/\/www.novaconcursos.com.br\/portal\/wp-json\/wp\/v2\/media?parent=246736"}],"wp:term":[{"taxonomy":"category","embeddable":true,"href":"https:\/\/www.novaconcursos.com.br\/portal\/wp-json\/wp\/v2\/categories?post=246736"},{"taxonomy":"post_tag","embeddable":true,"href":"https:\/\/www.novaconcursos.com.br\/portal\/wp-json\/wp\/v2\/tags?post=246736"}],"curies":[{"name":"wp","href":"https:\/\/api.w.org\/{rel}","templated":true}]}}