{"id":246751,"date":"2020-08-09T15:10:00","date_gmt":"2020-08-09T18:10:00","guid":{"rendered":"https:\/\/www.novaconcursos.com.br\/portal\/?p=246751"},"modified":"2025-12-15T13:01:14","modified_gmt":"2025-12-15T16:01:14","slug":"concurso-tj-rj-provas-devem-ser-aplicadas-somente-em-2021","status":"publish","type":"post","link":"https:\/\/www.novaconcursos.com.br\/portal\/noticias\/concurso-tj-rj-provas-devem-ser-aplicadas-somente-em-2021\/","title":{"rendered":"Concurso TJ RJ: Provas devem ser aplicadas somente em 2021!"},"content":{"rendered":"<p>Segundo informa\u00e7\u00f5es da comiss\u00e3o do\u00a0<a href=\"https:\/\/www.novaconcursos.com.br\/portal\/concursos\/concurso-tj-rj\/\">concurso\u00a0<strong>TJ RJ<\/strong><\/a>\u00a0(Tribunal de Justi\u00e7a do Rio de Janeiro),\u00a0<strong>as provas s\u00f3 ser\u00e3o remarcadas quando existir condi\u00e7\u00f5es sanit\u00e1rias vi\u00e1veis<\/strong>.<\/p>\n\n\n\n<h2 class=\"wp-block-heading\" id=\"provas-do-concurso-tj-rj\">Provas do concurso TJ RJ<\/h2>\n\n\n\n<p>O Tribunal de Justi\u00e7a do Rio de Janeiro,\u00a0<strong>pode aplicar as provas objetivas do\u00a0concurso\u00a0TJ RJ somente em 2021<\/strong>. A previs\u00e3o foi passada pela comiss\u00e3o organizadora do certame.<\/p>\n\n\n\n<p>Quer Receber Todas Oportunidades para Concursos de Tribunais?<\/p>\n\n\n\n<p>Receba em seu e-mail todas as movimenta\u00e7\u00f5es de Concursos para TribunaisNomeE-mailTelefone<\/p>\n\n\n\n<p>A comiss\u00e3o do\u00a0certame\u00a0s\u00f3 deseja realizar as provas quando houver condi\u00e7\u00f5es sanit\u00e1rias prop\u00edcias para isso. No momento,\u00a0<strong>o grupo n\u00e3o consegue vislumbrar maneiras seguras de aplicar as avalia\u00e7\u00f5es para os cargos de T\u00e9cnico Judici\u00e1rio e Analista Judici\u00e1rio<\/strong>.<\/p>\n\n\n\n<p><em>\u201cO pr\u00f3prio presidente Claudio de Mello Tavares j\u00e1 reconhece que a pr\u00f3xima Administra\u00e7\u00e3o \u00e9 que ter\u00e1 que tocar o concurso\u201d<\/em>, informou a comiss\u00e3o.<\/p>\n\n\n\n<p>Vale ressaltar, que a gest\u00e3o do desembargador Claudio de Mello Tavares ser\u00e1 encerrada no m\u00eas de dezembro de 2020. Dessa maneira,\u00a0<strong>no primeiro bimestre de 2021, um novo presidente ir\u00e1 assumir a presid\u00eancia do tribunal<\/strong>.<\/p>\n\n\n\n<p>O cronograma de retomada do\u00a0certame\u00a0com a data das provas, deve ser publicado mais para o final do ano ou in\u00edcio do pr\u00f3ximo.<strong>\u00a0A tend\u00eancia \u00e9 que as provas ocorram apenas em 2021<\/strong>, conforme informado pela comiss\u00e3o organizadora.<\/p>\n\n\n\n<p>De acordo com informa\u00e7\u00f5es,\u00a0<strong>o cronograma s\u00f3 ser\u00e1 divulgado quando houver um cen\u00e1rio controlado da pandemia da Covid-19<\/strong>. Isto \u00e9, em que o n\u00famero de casos e morte estiverem abaixando de forma significativa.<\/p>\n\n\n\n<p>No m\u00eas de fevereiro, o Tribunal de Justi\u00e7a do Rio de Janeiro divulgou o edital do\u00a0concurso\u00a0TJ RJ ofertando\u00a0<strong>160 vagas<\/strong>. Desse quantitativo,<strong>\u00a085 vagas<\/strong>\u00a0s\u00e3o para\u00a0<strong>T\u00e9cnico Judici\u00e1rio<\/strong>, cargo de\u00a0<strong>n\u00edvel m\u00e9dio<\/strong>.<\/p>\n\n\n\n<p>As outras\u00a0<strong>75 vagas<\/strong>\u00a0s\u00e3o para a carreira de\u00a0<strong>Analista Judici\u00e1rio<\/strong>, com exig\u00eancia do\u00a0<strong>n\u00edvel superior em \u00e1reas espec\u00edficas<\/strong>. Os sal\u00e1rios s\u00e3o de\u00a0<strong>R$ 5.556,06 e R$ 8.059,89<\/strong>, respectivamente.<\/p>\n\n\n\n<p>A exce\u00e7\u00e3o \u00e9 para o cargo de\u00a0<strong>Analista Judici\u00e1rio\/Execu\u00e7\u00e3o de Mandados (Oficial de Justi\u00e7a)<\/strong>, cujos valores s\u00e3o de\u00a0<strong>R$ 9.972,05<\/strong>. Em fun\u00e7\u00e3o da Covid-19 e das orienta\u00e7\u00f5es de distanciamento social, o \u00f3rg\u00e3o suspendeu a\u00a0sele\u00e7\u00e3o.<\/p>\n\n\n\n<p><strong>Todos os candidatos ser\u00e3o avaliados por provas objetivas<\/strong>, de car\u00e1ter eliminat\u00f3rio e classificat\u00f3rio. Somente os participantes inscritos a\u00a0<strong>Analista Judici\u00e1rio<\/strong>\u00a0tamb\u00e9m ser\u00e3o submetidos, no mesmo dia,\u00a0<strong>a uma prova discursiva<\/strong>, de car\u00e1ter eliminat\u00f3rio e classificat\u00f3rio.<\/p>\n\n\n\n<h2 class=\"wp-block-heading\" id=\"bloqueio-de-vagas-no-interfere-no-concurso-tj-rj\">Bloqueio de vagas n\u00e3o interfere no concurso TJ RJ<\/h2>\n\n\n\n<p>Segundo informa\u00e7\u00f5es do Tribunal de Justi\u00e7a do Rio de Janeiro, o recente\u00a0<strong>bloqueio de mais de 500 cargos no \u00f3rg\u00e3o n\u00e3o trar\u00e1 qualquer impacto na\u00a0sele\u00e7\u00e3o\u00a0<\/strong>.<\/p>\n\n\n\n<p>Foi destacado que o plano de incentivo \u00e0 aposentadoria (PIA) aberto pelo tribunal,\u00a0<strong>ir\u00e1 garantir n\u00e3o s\u00f3 as 160 vagas que est\u00e3o no edital, como tamb\u00e9m muitas outras para serem preenchidas pelos candidatos aprovados no cadastro de reserva<\/strong>. O que est\u00e1 atrasando efetivamente o\u00a0concurso\u00a0\u00e9 a pandemia da Covid-19.<\/p>\n\n\n\n<p>Com o recente bloqueio dos cargos, era especulado que o TJ RJ pudesse reabrir as inscri\u00e7\u00f5es do\u00a0concurso\u00a0logo ap\u00f3s a o t\u00e9rmino do PIA (final do m\u00eas de setembro), quando o \u00f3rg\u00e3o j\u00e1 tivesse um dimensionamento de quantos servidores solicitaram a aposentadoria. Entretanto,\u00a0<strong>o mais prov\u00e1vel que isso s\u00f3 ocorra mais para o final do ano ou no in\u00edcio de 2021<\/strong>.<\/p>","protected":false},"excerpt":{"rendered":"<p>Segundo informa\u00e7\u00f5es da comiss\u00e3o do\u00a0concurso\u00a0TJ RJ\u00a0(Tribunal de Justi\u00e7a do Rio de Janeiro),\u00a0as provas s\u00f3 ser\u00e3o remarcadas quando existir condi\u00e7\u00f5es sanit\u00e1rias vi\u00e1veis. Provas do concurso TJ RJ O Tribunal de Justi\u00e7a do Rio de Janeiro,\u00a0pode aplicar as provas objetivas do\u00a0concurso\u00a0TJ RJ somente em 2021. A previs\u00e3o foi passada pela comiss\u00e3o organizadora do certame. Quer Receber Todas [&hellip;]<\/p>\n","protected":false},"author":46247,"featured_media":0,"comment_status":"closed","ping_status":"closed","sticky":false,"template":"","format":"standard","meta":{"_acf_changed":false,"footnotes":"","_wp_rev_ctl_limit":""},"categories":[228],"tags":[],"class_list":["post-246751","post","type-post","status-publish","format-standard","hentry","category-noticias"],"acf":[],"_links":{"self":[{"href":"https:\/\/www.novaconcursos.com.br\/portal\/wp-json\/wp\/v2\/posts\/246751","targetHints":{"allow":["GET"]}}],"collection":[{"href":"https:\/\/www.novaconcursos.com.br\/portal\/wp-json\/wp\/v2\/posts"}],"about":[{"href":"https:\/\/www.novaconcursos.com.br\/portal\/wp-json\/wp\/v2\/types\/post"}],"author":[{"embeddable":true,"href":"https:\/\/www.novaconcursos.com.br\/portal\/wp-json\/wp\/v2\/users\/46247"}],"replies":[{"embeddable":true,"href":"https:\/\/www.novaconcursos.com.br\/portal\/wp-json\/wp\/v2\/comments?post=246751"}],"version-history":[{"count":2,"href":"https:\/\/www.novaconcursos.com.br\/portal\/wp-json\/wp\/v2\/posts\/246751\/revisions"}],"predecessor-version":[{"id":300851,"href":"https:\/\/www.novaconcursos.com.br\/portal\/wp-json\/wp\/v2\/posts\/246751\/revisions\/300851"}],"wp:attachment":[{"href":"https:\/\/www.novaconcursos.com.br\/portal\/wp-json\/wp\/v2\/media?parent=246751"}],"wp:term":[{"taxonomy":"category","embeddable":true,"href":"https:\/\/www.novaconcursos.com.br\/portal\/wp-json\/wp\/v2\/categories?post=246751"},{"taxonomy":"post_tag","embeddable":true,"href":"https:\/\/www.novaconcursos.com.br\/portal\/wp-json\/wp\/v2\/tags?post=246751"}],"curies":[{"name":"wp","href":"https:\/\/api.w.org\/{rel}","templated":true}]}}