{"id":246787,"date":"2024-06-26T15:55:00","date_gmt":"2024-06-26T18:55:00","guid":{"rendered":"https:\/\/www.novaconcursos.com.br\/portal\/?p=246787"},"modified":"2025-12-10T12:43:48","modified_gmt":"2025-12-10T15:43:48","slug":"concurso-pc-pa-diretor-geral-confirma-nivel-de-escolaridade-dos-cargos","status":"publish","type":"post","link":"https:\/\/www.novaconcursos.com.br\/portal\/noticias\/concurso-pc-pa-diretor-geral-confirma-nivel-de-escolaridade-dos-cargos\/","title":{"rendered":"Concurso PC PA: Diretor-geral confirma n\u00edvel de escolaridade dos cargos!"},"content":{"rendered":"<p class=\"wp-block-paragraph\">Foi confirmado pelo diretor-geral da corpora\u00e7\u00e3o, o\u00a0<strong>n\u00edvel de escolaridade dos cargos<\/strong>\u00a0que ser\u00e3o ofertadas no\u00a0<a href=\"https:\/\/www.novaconcursos.com.br\/portal\/concursos\/concurso-pc-pa\/\">concurso\u00a0PC PA<\/a>\u00a0(Pol\u00edcia Civil do Par\u00e1).<\/p>\n\n\n\n<h2 class=\"wp-block-heading\" id=\"escolaridade-dos-cargos-do-concurso-pc-pa\">Escolaridade dos cargos do concurso PC PA<\/h2>\n\n\n\n<p class=\"wp-block-paragraph\">O candidato que sonha em ingressar na Pol\u00edcia Civil do Estado do Par\u00e1,\u00a0<strong>j\u00e1 pode confirmar a escolaridade dos cargos no concurso PC PA<\/strong>. Foi confirmado pelo delegado e diretor-geral da corpora\u00e7\u00e3o, Alberto Teixeira, os n\u00edveis dos cargos.<\/p>\n\n\n\n<p class=\"wp-block-paragraph\">O delegado come\u00e7ou a realizar uma s\u00e9rie nas suas redes sociais,\u00a0<strong>sendo uma esp\u00e9cie de tira d\u00favidas, intitulado de DG responde<\/strong>.<\/p>\n\n\n\n<p class=\"wp-block-paragraph\">O diretor-geral tem como objetivo, explicar as principais d\u00favidas e responder os questionamentos que s\u00e3o enviados pelos pr\u00f3prios seguidores. De acordo com Teixeira,\u00a0<strong>a pergunta com maior incid\u00eancia foi sobre a escolaridade<\/strong>.<\/p>\n\n\n\n<p class=\"wp-block-paragraph\">Alberto Teixeira confirmou que apenas o cargo de\u00a0<strong>Delegado ter\u00e1 uma exig\u00eancia espec\u00edfica<\/strong>. Os demais cargos ir\u00e3o permitir o ingresso de quem tenha gradua\u00e7\u00e3o em qualquer \u00e1rea, sendo:<\/p>\n\n\n\n<ul class=\"wp-block-list\"><li><strong>Investigador<\/strong>: gradua\u00e7\u00e3o em qualquer \u00e1rea;<\/li>\n\n\n\n<li><strong>Escriv\u00e3o<\/strong>: gradua\u00e7\u00e3o em qualquer \u00e1rea;<\/li>\n\n\n\n<li><strong>Papiloscopista<\/strong>: gradua\u00e7\u00e3o em qualquer \u00e1rea;<\/li>\n\n\n\n<li><strong>Delegado<\/strong>: bacharel em Direito.<\/li>\n<\/ul><p class=\"wp-block-paragraph\">Ainda sobre a escolaridade dos cargos, o diretor-geral da PC PA n\u00e3o esclarece nenhuma defini\u00e7\u00e3o sobre a\u00a0<strong>possibilidade dos tecn\u00f3logos<\/strong>. De acordo com Teixeira,\u00a0<strong>essa exig\u00eancia vir\u00e1 especificada em edital<\/strong>.<\/p>\n\n\n\n<p class=\"wp-block-paragraph\">Sobre a carreira de Delegado, ele ainda especificou mais. Diferentemente de outros casos,\u00a0<strong>o certame da Pol\u00edcia Civil do Par\u00e1 n\u00e3o ter\u00e1 a necessidade de pr\u00e1tica jur\u00eddica. O edital deve ser publicado at\u00e9 o m\u00eas de setembro<\/strong>.<\/p>\n\n\n\n<p class=\"wp-block-paragraph\">Al\u00e9m de confirmar a escolaridade dos cargos,\u00a0<strong>a PC PA est\u00e1 perto de anunciar a banca organizadora do certame<\/strong>. Isso porque, o processo licitat\u00f3rio est\u00e1 agendado para o dia 25 de junho.<\/p>\n\n\n\n<p class=\"wp-block-paragraph\">Tamb\u00e9m j\u00e1 foi divulgada a composi\u00e7\u00e3o da comiss\u00e3o de licita\u00e7\u00e3o, que cuidar\u00e1 desse processo.\u00a0<strong>O grupo \u00e9 composto pelos seguintes membros:<\/strong><\/p>\n\n\n\n<ul class=\"wp-block-list\"><li>Presidente: Iris Alves Miranda Negr\u00e3o;<\/li>\n\n\n\n<li>1\u00ba membro: Mar\u00edlia Lima de Moraes;<\/li>\n\n\n\n<li>2\u00ba membro: Odilene Fernandes da Concei\u00e7\u00e3o Santos;<\/li>\n\n\n\n<li>3\u00ba membro: Sin\u00e9lio Ferreira de Menezes Filho.<\/li>\n<\/ul><h2 class=\"wp-block-heading\" id=\"vagas-no-concurso-pc-pa\">Vagas no concurso PC PA<\/h2>\n\n\n\n<p class=\"wp-block-paragraph\">As\u00a0<strong>1.495 vagas autorizadas,<\/strong>\u00a0ser\u00e3o distribu\u00eddas entre os cargos de Delegado, Escriv\u00e3o, Investigador e Papiloscopista, da seguinte forma:<\/p>\n\n\n\n<ul class=\"wp-block-list\"><li>Delegado: 265 vagas;<\/li>\n\n\n\n<li>Escriv\u00e3o: 252 vagas;<\/li>\n\n\n\n<li>Investigador: 818 vagas;<\/li>\n\n\n\n<li>Papiloscopista: 160 vagas.<\/li>\n<\/ul><p class=\"wp-block-paragraph\">Os sal\u00e1rios atualizados n\u00e3o foram confirmados, mas conforme o \u00faltimo certame, os ganhos proporcionados eram de\u00a0<strong>R$ 5.204,05<\/strong>\u00a0para as fun\u00e7\u00f5es de Investigador, Escriv\u00e3o e Papiloscopista e<strong>\u00a0R$ 12.250,00\u00a0<\/strong>para o cargo de Delegado.<\/p>\n\n\n\n<p class=\"wp-block-paragraph\">Al\u00e9m disso, o projeto b\u00e1sico ainda traz uma previs\u00e3o para que sejam recebidas\u00a0<strong>42.183 inscri\u00e7\u00f5es na sele\u00e7\u00e3o<\/strong>, sendo:<\/p>\n\n\n\n<ul class=\"wp-block-list\"><li>Delegado: 14.519 inscritos;<\/li>\n\n\n\n<li>Investigador: 18.205 inscritos;<\/li>\n\n\n\n<li>Escriv\u00e3o: 7.709 inscritos;<\/li>\n\n\n\n<li>Papiloscopista: 1.750 inscritos.<\/li>\n<\/ul>","protected":false},"excerpt":{"rendered":"<p>Foi confirmado pelo diretor-geral da corpora\u00e7\u00e3o, o\u00a0n\u00edvel de escolaridade dos cargos\u00a0que ser\u00e3o ofertadas no\u00a0concurso\u00a0PC PA\u00a0(Pol\u00edcia Civil do Par\u00e1). Escolaridade dos cargos do concurso PC PA O candidato que sonha em ingressar na Pol\u00edcia Civil do Estado do Par\u00e1,\u00a0j\u00e1 pode confirmar a escolaridade dos cargos no concurso PC PA. Foi confirmado pelo delegado e diretor-geral da [&hellip;]<\/p>\n","protected":false},"author":46247,"featured_media":0,"comment_status":"closed","ping_status":"closed","sticky":false,"template":"","format":"standard","meta":{"_acf_changed":false,"footnotes":"","_wp_rev_ctl_limit":""},"categories":[228],"tags":[],"class_list":["post-246787","post","type-post","status-publish","format-standard","hentry","category-noticias"],"acf":[],"_links":{"self":[{"href":"https:\/\/www.novaconcursos.com.br\/portal\/wp-json\/wp\/v2\/posts\/246787","targetHints":{"allow":["GET"]}}],"collection":[{"href":"https:\/\/www.novaconcursos.com.br\/portal\/wp-json\/wp\/v2\/posts"}],"about":[{"href":"https:\/\/www.novaconcursos.com.br\/portal\/wp-json\/wp\/v2\/types\/post"}],"author":[{"embeddable":true,"href":"https:\/\/www.novaconcursos.com.br\/portal\/wp-json\/wp\/v2\/users\/46247"}],"replies":[{"embeddable":true,"href":"https:\/\/www.novaconcursos.com.br\/portal\/wp-json\/wp\/v2\/comments?post=246787"}],"version-history":[{"count":2,"href":"https:\/\/www.novaconcursos.com.br\/portal\/wp-json\/wp\/v2\/posts\/246787\/revisions"}],"predecessor-version":[{"id":299989,"href":"https:\/\/www.novaconcursos.com.br\/portal\/wp-json\/wp\/v2\/posts\/246787\/revisions\/299989"}],"wp:attachment":[{"href":"https:\/\/www.novaconcursos.com.br\/portal\/wp-json\/wp\/v2\/media?parent=246787"}],"wp:term":[{"taxonomy":"category","embeddable":true,"href":"https:\/\/www.novaconcursos.com.br\/portal\/wp-json\/wp\/v2\/categories?post=246787"},{"taxonomy":"post_tag","embeddable":true,"href":"https:\/\/www.novaconcursos.com.br\/portal\/wp-json\/wp\/v2\/tags?post=246787"}],"curies":[{"name":"wp","href":"https:\/\/api.w.org\/{rel}","templated":true}]}}