{"id":247358,"date":"2024-08-15T14:12:32","date_gmt":"2024-08-15T17:12:32","guid":{"rendered":"https:\/\/www.novaconcursos.com.br\/portal\/?p=247358"},"modified":"2024-08-15T14:13:09","modified_gmt":"2024-08-15T17:13:09","slug":"cnu-ministra-preve-nova-edicao","status":"publish","type":"post","link":"https:\/\/www.novaconcursos.com.br\/portal\/noticias\/cnu-ministra-preve-nova-edicao\/","title":{"rendered":"CNU 2025: ministra prev\u00ea nova edi\u00e7\u00e3o at\u00e9 mar\u00e7o, com provas em agosto!"},"content":{"rendered":"<p>O <strong><a href=\"https:\/\/www.novaconcursos.com.br\/portal\/concursos\/cnu\/\">CNU 2025<\/a> (Concurso Nacional Unificado) est\u00e1 previsto para ter uma nova edi\u00e7\u00e3o at\u00e9 mar\u00e7o<\/strong> com a realiza\u00e7\u00e3o das provas em agosto, conforme afirma\u00e7\u00e3o da ministra da Gest\u00e3o e da Inova\u00e7\u00e3o em Servi\u00e7os P\u00fablicos (MGI), Esther Dweck.<\/p>\n\n\n\n<p>Vale ressaltar que as provas objetivas e discursivas do Enem dos concursos desta primeira edi\u00e7\u00e3o ser\u00e3o aplicadas neste domingo, 18 de agosto.<\/p>\n\n\n\n<p>Se voc\u00ea se interessa pelo Concurso Unificado, fique e confira as demais informa\u00e7\u00f5es sobre a nova edi\u00e7\u00e3o do certame at\u00e9 mar\u00e7o de 2025 com provas em agosto!<\/p>\n\n\n\n<h2 class=\"wp-block-heading\" id=\"cnu-2025-poder-ter-nova-edio-at-maro\">CNU 2025 poder\u00e1 ter nova edi\u00e7\u00e3o at\u00e9 mar\u00e7o<\/h2>\n\n\n\n<p>Nesta quinta-feira, 15 de agosto, a ministra da Gest\u00e3o e da Inova\u00e7\u00e3o em Servi\u00e7os P\u00fablicos (MGI), Esther Dweck, anunciou que o Governo Federal convocar\u00e1 os aprovados no cadastro reserva do <a href=\"https:\/\/www.gov.br\/gestao\/pt-br\/concursonacional\" target=\"_blank\" rel=\"noreferrer noopener\">Concurso Nacional Unificado<\/a> (CNU) e planeja um novo edital para mar\u00e7o de 2025. <\/p>\n\n\n\n<p>As declara\u00e7\u00f5es foram feitas durante uma entrevista ao programa \u201cBom Dia, Ministra\u201d:<\/p>\n\n\n\n<p><em>\u201cA nossa an\u00e1lise \u00e9 de que o ideal, se houver uma prova no ano que vem, seja em agosto. Por v\u00e1rios motivos, at\u00e9 por ser um ano depois da primeira edi\u00e7\u00e3o. Ach\u00e1vamos que maio seria um m\u00eas tranquilo do ponto de vista clim\u00e1tico, mas descobrimos que agosto \u00e9 o melhor m\u00eas para o Brasil inteiro nesse aspecto\u201d<\/em>, disse a ministra, Esther Dweck.<\/p>\n\n\n\n<p>Dweck destacou que, considerando agosto como o m\u00eas mais adequado para a realiza\u00e7\u00e3o das provas, o novo CNU 2025 precisa ser aberto at\u00e9 mar\u00e7o para garantir a realiza\u00e7\u00e3o das avalia\u00e7\u00f5es dentro desse prazo. <\/p>\n\n\n\n<p>No entanto, a ministra ressaltou a necessidade de uma avalia\u00e7\u00e3o detalhada da prova que ser\u00e1 aplicada no pr\u00f3ximo domingo, 18 de agosto, antes de confirmar a realiza\u00e7\u00e3o da segunda edi\u00e7\u00e3o do concurso. At\u00e9 o momento, a Gest\u00e3o considera a primeira edi\u00e7\u00e3o positiva.<\/p>\n\n\n\n<p>Al\u00e9m do novo concurso, Dweck confirmou a inclus\u00e3o de 7 mil vagas no Projeto de Lei Or\u00e7ament\u00e1ria Anual (PLOA 2025). Essas vagas ser\u00e3o destinadas tanto para convocar o cadastro reserva do atual CNU quanto para outros concursos em andamento e novas autoriza\u00e7\u00f5es. <\/p>\n\n\n\n<p><a href=\"https:\/\/www.novaconcursos.com.br\/portal\/noticias\/concursos-federais-mgi-autoriza-mais-de-5-mil-vagas\/\">Confira aqui<\/a> sobre o MGI autorizar mais de 5 mil vagas para concursos federais!<\/p>\n\n\n\n<p>A confirma\u00e7\u00e3o dessas vagas est\u00e1 prevista para breve, uma vez que o Executivo trabalha para encaminhar o PLOA 2025 ao Congresso Nacional at\u00e9 o pr\u00f3ximo dia 31 de agosto.<\/p>\n\n\n\n<p>Dessa forma, o Governo Federal se prepara para dar continuidade \u00e0 sua pol\u00edtica de renova\u00e7\u00e3o do quadro de servidores, com a convoca\u00e7\u00e3o dos aprovados e a previs\u00e3o de novos concursos para os pr\u00f3ximos anos.<\/p>\n\n\n\n<h2 class=\"wp-block-heading\" id=\"qual-a-importncia-de-uma-nova-edio-do-cnu\">Qual \u00e9 a import\u00e2ncia de uma nova edi\u00e7\u00e3o do CNU?<\/h2>\n\n\n\n<p>A primeira raz\u00e3o \u00e9 que a nova edi\u00e7\u00e3o (CNU 2025) permite a continuidade da renova\u00e7\u00e3o do quadro de servidores p\u00fablicos, garantindo que as necessidades dos \u00f3rg\u00e3os governamentais sejam atendidas com profissionais qualificados. <\/p>\n\n\n\n<p>Com a realiza\u00e7\u00e3o de um novo concurso, o Governo Federal assegura a reposi\u00e7\u00e3o e amplia\u00e7\u00e3o do corpo de servidores, especialmente em \u00e1reas estrat\u00e9gicas e que necessitam de refor\u00e7o cont\u00ednuo.<\/p>\n\n\n\n<p>Al\u00e9m disso, a nova edi\u00e7\u00e3o do CNU 2025 pode otimizar a gest\u00e3o de recursos humanos no setor p\u00fablico, j\u00e1 que a convoca\u00e7\u00e3o de aprovados no cadastro reserva e a abertura de novas vagas permitem um planejamento mais eficiente das demandas dos \u00f3rg\u00e3os.<\/p>\n\n\n\n<p>Outro aspecto importante \u00e9 a promo\u00e7\u00e3o da igualdade de oportunidades, visto que o CNU unifica os processos seletivos, permitindo que candidatos de diferentes regi\u00f5es do pa\u00eds tenham acesso a vagas em diversas \u00e1reas do servi\u00e7o p\u00fablico. Isso contribui para a democratiza\u00e7\u00e3o do acesso ao funcionalismo p\u00fablico<\/p>\n\n\n\n<p>Durante a entrevista, a ministra tamb\u00e9m mencionou a import\u00e2ncia da ades\u00e3o dos \u00f3rg\u00e3os que j\u00e1 tiveram ou ter\u00e3o novos concursos autorizados para que a segunda edi\u00e7\u00e3o do CNU 2025 aconte\u00e7a. <\/p>\n\n\n\n<p>Por fim, a realiza\u00e7\u00e3o de um novo CNU 2025, como sugerido pela ministra Esther Dweck, tamb\u00e9m sinaliza a inten\u00e7\u00e3o do governo de manter a continuidade do servi\u00e7o p\u00fablico, mesmo diante de desafios or\u00e7ament\u00e1rios e administrativos. <\/p>\n\n\n\n<ul class=\"wp-block-list\"><li><strong>Confira: <\/strong><a href=\"https:\/\/www.novaconcursos.com.br\/apostila\/cnu-bloco-8-nivel-intermediario\">Apostila CNU 2024 \u2013 Bloco 8 \u2013 N\u00edvel Intermedi\u00e1rio<\/a><\/li>\n<\/ul><p>Estude para o concurso dos seus sonhos com o\u00a0M\u00e9todo\u00a0que j\u00e1 ajudou na\u00a0aprova\u00e7\u00e3o de mais de 70 mil alunos!\u00a0<a href=\"https:\/\/www.novaconcursos.com.br\/eventos\/assinatura\/?promo_creative=Clique+aqui&amp;promo_name=concurso&amp;promo_id=%2Fportal%2Fconcursos%2Fconcurso-mte&amp;promo_position=corpo-texto\" target=\"_blank\" rel=\"noreferrer noopener\">Clique aqui<\/a>\u00a0e saiba mais!<\/p>\n\n\n\n<h2 class=\"wp-block-heading\" id=\"concurso-nacional-unificado-em-andamento-\">Concurso Nacional Unificado em andamento <\/h2>\n\n\n\n<p>O CNU teve sua primeira edi\u00e7\u00e3o proposta apresentada em agosto de 2023 para a realiza\u00e7\u00e3o de uma prova \u00fanica visando o provimento de\u00a0mais de 6 mil vagas\u00a0distribu\u00eddas entre 21 \u00f3rg\u00e3os do governo federal.<\/p>\n\n\n\n<p>O Concurso Unificado teve seu edital publicado em janeiro deste ano com a <em>oferta de 6.640 vagas imediatas mais oportunidade para forma\u00e7\u00e3o de cadastro<\/em> reserva divididas entre <a href=\"https:\/\/www.novaconcursos.com.br\/portal\/noticias\/concurso-cnu-distribuicao-de-inscritos-por-bloco-tematico-atualizada\/\">8 blocos tem\u00e1ticos<\/a> para cargos de n\u00edveis m\u00e9dio e superior de escolaridade.<\/p>\n\n\n\n<p>Ap\u00f3s adiamentos das provas do Enem dos concursos devido a situa\u00e7\u00e3o de calamidade do estado do Rio Grande do Sul, os candidatos dever\u00e3o realizar as provas neste domingo, 18 de agosto de 2024, em dois turnos.<\/p>\n\n\n\n<p><a href=\"https:\/\/www.novaconcursos.com.br\/portal\/artigos\/cnu-quantos-pontos-para-ser-aprovado\/\">Confira aqui<\/a> como ser\u00e3o as provas do CNU e quantos pontos s\u00e3o necess\u00e1rios para ser considerado aprovado.<\/p>\n\n\n\n<p>\u00c9 importante frisar que <a href=\"https:\/\/www.novaconcursos.com.br\/portal\/noticias\/concurso-cnu-locais-de-provas-disponiveis-para-consulta\/\">os locais de prova est\u00e3o dispon\u00edveis para consulta<\/a>!<\/p>\n\n\n\n\n\n<h3 class=\"wp-block-heading\">O que levar para as provas do CNU?<\/h3>\n\n\n\n<p>Os candidatos do Concurso Nacional Unificado devem ficar atentos \u00e0s orienta\u00e7\u00f5es do edital sobre os itens obrigat\u00f3rios para a realiza\u00e7\u00e3o da prova e sobre o que \u00e9 proibido portar no dia das avalia\u00e7\u00f5es.<\/p>\n\n\n\n<p>No dia das provas <em>os candidatos devem levar um documento de identidade original com foto, uma caneta preta feita de material transparente<\/em> e, opcionalmente, o Cart\u00e3o de Confirma\u00e7\u00e3o de Inscri\u00e7\u00e3o (CCI). <\/p>\n\n\n\n<p>Aten\u00e7\u00e3o! Documentos digitais ser\u00e3o aceitos, desde que o aplicativo necess\u00e1rio j\u00e1 esteja baixado no celular, que pode ser acessado mesmo sem internet. <\/p>\n\n\n\n<p>Os candidatos podem levar alimentos e bebidas, desde que as embalagens dos alimentos estejam lacradas e as garrafas de \u00e1gua sejam transparentes. <\/p>\n\n\n\n<p>Vale ressaltar que \u00e9 proibido o uso de equipamentos eletr\u00f4nicos durante a prova, e a Funda\u00e7\u00e3o Cesgranrio fornecer\u00e1 envelopes porta-objetos para guardar aparelhos como celulares, que devem estar desligados durante toda a prova, portanto, \u00e9 importante desativar alarmes antes de lacrar o envelope, que s\u00f3 pode ser aberto ap\u00f3s o t\u00e9rmino da prova e fora do local de aplica\u00e7\u00e3o. <\/p>\n\n\n\n<p>Ser\u00e3o eliminados os candidatos que portarem ou usarem dispositivos eletr\u00f4nicos ou materiais de consulta, bem como aqueles que se comunicarem com outros candidatos. <\/p>\n\n\n\n<p>Por fim, recomenda-se o uso de roupas e sapatos confort\u00e1veis, j\u00e1 que a prova ocorre em dois turnos e exige longos per\u00edodos sentados. Al\u00e9m disso, n\u00e3o ser\u00e1 permitido o uso de rel\u00f3gios, \u00f3culos escuros ou acess\u00f3rios como chap\u00e9us, bon\u00e9s, gorros ou protetores auriculares.<\/p>\n\n\n\n<p>Quer ingressar na carreira p\u00fablica?\u00a0<a href=\"https:\/\/www.novaconcursos.com.br\/portal\/concursos-abertos\/\">Confira os concursos abertos a n\u00edvel nacional!<\/a><\/p>\n\n\n\n<p><strong>Fiquem ligados na nossa p\u00e1gina para as pr\u00f3ximas not\u00edcias sobre o CNU 2025! ?<\/strong><\/p>","protected":false},"excerpt":{"rendered":"<p>O CNU 2025 (Concurso Nacional Unificado) est\u00e1 previsto para ter uma nova edi\u00e7\u00e3o at\u00e9 mar\u00e7o com a realiza\u00e7\u00e3o das provas em agosto, conforme afirma\u00e7\u00e3o da ministra da Gest\u00e3o e da Inova\u00e7\u00e3o em Servi\u00e7os P\u00fablicos (MGI), Esther Dweck. Vale ressaltar que as provas objetivas e discursivas do Enem dos concursos desta primeira edi\u00e7\u00e3o ser\u00e3o aplicadas neste [&hellip;]<\/p>\n","protected":false},"author":54687,"featured_media":247366,"comment_status":"closed","ping_status":"closed","sticky":false,"template":"","format":"standard","meta":{"_acf_changed":false,"footnotes":"","_wp_rev_ctl_limit":""},"categories":[228],"tags":[],"class_list":["post-247358","post","type-post","status-publish","format-standard","has-post-thumbnail","hentry","category-noticias"],"acf":[],"_links":{"self":[{"href":"https:\/\/www.novaconcursos.com.br\/portal\/wp-json\/wp\/v2\/posts\/247358","targetHints":{"allow":["GET"]}}],"collection":[{"href":"https:\/\/www.novaconcursos.com.br\/portal\/wp-json\/wp\/v2\/posts"}],"about":[{"href":"https:\/\/www.novaconcursos.com.br\/portal\/wp-json\/wp\/v2\/types\/post"}],"author":[{"embeddable":true,"href":"https:\/\/www.novaconcursos.com.br\/portal\/wp-json\/wp\/v2\/users\/54687"}],"replies":[{"embeddable":true,"href":"https:\/\/www.novaconcursos.com.br\/portal\/wp-json\/wp\/v2\/comments?post=247358"}],"version-history":[{"count":15,"href":"https:\/\/www.novaconcursos.com.br\/portal\/wp-json\/wp\/v2\/posts\/247358\/revisions"}],"predecessor-version":[{"id":247396,"href":"https:\/\/www.novaconcursos.com.br\/portal\/wp-json\/wp\/v2\/posts\/247358\/revisions\/247396"}],"wp:featuredmedia":[{"embeddable":true,"href":"https:\/\/www.novaconcursos.com.br\/portal\/wp-json\/wp\/v2\/media\/247366"}],"wp:attachment":[{"href":"https:\/\/www.novaconcursos.com.br\/portal\/wp-json\/wp\/v2\/media?parent=247358"}],"wp:term":[{"taxonomy":"category","embeddable":true,"href":"https:\/\/www.novaconcursos.com.br\/portal\/wp-json\/wp\/v2\/categories?post=247358"},{"taxonomy":"post_tag","embeddable":true,"href":"https:\/\/www.novaconcursos.com.br\/portal\/wp-json\/wp\/v2\/tags?post=247358"}],"curies":[{"name":"wp","href":"https:\/\/api.w.org\/{rel}","templated":true}]}}