{"id":24768,"date":"2015-08-21T11:06:05","date_gmt":"2015-08-21T14:06:05","guid":{"rendered":"http:\/\/www.novaconcursos.com.br\/portal\/?p=24768"},"modified":"2015-08-31T10:32:21","modified_gmt":"2015-08-31T13:32:21","slug":"cohab-minas-lanca-concurso-com-51-vagas-2015-08","status":"publish","type":"post","link":"https:\/\/www.novaconcursos.com.br\/portal\/noticias\/cohab-minas-lanca-concurso-com-51-vagas-2015-08\/","title":{"rendered":"Cohab Minas lan\u00e7a concurso com 51 vagas"},"content":{"rendered":"<p><a href=\"https:\/\/www.novaconcursos.com.br\/portal\/wp-content\/uploads\/2015\/08\/pro_cohab_reune.jpg\"><img decoding=\"async\" class=\"  wp-image-24771 alignright\" src=\"https:\/\/www.novaconcursos.com.br\/portal\/wp-content\/uploads\/2015\/08\/pro_cohab_reune.jpg\" alt=\"pro_cohab_reune\" width=\"302\" height=\"201\" loading=\"lazy\" title=\"\" srcset=\"https:\/\/www.novaconcursos.com.br\/portal\/wp-content\/uploads\/2015\/08\/pro_cohab_reune-300x200.jpg 300w, https:\/\/www.novaconcursos.com.br\/portal\/wp-content\/uploads\/2015\/08\/pro_cohab_reune.jpg 521w\" sizes=\"auto, (max-width: 480px) 100vw, (max-width: 768px) 100vw, (max-width: 1200px) 70vw, 768px\"><\/a>Saiu edital da Companhia de Habita\u00e7\u00e3o do Estado de Minas Gerais \u2013 Cohab Minas junto com a Funda\u00e7\u00e3o de Desenvolvimento da Pesquisa \u2013 FUNDEP com a miss\u00e3o de selecionar <strong>51 profissionais de n\u00edveis m\u00e9dio e superio<\/strong>r. Do total, 5 s\u00e3o reservadas para portadores de necessidades especiais.<\/p>\n<p><strong>Cargos e sal\u00e1rios<\/strong><br>\nAs oportunidades s\u00e3o para os empregos de agente de habita\u00e7\u00e3o\/assistente administrativo, mobilizador social, analista de habita\u00e7\u00e3o\/advogado e analista de demanda habitacional e os sal\u00e1rios variam de <strong>R$ 1.333,87 a R$ 3.068,97. <\/strong><\/p>\n<p><strong>Cronograma<\/strong><br>\nOs interessados podem se inscrever at\u00e9 o dia 28 de agosto de 2015, por meio do site da Gest\u00e3o de Concurso, organizadora do certame. As taxas s\u00e3o de R$ 50 (n\u00edvel m\u00e9dio) e R$ 90 (n\u00edvel superior).<\/p>\n<p>As provas est\u00e3o previstas para serem aplicadas no dia 20 de setembro de 2015, em Belo Horizonte e ter\u00e1 dura\u00e7\u00e3o de 4 horas. Os locais e hor\u00e1rios ainda ser\u00e3o divulgados.<\/p>\n<p>Para conferir mais informa\u00e7\u00f5es e baixar o edital, veja a p\u00e1gina do <strong><a href=\"https:\/\/www.novaconcursos.com.br\/portal\/concursos\/concurso-cohab-mg\/\">Concurso Cohab Minas<\/a><\/strong>!<\/p>\n<p>\u00a0<\/p>\n<hr><div>\n<div style=\"width: 310px; margin-left: 5px;\">\n<p><b>Apostila para esse cargo<\/b><\/p>\n<div style=\"float: left;\"><a href=\"https:\/\/www.novaconcursos.com.br\/apostila-concurso\/cohab-minas\" target=\"_blank\" rel=\"noopener noreferrer\"><img decoding=\"async\" style=\"background-color: blue;\" src=\"https:\/\/www.novaconcursos.com.br\/portal\/wp-content\/uploads\/2015\/08\/cohab-mg-assistente-adm.jpg\" alt=\"Apostila COHAB-MG\" loading=\"lazy\" title=\"\"><\/a><\/div>\n<div>\n<div style=\"width: 170px; height: 170px; float: right; margin-right: 10px; margin-left: 10px;\">\n<p><b><a href=\"https:\/\/www.novaconcursos.com.br\/apostila-concurso\/cohab-minas\" target=\"_blank\" rel=\"noopener noreferrer\">Apostila COHAB-MG<\/a><\/b><\/p>\n<p>Este produto est\u00e1 dispon\u00edvel nas vers\u00f5es impressa e digital.<\/p>\n<div>\n<p><a href=\"https:\/\/www.novaconcursos.com.br\/apostila-concurso\/cohab-minas\" target=\"_blank\" rel=\"noopener noreferrer\"><img decoding=\"async\" src=\"https:\/\/www.novaconcursos.com.br\/portal\/wp-content\/uploads\/2014\/12\/botao.jpg\" alt=\"https:\/\/www.novaconcursos.com.br\/apostila-concurso\/cohab-minas\" loading=\"lazy\" title=\"\"><\/a><\/p>\n<\/div>\n<\/div>\n<\/div>\n<\/div>\n<\/div>","protected":false},"excerpt":{"rendered":"<p>Saiu edital da Companhia de Habita\u00e7\u00e3o do Estado de Minas Gerais \u2013 Cohab Minas junto com a Funda\u00e7\u00e3o de Desenvolvimento da Pesquisa \u2013 FUNDEP com a miss\u00e3o de selecionar 51 profissionais de n\u00edveis m\u00e9dio e superior. Do total, 5 s\u00e3o reservadas para portadores de necessidades especiais. Cargos e sal\u00e1rios As oportunidades s\u00e3o para os empregos [&hellip;]<\/p>\n","protected":false},"author":16,"featured_media":24772,"comment_status":"closed","ping_status":"closed","sticky":false,"template":"","format":"standard","meta":{"_acf_changed":false,"footnotes":"","_wp_rev_ctl_limit":""},"categories":[228],"tags":[14497,14496,14498],"class_list":["post-24768","post","type-post","status-publish","format-standard","has-post-thumbnail","hentry","category-noticias","tag-analise-de-edital-cohab-minas","tag-concurso-cohab-minas","tag-edital-cohab-minas"],"acf":[],"_links":{"self":[{"href":"https:\/\/www.novaconcursos.com.br\/portal\/wp-json\/wp\/v2\/posts\/24768","targetHints":{"allow":["GET"]}}],"collection":[{"href":"https:\/\/www.novaconcursos.com.br\/portal\/wp-json\/wp\/v2\/posts"}],"about":[{"href":"https:\/\/www.novaconcursos.com.br\/portal\/wp-json\/wp\/v2\/types\/post"}],"author":[{"embeddable":true,"href":"https:\/\/www.novaconcursos.com.br\/portal\/wp-json\/wp\/v2\/users\/16"}],"replies":[{"embeddable":true,"href":"https:\/\/www.novaconcursos.com.br\/portal\/wp-json\/wp\/v2\/comments?post=24768"}],"version-history":[{"count":4,"href":"https:\/\/www.novaconcursos.com.br\/portal\/wp-json\/wp\/v2\/posts\/24768\/revisions"}],"predecessor-version":[{"id":25141,"href":"https:\/\/www.novaconcursos.com.br\/portal\/wp-json\/wp\/v2\/posts\/24768\/revisions\/25141"}],"wp:featuredmedia":[{"embeddable":true,"href":"https:\/\/www.novaconcursos.com.br\/portal\/wp-json\/wp\/v2\/media\/24772"}],"wp:attachment":[{"href":"https:\/\/www.novaconcursos.com.br\/portal\/wp-json\/wp\/v2\/media?parent=24768"}],"wp:term":[{"taxonomy":"category","embeddable":true,"href":"https:\/\/www.novaconcursos.com.br\/portal\/wp-json\/wp\/v2\/categories?post=24768"},{"taxonomy":"post_tag","embeddable":true,"href":"https:\/\/www.novaconcursos.com.br\/portal\/wp-json\/wp\/v2\/tags?post=24768"}],"curies":[{"name":"wp","href":"https:\/\/api.w.org\/{rel}","templated":true}]}}