{"id":24769,"date":"2015-08-21T16:15:16","date_gmt":"2015-08-21T19:15:16","guid":{"rendered":"http:\/\/www.novaconcursos.com.br\/portal\/?p=24769"},"modified":"2021-01-28T17:12:45","modified_gmt":"2021-01-28T20:12:45","slug":"o-que-cai-na-prova-sme-rj-2-2015-08","status":"publish","type":"post","link":"https:\/\/www.novaconcursos.com.br\/portal\/artigos\/o-que-cai-na-prova-sme-rj-2-2015-08\/","title":{"rendered":"O que cai na prova: SME-RJ"},"content":{"rendered":"<p><a href=\"https:\/\/www.novaconcursos.com.br\/portal\/wp-content\/uploads\/2015\/05\/SME-RJ.jpg\"><img decoding=\"async\" class=\"alignright size-medium wp-image-20767\" src=\"https:\/\/www.novaconcursos.com.br\/portal\/wp-content\/uploads\/2015\/05\/SME-RJ-300x198.jpg\" alt=\"SME-RJ.jpg\" width=\"300\" height=\"198\" loading=\"lazy\" title=\"\" srcset=\"https:\/\/www.novaconcursos.com.br\/portal\/wp-content\/uploads\/2015\/05\/SME-RJ-300x198.jpg 300w, https:\/\/www.novaconcursos.com.br\/portal\/wp-content\/uploads\/2015\/05\/SME-RJ.jpg 350w\" sizes=\"auto, (max-width: 480px) 100vw, (max-width: 768px) 100vw, (max-width: 1200px) 70vw, 768px\"><\/a>A Secretaria Municipal de Educa\u00e7\u00e3o do Rio de Janeiro lan\u00e7ou edital para o preenchimento de 470 oportunidades para professor. Para mais informa\u00e7\u00f5es sobre este concurso, acesse a p\u00e1gina do <strong><a href=\"https:\/\/www.novaconcursos.com.br\/portal\/concursos\/concurso-sme-rio\/\" target=\"_blank\" rel=\"noopener noreferrer\">Concurso da SME-RJ<\/a><\/strong>.<\/p>\n<p><strong><u><a href=\"https:\/\/www.novaconcursos.com.br\/apostila-concurso\/sme-rj-secretaria-municipal-de-educacao-do-rio-de-janeiro\">Apostila SME-RJ para professor!<\/a><\/u><\/strong><\/p>\n<p><strong>Conte\u00fado program\u00e1tico<\/strong><\/p>\n<p><em>\u2013 L\u00edngua portuguesa:<\/em> compreens\u00e3o de textos, sem\u00e2ntica, ortografia, acentua\u00e7\u00e3o, uso do h\u00edfen, sintaxe, concord\u00e2ncia, reg\u00eancia, crase, forma\u00e7\u00e3o de palavras, classes gramaticais, morfologia, flex\u00e3o verbal, flex\u00e3o nominal, coer\u00eancia, coes\u00e3o, pontua\u00e7\u00e3o, adequa\u00e7\u00e3o da l\u00edngua, figuras de linguagem.<\/p>\n<p><em>\u2013 Matem\u00e1tica:<\/em> opera\u00e7\u00f5es com n\u00fameros reais, problemas envolvendo as 4 opera\u00e7\u00f5es, regra de tr\u00eas simples, porcentagem, princ\u00edpio multiplicativo, equa\u00e7\u00f5es e sistemas de 1\u00ba grau, espa\u00e7o e forma, grandezas e mediddas, proporcionalidade.<\/p>\n<p><em>\u2013 Hist\u00f3ria:<\/em> transforma\u00e7\u00f5es e perman\u00eancias, diferen\u00e7as socioculturaisdos espa\u00e7os sociais, forma\u00e7\u00e3o hist\u00f3rica brasileira, influ\u00eancias da hist\u00f3ria nas formas de conviv\u00eancia e organiza\u00e7\u00e3o social do presente e do passado, rela\u00e7\u00f5es sociais de trabalho ao longo da hist\u00f3ria, espa\u00e7o e sociedade no munic\u00edpio do Rio de Janeiro.<\/p>\n<p><em>\u2013 Geografia:<\/em> a educa\u00e7\u00e3o geogr\u00e1fica e o ensino fundamental, os processos da din\u00e2mica natural, aproveitamento econ\u00f4mico, gest\u00e3o e uso dos recursos naturais, problemas ambientais resultantes r as iniciativas para a conserva\u00e7\u00e3o do meio ambiente, fundamentos de cartografia, distribui\u00e7\u00e3o espacial a popula\u00e7\u00e3o, fontes de energia e quest\u00f5es ambientais, processos de mundializa\u00e7\u00e3o da economia capitalista, meio ambiente urbano, com\u00e9rcio internacional e a integra\u00e7\u00e3o do Brasil \u00e0 economia mundial, caracter\u00edsticas da organiza\u00e7\u00e3o dos espa\u00e7o fluminense e da regi\u00e3o metropolitana fluminense, geografia regional do mundo.<\/p>\n<p><em>\u2013 Ci\u00eancias:<\/em> educa\u00e7\u00e3o em ci\u00eancias, origens da vida, seres vivos, biologia celular, gen\u00e9tica b\u00e1sica, ser humano e sa\u00fade, universo, sistema solar e planeta terra, mat\u00e9ria, fundamentos da f\u00edsica.<\/p>\n<p><em>\u2013 Conhecimentos espec\u00edficos:<\/em> organiza\u00e7\u00e3o do tempo e do espa\u00e7o na educa\u00e7\u00e3o infantil, curr\u00edculo da educa\u00e7\u00e3o infantil, inf\u00e2ncia e desenvolvimento humano, intera\u00e7\u00f5es e processos de aprendizagem em crian\u00e7as pequenas, o brincar na educa\u00e7\u00e3o.<\/p>\n<p>\u00a0<\/p>\n<p><strong>Crit\u00e9rios de desempate<\/strong><\/p>\n<p>Os crit\u00e9rios de desempate adotados pela banca organizadora:<\/p>\n<p>a) maior nota da prova objetiva;<br>\nb) maior nota na prova discursiva;<br>\nc) maior nota na prova de l\u00edngua portuguesa;<br>\nd) o mais idoso.<\/p>\n<p>\u00a0<\/p>\n<hr><div>\n<div style=\"width: 310px; margin-left: 5px;\">\n<p><b>Apostila para esse cargo<\/b><\/p>\n<div style=\"float: left;\"><a href=\"https:\/\/www.novaconcursos.com.br\/apostila-concurso\/sme-rj-secretaria-municipal-de-educacao-do-rio-de-janeiro\" target=\"_blank\" rel=\"noopener noreferrer\"><img decoding=\"async\" style=\"background-color: blue;\" src=\"https:\/\/www.novaconcursos.com.br\/portal\/wp-content\/uploads\/2015\/08\/sme-rj-professor.jpg\" alt=\"Apostila SME-RJ\" loading=\"lazy\" title=\"\"><\/a><\/div>\n<div>\n<div style=\"width: 170px; height: 170px; float: right; margin-right: 10px; margin-left: 10px;\">\n<p><b><a href=\"https:\/\/www.novaconcursos.com.br\/apostila-concurso\/sme-rj-secretaria-municipal-de-educacao-do-rio-de-janeiro\" target=\"_blank\" rel=\"noopener noreferrer\">Apostila SME-RJ<\/a><\/b><\/p>\n<p>Este produto est\u00e1 dispon\u00edvel nas vers\u00f5es digital e impressa.<\/p>\n<div>\n<p><a href=\"https:\/\/www.novaconcursos.com.br\/apostila-concurso\/sme-rj-secretaria-municipal-de-educacao-do-rio-de-janeiro\" target=\"_blank\" rel=\"noopener noreferrer\"><img decoding=\"async\" src=\"https:\/\/www.novaconcursos.com.br\/portal\/wp-content\/uploads\/2014\/12\/botao.jpg\" alt=\"https:\/\/www.novaconcursos.com.br\/apostila-concurso\/sme-rj-secretaria-municipal-de-educacao-do-rio-de-janeiro\" loading=\"lazy\" title=\"\"><\/a><\/p>\n<\/div>\n<\/div>\n<\/div>\n<\/div>\n<\/div>","protected":false},"excerpt":{"rendered":"<p>A Secretaria Municipal de Educa\u00e7\u00e3o do Rio de Janeiro lan\u00e7ou edital para o preenchimento de 470 oportunidades para professor. Para mais informa\u00e7\u00f5es sobre este concurso, acesse a p\u00e1gina do Concurso da SME-RJ. Apostila SME-RJ para professor! Conte\u00fado program\u00e1tico \u2013 L\u00edngua portuguesa: compreens\u00e3o de textos, sem\u00e2ntica, ortografia, acentua\u00e7\u00e3o, uso do h\u00edfen, sintaxe, concord\u00e2ncia, reg\u00eancia, crase, forma\u00e7\u00e3o [&hellip;]<\/p>\n","protected":false},"author":16,"featured_media":24704,"comment_status":"closed","ping_status":"closed","sticky":false,"template":"","format":"standard","meta":{"_acf_changed":false,"footnotes":"","_wp_rev_ctl_limit":""},"categories":[33508],"tags":[7509,13695],"class_list":["post-24769","post","type-post","status-publish","format-standard","has-post-thumbnail","hentry","category-artigos","tag-concurso-sme-rj","tag-o-que-cai-na-prova-sme-rj"],"acf":[],"_links":{"self":[{"href":"https:\/\/www.novaconcursos.com.br\/portal\/wp-json\/wp\/v2\/posts\/24769","targetHints":{"allow":["GET"]}}],"collection":[{"href":"https:\/\/www.novaconcursos.com.br\/portal\/wp-json\/wp\/v2\/posts"}],"about":[{"href":"https:\/\/www.novaconcursos.com.br\/portal\/wp-json\/wp\/v2\/types\/post"}],"author":[{"embeddable":true,"href":"https:\/\/www.novaconcursos.com.br\/portal\/wp-json\/wp\/v2\/users\/16"}],"replies":[{"embeddable":true,"href":"https:\/\/www.novaconcursos.com.br\/portal\/wp-json\/wp\/v2\/comments?post=24769"}],"version-history":[{"count":7,"href":"https:\/\/www.novaconcursos.com.br\/portal\/wp-json\/wp\/v2\/posts\/24769\/revisions"}],"predecessor-version":[{"id":117377,"href":"https:\/\/www.novaconcursos.com.br\/portal\/wp-json\/wp\/v2\/posts\/24769\/revisions\/117377"}],"wp:featuredmedia":[{"embeddable":true,"href":"https:\/\/www.novaconcursos.com.br\/portal\/wp-json\/wp\/v2\/media\/24704"}],"wp:attachment":[{"href":"https:\/\/www.novaconcursos.com.br\/portal\/wp-json\/wp\/v2\/media?parent=24769"}],"wp:term":[{"taxonomy":"category","embeddable":true,"href":"https:\/\/www.novaconcursos.com.br\/portal\/wp-json\/wp\/v2\/categories?post=24769"},{"taxonomy":"post_tag","embeddable":true,"href":"https:\/\/www.novaconcursos.com.br\/portal\/wp-json\/wp\/v2\/tags?post=24769"}],"curies":[{"name":"wp","href":"https:\/\/api.w.org\/{rel}","templated":true}]}}