{"id":248519,"date":"2024-08-26T14:02:07","date_gmt":"2024-08-26T17:02:07","guid":{"rendered":"https:\/\/www.novaconcursos.com.br\/portal\/?p=248519"},"modified":"2024-08-26T14:08:45","modified_gmt":"2024-08-26T17:08:45","slug":"agencias-reguladoras-fecham-acordo-governo-reestruturacao-carreiras","status":"publish","type":"post","link":"https:\/\/www.novaconcursos.com.br\/portal\/noticias\/agencias-reguladoras-fecham-acordo-governo-reestruturacao-carreiras\/","title":{"rendered":"Ag\u00eancias Reguladoras fecham acordo com governo para reestrutura\u00e7\u00e3o das carreiras"},"content":{"rendered":"<p>\u00d3tima not\u00edcia para os servidores ativos das <a href=\"https:\/\/www.novaconcursos.com.br\/portal\/concursos\/concurso-anatel\/\">Ag\u00eancias Reguladoras<\/a> e futuros ingressantes. <\/p>\n\n\n\n<p>O governo federal, por meio do <strong>Minist\u00e9rio da Gest\u00e3o e da Inova\u00e7\u00e3o em Servi\u00e7os P\u00fablicos (MGI)<\/strong>, assinou um acordo que prev\u00ea reestrutura\u00e7\u00e3o das carreiras e do plano especial de cargos das Ag\u00eancias Reguladoras. <\/p>\n\n\n\n<p>Dentre v\u00e1rios aspectos, o firmamento prev\u00ea <strong>reajuste salarial <\/strong>em duas etapas ,sendo a primeira em janeiro de 2025 e a segunda em abril de 2026.\u00a0<\/p>\n\n\n\n<p>Quer saber o novo vencimento b\u00e1sico dos cargos das<em> Ag\u00eancias Reguladoras<\/em>? Continue comigo! <\/p>\n\n\n\n<h2 class=\"wp-block-heading\" id=\"servidores-de-agncias-reguladoras-tero-reajuste-salarial-de-\">Servidores de Ag\u00eancias Reguladoras ter\u00e3o reajuste salarial de 27% <\/h2>\n\n\n\n<p>Por meio do MGI, o governo federal assinou no dia 20 de agosto de 2024, um termo de acordo de <a href=\"https:\/\/agenciagov.ebc.com.br\/noticias\/202408\/governo-fecha-acordo-com-servidores-das-agencias-reguladoras#:~:text=Governo%20fecha%20acordo%20com%20servidores%20das%20ag%C3%AAncias%20reguladoras,-Negocia%C3%A7%C3%A3o%20foi%20liderada&amp;text=O%20acordo%20assinado%20prev%C3%AA%20reestrutura%C3%A7%C3%A3o,segunda%20em%20abril%20de%202026.\" target=\"_blank\" rel=\"noreferrer noopener\">reestrutura\u00e7\u00e3o das carreiras e do plano especial de cargos das Ag\u00eancias Reguladoras.<\/a><\/p>\n\n\n\n<p>O acordo prev\u00ea reajuste salarial de 27% para os servidores de carreira e de 15,5% para os do Plano Especial de Cargos (PECs). O reajuste ser\u00e1 pago em janeiro de 2025 e abril de 2026.\u00a0<\/p>\n\n\n\n<p>Al\u00e9m do sal\u00e1rio, o <strong>acordo<\/strong> tamb\u00e9m prev\u00ea: <\/p>\n\n\n\n<ul class=\"wp-block-list\"><li>Alongamento da tabela remunerat\u00f3ria, passando de 13 para 20 padr\u00f5es e de tr\u00eas para quatro classes, sendo duas no final da classe Especial e cinco na classe Inicial, para as carreiras de:  Regula\u00e7\u00e3o e Fiscaliza\u00e7\u00e3o, Especialista; Analista Administrativo; Suporte \u00e0 Regula\u00e7\u00e3o e Fiscaliza\u00e7\u00e3o e T\u00e9cnico Administrativo. <\/li>\n\n\n\n<li>Reposicionamento dos atuais servidores dois padr\u00f5es acima do atualmente ocupado.<\/li>\n\n\n\n<li>Para os Planos Especiais de Cargos,manuten\u00e7\u00e3o da atual tabela, com ajustes nos padr\u00f5es (cinco padr\u00f5es em cada classe).\u00a0<\/li>\n\n\n\n<li>Servidores da Ag\u00eancia Nacional de Minera\u00e7\u00e3o (ANM) ser\u00e3o contemplados integralmente, com estrutura remunerat\u00f3ria das carreiras transformada em subs\u00eddio em janeiro de 2025.<\/li>\n<\/ul><p>No mais, o governo federal comprometeu-se a criar um <strong>Grupo de Trabalho (GT)<\/strong>, em um prazo de 180 dias, a partir de  novembro de 2024, com o objetivo de debater outros pontos n\u00e3o remunerat\u00f3rios, como: <\/p>\n\n\n\n<ul class=\"wp-block-list\"><li>Nomenclatura dos cargos da carreira, <\/li>\n\n\n\n<li>Requisitos de ingresso para os cargos de n\u00edvel intermedi\u00e1rio; <\/li>\n\n\n\n<li>Crit\u00e9rios para progress\u00e3o e promo\u00e7\u00e3o na carreira. <\/li>\n<\/ul><p>Estude para o concurso dos seus sonhos com o\u00a0M\u00e9todo\u00a0que j\u00e1 ajudou na\u00a0aprova\u00e7\u00e3o de mais de 70 mil alunos!\u00a0<a href=\"https:\/\/www.novaconcursos.com.br\/eventos\/assinatura\/?promo_creative=Clique+aqui&amp;promo_name=noticia&amp;promo_id=%2Fportal%2Fnoticias%2Fedital-mp-sp-novas-regras-analista&amp;promo_position=corpo-texto\" target=\"_blank\" rel=\"noreferrer noopener\">Clique aqui<\/a>\u00a0e saiba mais!<\/p>\n\n\n\n<h3 class=\"wp-block-heading\">Como ficar\u00e1 o sal\u00e1rio das ag\u00eancias reguladoras com o acordo? <\/h3>\n\n\n\n<p>Assim sendo, o anexo I do acordo destaca os novos subs\u00eddios: <\/p>\n\n\n\n<h4 class=\"wp-block-heading\"><strong><em>Carreira de Suporte \u00e0 Regula\u00e7\u00e3o e Fiscaliza\u00e7\u00e3o <\/em><\/strong><\/h4>\n\n\n\n<ul class=\"wp-block-list\"><li>2025: iniciais de R$ 8.05,32 at\u00e9 R$ 13.465,91 <\/li>\n\n\n\n<li>2026: R$ 8.697,59 at\u00e9 R$ 14.543,18<\/li>\n<\/ul><h4 class=\"wp-block-heading\"><strong><em>T\u00e9cnico Administrativo <\/em><\/strong><\/h4>\n\n\n\n<ul class=\"wp-block-list\"><li>2025: R$ 7.648,12 com finais de R$ 13.005,64<\/li>\n\n\n\n<li>2026: iniciais de R$ 8.206,02 at\u00e9 R$ 14.046,10<\/li>\n<\/ul><h4 class=\"wp-block-heading\"><strong><em>N\u00edvel superior <\/em><\/strong><\/h4>\n\n\n\n<ul class=\"wp-block-list\"><li>2025: R$ 12.852,26 at\u00e9 R$ 19.258,62<\/li>\n\n\n\n<li>2026: R$ 13.495,07 at\u00e9 R$ 20.221,65<\/li>\n<\/ul><h4 class=\"wp-block-heading\"><strong><em>N\u00edvel intermedi\u00e1rio (ensino m\u00e9dio) <\/em><\/strong><\/h4>\n\n\n\n<ul class=\"wp-block-list\"><li>2025: R$ 6.241,74 at\u00e9 R$ 11.064,00<\/li>\n\n\n\n<li>2026: R$ 6.554,18 at\u00e9 R$ 11.617,25<\/li>\n<\/ul><h4 class=\"wp-block-heading\"><strong><em>Analista Administrativo<\/em><\/strong><\/h4>\n\n\n\n<ul class=\"wp-block-list\"><li>2025: R$ 15.050,25 at\u00e9 R$ 25.075,89<\/li>\n\n\n\n<li>2026: R$ 16.254,27 at\u00e9 R$ 27.081,95 <\/li>\n<\/ul><p>Vale destacar que a proposta foi acordada em Assembleia, com a presen\u00e7a de <strong>2,8 mil participantes,<\/strong> servidores das ag\u00eancias. <\/p>\n\n\n\n<p>A proposta foi aprovada por 69% dos servidores que participaram da assembleia. No total, segundo o Sinag\u00eancias (Sindicato Nacional dos Servidores das Ag\u00eancias Nacionais de Regula\u00e7\u00e3o), foram 1.969 votos a favor, 868 contra e 23 absten\u00e7\u00f5es.<\/p>\n\n\n\n<p><em>\u201cPor mais que o acordo final ainda n\u00e3o atenda todos os anseios da categoria, o resultado da nossa assembleia representa uma vit\u00f3ria mai\u00fascula para os servidores das ag\u00eancias reguladoras. N\u00f3s conseguimos a segunda melhor proposta entre as mais de 60 mesas abertas pelo governo, e isso n\u00e3o \u00e9 pouca coisa\u201d,<\/em> destacou Fabio Rosa, presidente do Sinag\u00eancias. <\/p>\n\n\n\n\n\n<p><\/p>\n\n\n\n<h2 class=\"wp-block-heading\" id=\"agncias-reguladoras-concursos-previstos-\">Ag\u00eancias Reguladoras: concursos previstos <\/h2>\n\n\n\n<p>O pa\u00eds conta atualmente com <a href=\"https:\/\/www.planalto.gov.br\/ccivil_03\/_ato2019-2022\/2019\/lei\/l13848.htm\" target=\"_blank\" rel=\"noreferrer noopener\">11 ag\u00eancias reguladoras<\/a>, respons\u00e1veis por diversos setores da economia, sendo elas: <\/p>\n\n\n\n<p>Ag\u00eancia Nacional de \u00c1guas (ANA),<\/p>\n\n\n\n<p>Ag\u00eancia Nacional de Avia\u00e7\u00e3o Civil (Anac);<\/p>\n\n\n\n<p>Ancine;<\/p>\n\n\n\n<p>Aneel;<\/p>\n\n\n\n<p>ANM;<\/p>\n\n\n\n<p>ANP;<\/p>\n\n\n\n<p>ANS;<\/p>\n\n\n\n<p>Anatel;<\/p>\n\n\n\n<p>Antaq;<\/p>\n\n\n\n<p>ANTT;<\/p>\n\n\n\n<p>Ag\u00eancia Nacional de Vigil\u00e2ncia Sanit\u00e1ria (Anvisa).\u00a0<\/p>\n\n\n\n<p>Assim sendo, a <a href=\"https:\/\/www.novaconcursos.com.br\/portal\/concursos\/concurso-anvisa\/\">Anvisa,<\/a> solicitou ao Minist\u00e9rio da Gest\u00e3o e Inova\u00e7\u00e3o, a autoriza\u00e7\u00e3o para um novo certame, para o provimento de <strong>91 vagas de n\u00edveis m\u00e9dio e superior<\/strong>. <\/p>\n\n\n\n<ul class=\"wp-block-list\"><li>Especialista em Regula\u00e7\u00e3o e Vigil\u00e2ncia Sanit\u00e1ria: 10 vagas,<\/li>\n\n\n\n<li>Analista Administrativo: 18 vagas;<\/li>\n\n\n\n<li>T\u00e9cnico em Regula\u00e7\u00e3o e Vigil\u00e2ncia Sanit\u00e1ria: 8; e <\/li>\n\n\n\n<li>T\u00e9cnico Administrativo: 55. <\/li>\n<\/ul><p>J\u00e1 a <a href=\"https:\/\/www.novaconcursos.com.br\/portal\/concursos\/concurso-antt\/\">Ag\u00eancia Nacional de Transportes Terrestres (ANTT)<\/a>, tamb\u00e9m encaminhou um pedido em maio deste ano, com o objetivo de contemplar 343 vagas: <\/p>\n\n\n\n<ul class=\"wp-block-list\"><li><strong>N\u00edvel m\u00e9dio<\/strong>\n<ul class=\"wp-block-list\"><li>219 vagas para T\u00e9cnico em Regula\u00e7\u00e3o de Servi\u00e7os e Transportes, <\/li>\n<\/ul><\/li>\n\n\n\n<li><strong>N\u00edvel superior<\/strong>\n<ul class=\"wp-block-list\"><li>75 vagas para Especialista em Regula\u00e7\u00e3o de Servi\u00e7os de Transportes Terrestres; <\/li>\n\n\n\n<li>49 para Analista Administrativo. <\/li>\n<\/ul><\/li>\n<\/ul><p>Por fim, a<a href=\"https:\/\/www.novaconcursos.com.br\/portal\/concursos\/concurso-anac\/\"> ANAC, Ag\u00eancia Nacional de Avia\u00e7\u00e3o Civil, <\/a>confirmou que encaminhou um pedido e aguarda autoriza\u00e7\u00e3o. \u00a0<\/p>\n\n\n\n<p>A solicita\u00e7\u00e3o \u00e9 \u00a0<strong>476 vagas\u00a0<\/strong>imediatas de n\u00edveis m\u00e9dio e superior. <\/p>\n\n\n\n<ul class=\"wp-block-list\"><li>Analista Administrativo: 89 vagas;<\/li>\n\n\n\n<li>Especialista em Regula\u00e7\u00e3o de Avia\u00e7\u00e3o Civil: 176 vagas;<\/li>\n\n\n\n<li>T\u00e9cnico Administrativo): 58; e<\/li>\n\n\n\n<li>T\u00e9cnico em Regula\u00e7\u00e3o de Avia\u00e7\u00e3o Civil: 153. <\/li>\n<\/ul><p><\/p>\n\n\n\n<h3 class=\"wp-block-heading\">Autoriza\u00e7\u00e3o <\/h3>\n\n\n\n<p>Vale destacar que at\u00e9 o momento, o governo federal j\u00e1 autorizou para o provimento de vagas na ANA, Anac, Aneel, ANM, ANS, Anatel, Antaq, ANTT e Anvisa.<\/p>\n\n\n\n<ul class=\"wp-block-list\"><li><strong>Confira:<\/strong> <a href=\"https:\/\/www.novaconcursos.com.br\/livro\/questoes-gabaritadas-cebraspe\">Livro 1.000 Quest\u00f5es Gabaritadas da CEBRASPE<\/a><\/li>\n<\/ul><p>A <a href=\"https:\/\/www.novaconcursos.com.br\/portal\/concursos\/concurso-anm\/\">ANM<\/a> j\u00e1 conta inclusive com banca definida, sendo o Cebraspe escolhido. <\/p>\n\n\n\n<p>\u00a0Ser\u00e3o<strong> 220 vagas<\/strong>\u00a0para os seguintes cargos:<\/p>\n\n\n\n<ul class=\"wp-block-list\"><li>Especialistas em Recursos Minerais \u2013 180 vagas; e<\/li>\n\n\n\n<li>Analista Administrativo \u2013 40 vagas.<\/li>\n<\/ul><p>A expectativa \u00e9 que o <strong>edital seja publicado<\/strong> at\u00e9 dezembro de 2024. <\/p>\n\n\n\n<p><a href=\"https:\/\/www.novaconcursos.com.br\/portal\/noticias\/agencias-reguladoras-apontam-deficit-solicitam-pessoal\/\">Ag\u00eancias Reguladoras apontam d\u00e9ficit de mais 60% de pessoal<\/a><\/p>\n\n\n\n<p>\u00a0<\/p>","protected":false},"excerpt":{"rendered":"<p>\u00d3tima not\u00edcia para os servidores ativos das Ag\u00eancias Reguladoras e futuros ingressantes. O governo federal, por meio do Minist\u00e9rio da Gest\u00e3o e da Inova\u00e7\u00e3o em Servi\u00e7os P\u00fablicos (MGI), assinou um acordo que prev\u00ea reestrutura\u00e7\u00e3o das carreiras e do plano especial de cargos das Ag\u00eancias Reguladoras. Dentre v\u00e1rios aspectos, o firmamento prev\u00ea reajuste salarial em duas [&hellip;]<\/p>\n","protected":false},"author":54664,"featured_media":248521,"comment_status":"closed","ping_status":"closed","sticky":false,"template":"","format":"standard","meta":{"_acf_changed":false,"footnotes":"","_wp_rev_ctl_limit":""},"categories":[228],"tags":[],"class_list":["post-248519","post","type-post","status-publish","format-standard","has-post-thumbnail","hentry","category-noticias"],"acf":[],"_links":{"self":[{"href":"https:\/\/www.novaconcursos.com.br\/portal\/wp-json\/wp\/v2\/posts\/248519","targetHints":{"allow":["GET"]}}],"collection":[{"href":"https:\/\/www.novaconcursos.com.br\/portal\/wp-json\/wp\/v2\/posts"}],"about":[{"href":"https:\/\/www.novaconcursos.com.br\/portal\/wp-json\/wp\/v2\/types\/post"}],"author":[{"embeddable":true,"href":"https:\/\/www.novaconcursos.com.br\/portal\/wp-json\/wp\/v2\/users\/54664"}],"replies":[{"embeddable":true,"href":"https:\/\/www.novaconcursos.com.br\/portal\/wp-json\/wp\/v2\/comments?post=248519"}],"version-history":[{"count":55,"href":"https:\/\/www.novaconcursos.com.br\/portal\/wp-json\/wp\/v2\/posts\/248519\/revisions"}],"predecessor-version":[{"id":248607,"href":"https:\/\/www.novaconcursos.com.br\/portal\/wp-json\/wp\/v2\/posts\/248519\/revisions\/248607"}],"wp:featuredmedia":[{"embeddable":true,"href":"https:\/\/www.novaconcursos.com.br\/portal\/wp-json\/wp\/v2\/media\/248521"}],"wp:attachment":[{"href":"https:\/\/www.novaconcursos.com.br\/portal\/wp-json\/wp\/v2\/media?parent=248519"}],"wp:term":[{"taxonomy":"category","embeddable":true,"href":"https:\/\/www.novaconcursos.com.br\/portal\/wp-json\/wp\/v2\/categories?post=248519"},{"taxonomy":"post_tag","embeddable":true,"href":"https:\/\/www.novaconcursos.com.br\/portal\/wp-json\/wp\/v2\/tags?post=248519"}],"curies":[{"name":"wp","href":"https:\/\/api.w.org\/{rel}","templated":true}]}}