{"id":249638,"date":"2024-09-03T09:18:03","date_gmt":"2024-09-03T12:18:03","guid":{"rendered":"https:\/\/www.novaconcursos.com.br\/portal\/?p=249638"},"modified":"2024-09-03T09:24:53","modified_gmt":"2024-09-03T12:24:53","slug":"concursos-publicos-ploa-2025","status":"publish","type":"post","link":"https:\/\/www.novaconcursos.com.br\/portal\/noticias\/concursos-publicos-ploa-2025\/","title":{"rendered":"PLOA 2025 prev\u00ea mais de 63 mil vagas em concursos p\u00fablicos!"},"content":{"rendered":"<p>Os<strong> <a href=\"https:\/\/www.novaconcursos.com.br\/portal\/concursos-abertos\/\">concursos p\u00fablicos<\/a> tem a previs\u00e3o de mais de 63 mil vagas <\/strong>para serem ofertadas conforme o PLOA 2025 (Projeto de Lei Or\u00e7ament\u00e1ria Anual).<\/p>\n\n\n\n<p>O projeto est\u00e1 em an\u00e1lise na Comiss\u00e3o Mista do Congresso, onde poder\u00e1 receber emendas e ajustes antes de ser votado em sess\u00e3o conjunta da C\u00e2mara dos Deputados e do Senado Federal, com a expectativa de que a vota\u00e7\u00e3o ocorra at\u00e9 dezembro.<\/p>\n\n\n\n<p>Se interessa por concursos p\u00fablicos e quer ficar por dentro de todas as not\u00edcias? Acompanhe a nossa p\u00e1gina e mantenha-se sempre informado!<\/p>\n\n\n\n<h2 class=\"wp-block-heading\" id=\"quantas-vagas-esto-previstas-para-ser-ofertadas-em-concursos\">Quantas vagas est\u00e3o previstas para ser ofertadas em concursos p\u00fablicos conforme o PLOA 2025?<\/h2>\n\n\n\n<p>O Poder Executivo federal enviou ao Congresso Nacional, na \u00faltima sexta-feira, 30 de agosto, o Projeto de Lei Or\u00e7ament\u00e1ria Anual para 2025. <\/p>\n\n\n\n<p>A proposta estabelece as despesas previstas para o pr\u00f3ximo ano e inclui uma previs\u00e3o significativa de vagas para concursos p\u00fablicos: mais de 63 mil oportunidades distribu\u00eddas entre os poderes Executivo, Legislativo e Judici\u00e1rio, al\u00e9m do Minist\u00e9rio P\u00fablico da Uni\u00e3o (MPU).<\/p>\n\n\n\n<p>Segundo o anexo V do PLOA, o documento destina or\u00e7amento para a cria\u00e7\u00e3o e provimento de cargos ao longo de 2025, contemplando 57.814 vagas para provimento e 5.952 para cria\u00e7\u00e3o de novos cargos, totalizando <strong>63.766 oportunidades<\/strong> a serem ofertadas em concursos p\u00fablicos.<\/p>\n\n\n\n<p>Antes de entrar em vigor, o PLOA precisar\u00e1 ser aprovado pelo Congresso Nacional e sancionado pela Presid\u00eancia da Rep\u00fablica. <\/p>\n\n\n\n<h3 class=\"wp-block-heading\">Distribui\u00e7\u00e3o das vagas<\/h3>\n\n\n\n<p>O PLOA 2025 traz importantes previs\u00f5es para o preenchimento de vagas no servi\u00e7o p\u00fablico brasileiro, divididas entre os tr\u00eas poderes da Rep\u00fablica, al\u00e9m da Defensoria P\u00fablica da Uni\u00e3o e do Minist\u00e9rio P\u00fablico da Uni\u00e3o. <\/p>\n\n\n\n<ul class=\"wp-block-list\"><li>Poder Executivo: 58.269 vagas, sendo 53.599 para provimento e 4.670 para cria\u00e7\u00e3o<\/li>\n\n\n\n<li>Poder Judici\u00e1rio: 4.673 vagas, sendo 3.524 para provimento e 1.149 para cria\u00e7\u00e3o<\/li>\n\n\n\n<li>Poder Legislativo: 416 vagas, sendo todas para provimento<\/li>\n\n\n\n<li>Defensoria P\u00fablica da Uni\u00e3o: 134  vagas, sendo 43 para provimento e 91 para cria\u00e7\u00e3o<\/li>\n\n\n\n<li>Minist\u00e9rio P\u00fablico da Uni\u00e3o: 274 vagas, sendo 232 para provimento e 42 para cria\u00e7\u00e3o.<\/li>\n<\/ul><p>\u00c9 importante destacar que essas previs\u00f5es n\u00e3o garantem a abertura das vagas, pois dependem de aprova\u00e7\u00f5es e poss\u00edveis vetos. Al\u00e9m disso, o n\u00famero de vagas a serem ofertadas em concursos p\u00fablicos podem sofrer altera\u00e7\u00f5es para mais ou para menos ao longo do processo legislativo. <\/p>\n\n\n\n<p>Portanto, as previs\u00f5es or\u00e7ament\u00e1rias servem como uma base para o planejamento, mas o cen\u00e1rio final depender\u00e1 das delibera\u00e7\u00f5es do governo e das necessidades identificadas ao longo do pr\u00f3ximo ano.<\/p>\n\n\n\n<h2 class=\"wp-block-heading\" id=\"verba-destinada-realizao-de-concursos-pblicos\">Verba destinada \u00e0 realiza\u00e7\u00e3o de concursos p\u00fablicos<\/h2>\n\n\n\n<p>Em rela\u00e7\u00e3o aos concursos p\u00fablicos, o secret\u00e1rio de Or\u00e7amento Federal do Minist\u00e9rio do Planejamento e Or\u00e7amento, Clayton Montes, informou que o governo federal est\u00e1 reservando <strong>R$ 2 bilh\u00f5es<\/strong> para a realiza\u00e7\u00e3o de novos editais. <\/p>\n\n\n\n<p>Contudo, o secret\u00e1rio n\u00e3o especificou o n\u00famero de vagas que ser\u00e3o contempladas por esses novos concursos p\u00fablicos, afirmando que depender\u00e1 das autoriza\u00e7\u00f5es realizadas ao longo de 2024.<\/p>\n\n\n\n<p>A expectativa do governo \u00e9 que, at\u00e9 o final do terceiro mandato do presidente Lula, sejam abertas mais de 20 mil novas vagas, considerando os concursos p\u00fablicos j\u00e1 autorizados entre 2023 e 2024. <\/p>\n\n\n\n<p>Com o envio do PLOA ao Congresso, o pa\u00eds aguarda agora os pr\u00f3ximos passos para a aprova\u00e7\u00e3o do or\u00e7amento, que determinar\u00e1 as diretrizes financeiras do governo federal para o pr\u00f3ximo ano e definir\u00e1 o futuro dos concursos p\u00fablicos no Brasil.<\/p>\n\n\n\n<ul class=\"wp-block-list\"><li><strong>Confira: <\/strong><a href=\"https:\/\/www.novaconcursos.com.br\/apostila\/basico-concurso\">Apostila B\u00e1sico para Concursos<\/a><\/li>\n<\/ul><p>Estude para o concurso dos seus sonhos com o\u00a0M\u00e9todo\u00a0que j\u00e1 ajudou na\u00a0aprova\u00e7\u00e3o de mais de 70 mil alunos!\u00a0<a href=\"https:\/\/www.novaconcursos.com.br\/eventos\/assinatura\/?promo_creative=Clique+aqui&amp;promo_name=concurso&amp;promo_id=%2Fportal%2Fconcursos%2Fconcurso-mte&amp;promo_position=corpo-texto\" target=\"_blank\" rel=\"noreferrer noopener\">Clique aqui<\/a>\u00a0e saiba mais!<\/p>\n\n\n\n<h2 class=\"wp-block-heading\" id=\"qual-o-valor-do-salrio-mnimo-previsto-para-2025\">Qual \u00e9 o valor do sal\u00e1rio m\u00ednimo previsto para 2025?<\/h2>\n\n\n\n<p>O Projeto de Lei Or\u00e7ament\u00e1ria Anual, recentemente apresentado pelo governo federal, inclui uma s\u00e9rie de metas econ\u00f4micas com foco em um equil\u00edbrio fiscal e na valoriza\u00e7\u00e3o do poder de compra dos trabalhadores. <\/p>\n\n\n\n<p>Entre os destaques do PLOA est\u00e1 o compromisso com um resultado prim\u00e1rio zero, o que significa que o governo pretende equilibrar as receitas e despesas, sem gerar d\u00e9ficit.<\/p>\n\n\n\n<p>Uma das medidas mais aguardadas \u00e9 o aumento real do sal\u00e1rio m\u00ednimo, que est\u00e1 previsto para subir para <strong>R$ 1.509,00<\/strong> em 2025. <\/p>\n\n\n\n<p>Esse reajuste representa um incremento de 6,87% em rela\u00e7\u00e3o ao valor atual de R$ 1.412,00. Desse total, 3,82% correspondem \u00e0 varia\u00e7\u00e3o estimada do \u00cdndice Nacional de Pre\u00e7os ao Consumidor (INPC), que mede a infla\u00e7\u00e3o, e 2,91% representam o aumento real, baseado no crescimento do Produto Interno Bruto (PIB) de 2023.<\/p>\n\n\n\n<p>Al\u00e9m disso, o PLOA 2025 reafirma o compromisso do governo com o cumprimento dos pisos constitucionais para \u00e1reas essenciais, como Sa\u00fade e Educa\u00e7\u00e3o, al\u00e9m de assegurar recursos para investimentos. <\/p>\n\n\n\n\n\n<h2 class=\"wp-block-heading\" id=\"nova-edio-do-cnu\">Nova edi\u00e7\u00e3o do CNU<\/h2>\n\n\n\n<p>O Minist\u00e9rio da Gest\u00e3o e Inova\u00e7\u00e3o (MGI), liderado pela ministra Esther Dweck, j\u00e1 estuda a <a href=\"https:\/\/www.novaconcursos.com.br\/portal\/noticias\/concurso-cnu-2a-edicao\/\">possibilidade de uma segunda edi\u00e7\u00e3o do CNU<\/a> em 2025.<\/p>\n\n\n\n<p>De acordo com Esther Dweck, embora a 2\u00aa edi\u00e7\u00e3o do concurso esteja sendo analisada, o n\u00famero de vagas poder\u00e1 ser menor do que as mais de 6 mil oportunidades oferecidas na primeira edi\u00e7\u00e3o. <\/p>\n\n\n\n<p>O estudo est\u00e1 sendo conduzido em parceria com o Instituto de Pesquisa Econ\u00f4mica Aplicada (Ipea), e tem como objetivo identificar o que funcionou bem, o que precisa ser ajustado e, principalmente, se \u00e9 vantajoso realizar uma nova edi\u00e7\u00e3o do Concurso Nacional Unificado. <\/p>\n\n\n\n<p>Ainda n\u00e3o h\u00e1 uma decis\u00e3o final sobre a realiza\u00e7\u00e3o da nova edi\u00e7\u00e3o do concurso, mas a expectativa \u00e9 que, se aprovado, o edital seja lan\u00e7ado at\u00e9 mar\u00e7o de 2025, com as provas previstas para agosto do mesmo ano. A avalia\u00e7\u00e3o final sobre o novo Concurso Unificado deve ser conclu\u00edda at\u00e9 o final deste ano.<\/p>\n\n\n\n<p><a href=\"https:\/\/www.novaconcursos.com.br\/portal\/concursos-abertos\/nacional\/\">Confira todos os concursos p\u00fablicos abertos a n\u00edvel nacional!<\/a><\/p>\n\n\n\n<p><strong>Fiquem ligados na nossa p\u00e1gina para as pr\u00f3ximas not\u00edcias sobre concursos p\u00fablicos!<\/strong><\/p>","protected":false},"excerpt":{"rendered":"<p>Os concursos p\u00fablicos tem a previs\u00e3o de mais de 63 mil vagas para serem ofertadas conforme o PLOA 2025 (Projeto de Lei Or\u00e7ament\u00e1ria Anual). O projeto est\u00e1 em an\u00e1lise na Comiss\u00e3o Mista do Congresso, onde poder\u00e1 receber emendas e ajustes antes de ser votado em sess\u00e3o conjunta da C\u00e2mara dos Deputados e do Senado Federal, [&hellip;]<\/p>\n","protected":false},"author":54687,"featured_media":249641,"comment_status":"closed","ping_status":"closed","sticky":false,"template":"","format":"standard","meta":{"_acf_changed":false,"footnotes":"","_wp_rev_ctl_limit":""},"categories":[228],"tags":[],"class_list":["post-249638","post","type-post","status-publish","format-standard","has-post-thumbnail","hentry","category-noticias"],"acf":[],"_links":{"self":[{"href":"https:\/\/www.novaconcursos.com.br\/portal\/wp-json\/wp\/v2\/posts\/249638","targetHints":{"allow":["GET"]}}],"collection":[{"href":"https:\/\/www.novaconcursos.com.br\/portal\/wp-json\/wp\/v2\/posts"}],"about":[{"href":"https:\/\/www.novaconcursos.com.br\/portal\/wp-json\/wp\/v2\/types\/post"}],"author":[{"embeddable":true,"href":"https:\/\/www.novaconcursos.com.br\/portal\/wp-json\/wp\/v2\/users\/54687"}],"replies":[{"embeddable":true,"href":"https:\/\/www.novaconcursos.com.br\/portal\/wp-json\/wp\/v2\/comments?post=249638"}],"version-history":[{"count":16,"href":"https:\/\/www.novaconcursos.com.br\/portal\/wp-json\/wp\/v2\/posts\/249638\/revisions"}],"predecessor-version":[{"id":249884,"href":"https:\/\/www.novaconcursos.com.br\/portal\/wp-json\/wp\/v2\/posts\/249638\/revisions\/249884"}],"wp:featuredmedia":[{"embeddable":true,"href":"https:\/\/www.novaconcursos.com.br\/portal\/wp-json\/wp\/v2\/media\/249641"}],"wp:attachment":[{"href":"https:\/\/www.novaconcursos.com.br\/portal\/wp-json\/wp\/v2\/media?parent=249638"}],"wp:term":[{"taxonomy":"category","embeddable":true,"href":"https:\/\/www.novaconcursos.com.br\/portal\/wp-json\/wp\/v2\/categories?post=249638"},{"taxonomy":"post_tag","embeddable":true,"href":"https:\/\/www.novaconcursos.com.br\/portal\/wp-json\/wp\/v2\/tags?post=249638"}],"curies":[{"name":"wp","href":"https:\/\/api.w.org\/{rel}","templated":true}]}}