{"id":249883,"date":"2024-09-03T10:45:09","date_gmt":"2024-09-03T13:45:09","guid":{"rendered":"https:\/\/www.novaconcursos.com.br\/portal\/?p=249883"},"modified":"2024-09-03T10:46:32","modified_gmt":"2024-09-03T13:46:32","slug":"concurso-inss-reestruturacao-carreiras","status":"publish","type":"post","link":"https:\/\/www.novaconcursos.com.br\/portal\/noticias\/concurso-inss-reestruturacao-carreiras\/","title":{"rendered":"Governo fecha acordo para reestrutura\u00e7\u00e3o das carreiras do INSS!"},"content":{"rendered":"<p>O <strong><a href=\"https:\/\/www.novaconcursos.com.br\/portal\/concursos\/concurso-inss\/\">INSS<\/a> (Instituto Nacional do Seguro Social) passar\u00e1 por reestrutura\u00e7\u00e3o das carreiras <\/strong>dos servidores do \u00f3rg\u00e3o ap\u00f3s governo fechar acordo e autorizar um novo edital.<\/p>\n\n\n\n<p>Al\u00e9m disso, foi regulamentado o comit\u00ea que discute sobre a mudan\u00e7a de escolaridade do cargo de T\u00e9cnico do INSS, que atualmente exige o n\u00edvel m\u00e9dio de escolaridade.<\/p>\n\n\n\n<p>Ficou interessado(a) e quer ficar por dentro de todas as informa\u00e7\u00f5es sobre o concurso INSS? Acompanhe a nossa p\u00e1gina e mantenha-se informado de todas as not\u00edcias. ?<\/p>\n\n\n\n<h2 class=\"wp-block-heading\" id=\"como-funciona-a-reestruturao-das-carreiras-do-inss\">Como funciona a reestrutura\u00e7\u00e3o das carreiras do INSS?<\/h2>\n\n\n\n<p>A reestrutura\u00e7\u00e3o das carreiras do <a href=\"https:\/\/www.gov.br\/inss\/pt-br\" target=\"_blank\" rel=\"noreferrer noopener\">Instituto Nacional do Seguro Social<\/a> ser\u00e1 implementada em duas etapas. A primeira fase est\u00e1 programada para janeiro de 2025, e a segunda para abril de 2026. A reestrutura\u00e7\u00e3o inclui a amplia\u00e7\u00e3o da tabela remunerat\u00f3ria, que passar\u00e1 de 17 para 20 padr\u00f5es, com cinco padr\u00f5es por classe. <\/p>\n\n\n\n<p>Al\u00e9m disso, haver\u00e1 o acr\u00e9scimo de tr\u00eas novos padr\u00f5es na classe inicial da tabela, um reajuste na remunera\u00e7\u00e3o de ingresso na carreira a partir dos padr\u00f5es iniciais, e a majora\u00e7\u00e3o da Gratifica\u00e7\u00e3o de Desempenho de Atividades do Seguro Social (GDASS).<\/p>\n\n\n\n<p>Essas mudan\u00e7as fazem parte de um esfor\u00e7o mais amplo do Minist\u00e9rio da Gest\u00e3o e da Inova\u00e7\u00e3o (MGI) para melhorar as condi\u00e7\u00f5es de trabalho e remunera\u00e7\u00e3o dos servidores p\u00fablicos federais. O acordo com o INSS \u00e9 um dos 44 j\u00e1 firmados pelo MGI, incluindo entendimentos com Ag\u00eancias Reguladoras e entidades ligadas \u00e0 Fiocruz.<\/p>\n\n\n\n<p>A reestrutura\u00e7\u00e3o beneficiar\u00e1 os aprovados no \u00faltimo concurso do INSS, realizado em 2022, e deve trazer ainda mais atratividade para os futuros certames, como o recentemente autorizado para o cargo de Perito M\u00e9dico.<\/p>\n\n\n\n<h3 class=\"wp-block-heading\">Mudan\u00e7a de escolaridade<\/h3>\n\n\n\n<p>A proposta de altera\u00e7\u00e3o do requisito de escolaridade n\u00e3o \u00e9 novidade. O <a href=\"https:\/\/www.novaconcursos.com.br\/portal\/noticias\/concurso-inss-mgi-rejeita-mudanca-de-escolaridade-para-tecnico\/\">Minist\u00e9rio da Gest\u00e3o e Inova\u00e7\u00e3o (MGI) j\u00e1 havia recusado a sugest\u00e3o em duas ocasi\u00f5es anteriores<\/a>. A recente publica\u00e7\u00e3o da resolu\u00e7\u00e3o, no entanto, reacende o debate sobre a necessidade de elevar o n\u00edvel de escolaridade exigido para o cargo de T\u00e9cnico do INSS, atualmente de n\u00edvel m\u00e9dio.<\/p>\n\n\n\n<p>Um acordo firmado com o Governo Federal tamb\u00e9m prev\u00ea a regulamenta\u00e7\u00e3o de um comit\u00ea gestor da carreira a partir de outubro deste ano. Esse grupo ser\u00e1 respons\u00e1vel por analisar a reivindica\u00e7\u00e3o das entidades ligadas aos servidores do INSS, que h\u00e1 tempos solicitam a altera\u00e7\u00e3o da escolaridade do cargo de T\u00e9cnico para n\u00edvel superior.<\/p>\n\n\n\n<p>Recentemente, o MGI reafirmou sua posi\u00e7\u00e3o contr\u00e1ria \u00e0 mudan\u00e7a, citando um entendimento t\u00e9cnico do Sistema de Pessoal Civil da Administra\u00e7\u00e3o Federal (Sipec) que, em junho, recomendou a manuten\u00e7\u00e3o do requisito de n\u00edvel m\u00e9dio para o cargo. <\/p>\n\n\n\n<p>No entanto, a press\u00e3o das entidades representativas, como a Federa\u00e7\u00e3o Nacional dos Sindicatos de Trabalhadores em Sa\u00fade, Trabalho, Previd\u00eancia e Assist\u00eancia Social (Fenasps), continua intensa.<\/p>\n\n\n\n<h2 class=\"wp-block-heading\" id=\"e-a-greve-do-instituto-nacional-do-seguro-social\">E a greve do Instituto Nacional do Seguro Social?<\/h2>\n\n\n\n<p>A greve dos servidores do INSS, que j\u00e1 ultrapassa um m\u00eas de dura\u00e7\u00e3o, continua sem previs\u00e3o de t\u00e9rmino. Mesmo ap\u00f3s a assinatura de um acordo por outras entidades, o MGI aguardava o fim da paralisa\u00e7\u00e3o, mas a Fenasps decidiu manter a mobiliza\u00e7\u00e3o.<\/p>\n\n\n\n<p>Em comunicado divulgado em seu portal, a Fenasps orientou a categoria a ampliar e fortalecer a greve em todo o pa\u00eds. A federa\u00e7\u00e3o destacou que n\u00e3o reconhece os acordos assinados por outras entidades que n\u00e3o atendam \u00e0s pautas espec\u00edficas da categoria do Seguro Social e que n\u00e3o foram previamente discutidos com os trabalhadores.<\/p>\n\n\n\n<p>A decis\u00e3o de manter a greve foi tomada ap\u00f3s uma plen\u00e1ria realizada em 21 de agosto. Segundo a Fenasps, desde ent\u00e3o, n\u00e3o houve formaliza\u00e7\u00e3o de nenhuma nova proposta que atendesse \u00e0s reivindica\u00e7\u00f5es da categoria. <\/p>\n\n\n\n<p>Por fim, a Fenasps refor\u00e7ou a necessidade de uma resposta formal e adequada \u00e0s suas demandas e informou que enviou um of\u00edcio ao ministro da Previd\u00eancia Social, ao secret\u00e1rio de Rela\u00e7\u00f5es de Trabalho do MGI e ao presidente do INSS, cobrando a apresenta\u00e7\u00e3o de uma proposta que realmente contemple os interesses dos servidores.<\/p>\n\n\n\n<h2 class=\"wp-block-heading\" id=\"curso-grtis-inss\">Curso Gr\u00e1tis INSS<\/h2>\n\n\n\n<p>Prepare-se com anteced\u00eancia para garantir a sua vaga! Com o nosso\u00a0<a href=\"https:\/\/www.novaconcursos.com.br\/eventos\/curso-gratis-inss-tecnico-do-seguro-social-blog\/?promo_creative=Curso+Gr%C3%A1tis+INSS+2024%2C&amp;promo_name=concurso&amp;promo_id=%2Fportal%2Fconcursos%2Fconcurso-inss&amp;promo_position=corpo-texto\" target=\"_blank\" rel=\"noreferrer noopener\"><strong>Curso Gr\u00e1tis INSS 2024<\/strong>,<\/a>\u00a0voc\u00ea ter\u00e1 acesso a aulas completas e um plano de estudos personalizado para te guiar durante a prepara\u00e7\u00e3o. Al\u00e9m disso, poder\u00e1 esclarecer suas d\u00favidas diretamente com nossos professores. E o melhor de tudo: \u00e9 totalmente gratuito! N\u00e3o deixe essa oportunidade passar.<strong> <\/strong><br><strong><a href=\"https:\/\/www.novaconcursos.com.br\/eventos\/curso-gratis-inss-tecnico-do-seguro-social-blog\/?promo_creative=Inscreva-se+agora+e+comece+a+sua+jornada+rumo+%C3%A0+aprova%C3%A7%C3%A3o%21&amp;promo_name=concurso&amp;promo_id=%2Fportal%2Fconcursos%2Fconcurso-inss&amp;promo_position=corpo-texto\" target=\"_blank\" rel=\"noreferrer noopener\">Inscreva-se agora e comece a sua jornada rumo \u00e0 aprova\u00e7\u00e3o!<\/a><\/strong><\/p>\n\n\n\n<p><\/p>\n\n\n\n<h2 class=\"wp-block-heading\" id=\"quantos-aprovados-no-concurso-inss-j-foram-nomeados\">Quantos aprovados no concurso INSS j\u00e1 foram nomeados?<\/h2>\n\n\n\n<p>O \u00faltimo concurso INSS para o cargo de T\u00e9cnico, realizado em 2022 e organizado pelo Cebraspe, ofertou mil vagas imediatas para a carreira. Desde ent\u00e3o, a autarquia tem trabalhado para preencher as lacunas no seu quadro funcional, convocando mais aprovados do que o inicialmente previsto no edital.<\/p>\n\n\n\n<p>De acordo com informa\u00e7\u00f5es repassadas pelo INSS, at\u00e9 o momento, <a href=\"https:\/\/www.novaconcursos.com.br\/portal\/noticias\/concurso-inss-nomeia-mais-de-mil-aprovados\/\">mais de 1.262 aprovados j\u00e1 foram chamados<\/a> para tomar posse como t\u00e9cnicos do seguro social. No entanto, desse total, 55 candidatos n\u00e3o assumiram suas fun\u00e7\u00f5es, resultando em 1.207 nomea\u00e7\u00f5es efetivas.<\/p>\n\n\n\n<p>Apesar de j\u00e1 ter excedido o n\u00famero de vagas inicialmente ofertadas, o INSS ainda enfrenta car\u00eancias em seu quadro de servidores e tem demonstrado interesse em nomear mais aprovados do \u00faltimo certame. Para isso, a autarquia busca junto ao MGI a <a href=\"https:\/\/www.novaconcursos.com.br\/portal\/noticias\/concurso-inss-convicacao-de-excedentes\/\">autoriza\u00e7\u00e3o para o provimento de 500 excedentes<\/a>.<\/p>\n\n\n\n<h2 class=\"wp-block-heading\" id=\"novo-concurso-inss-autorizado\">Novo concurso INSS autorizado<\/h2>\n\n\n\n<p>O Instituto Nacional do Seguro Social recebeu recentemente a <a href=\"https:\/\/www.novaconcursos.com.br\/portal\/noticias\/concurso-inss-autorizado-edital-para-perito\/\">autoriza\u00e7\u00e3o para a realiza\u00e7\u00e3o de um novo concurso<\/a> para o cargo de Perito M\u00e9dico Federal.<\/p>\n\n\n\n<p>Ao todo foram autorizadas 175 vagas para a carreira com a exig\u00eancia de n\u00edvel superior de escolaridade.<\/p>\n\n\n\n<p>O cargo possui uma jornada de trabalho de 40 horas semanais para uma remunera\u00e7\u00e3o no valor de R$16.875,99, que inclui o reajuste governamental, um aux\u00edlio-alimenta\u00e7\u00e3o de R$1 mil e a Gratifica\u00e7\u00e3o de Desempenho de Atividade de Per\u00edcia M\u00e9dica Previdenci\u00e1ria.<\/p>\n\n\n\n<p>Quer ingressar na carreira p\u00fablica? Confira os\u00a0<a href=\"https:\/\/www.novaconcursos.com.br\/portal\/concursos-abertos\/\">concursos abertos no Brasil<\/a>!<\/p>\n\n\n\n<p><strong>Fiquem ligados na nossa p\u00e1gina para as pr\u00f3ximas not\u00edcias sobre o concurso INSS!<\/strong><\/p>","protected":false},"excerpt":{"rendered":"<p>O INSS (Instituto Nacional do Seguro Social) passar\u00e1 por reestrutura\u00e7\u00e3o das carreiras dos servidores do \u00f3rg\u00e3o ap\u00f3s governo fechar acordo e autorizar um novo edital. Al\u00e9m disso, foi regulamentado o comit\u00ea que discute sobre a mudan\u00e7a de escolaridade do cargo de T\u00e9cnico do INSS, que atualmente exige o n\u00edvel m\u00e9dio de escolaridade. Ficou interessado(a) e [&hellip;]<\/p>\n","protected":false},"author":54687,"featured_media":249885,"comment_status":"closed","ping_status":"closed","sticky":false,"template":"","format":"standard","meta":{"_acf_changed":false,"footnotes":"","_wp_rev_ctl_limit":""},"categories":[228],"tags":[],"class_list":["post-249883","post","type-post","status-publish","format-standard","has-post-thumbnail","hentry","category-noticias"],"acf":[],"_links":{"self":[{"href":"https:\/\/www.novaconcursos.com.br\/portal\/wp-json\/wp\/v2\/posts\/249883","targetHints":{"allow":["GET"]}}],"collection":[{"href":"https:\/\/www.novaconcursos.com.br\/portal\/wp-json\/wp\/v2\/posts"}],"about":[{"href":"https:\/\/www.novaconcursos.com.br\/portal\/wp-json\/wp\/v2\/types\/post"}],"author":[{"embeddable":true,"href":"https:\/\/www.novaconcursos.com.br\/portal\/wp-json\/wp\/v2\/users\/54687"}],"replies":[{"embeddable":true,"href":"https:\/\/www.novaconcursos.com.br\/portal\/wp-json\/wp\/v2\/comments?post=249883"}],"version-history":[{"count":14,"href":"https:\/\/www.novaconcursos.com.br\/portal\/wp-json\/wp\/v2\/posts\/249883\/revisions"}],"predecessor-version":[{"id":249923,"href":"https:\/\/www.novaconcursos.com.br\/portal\/wp-json\/wp\/v2\/posts\/249883\/revisions\/249923"}],"wp:featuredmedia":[{"embeddable":true,"href":"https:\/\/www.novaconcursos.com.br\/portal\/wp-json\/wp\/v2\/media\/249885"}],"wp:attachment":[{"href":"https:\/\/www.novaconcursos.com.br\/portal\/wp-json\/wp\/v2\/media?parent=249883"}],"wp:term":[{"taxonomy":"category","embeddable":true,"href":"https:\/\/www.novaconcursos.com.br\/portal\/wp-json\/wp\/v2\/categories?post=249883"},{"taxonomy":"post_tag","embeddable":true,"href":"https:\/\/www.novaconcursos.com.br\/portal\/wp-json\/wp\/v2\/tags?post=249883"}],"curies":[{"name":"wp","href":"https:\/\/api.w.org\/{rel}","templated":true}]}}