{"id":250695,"date":"2024-09-06T09:44:08","date_gmt":"2024-09-06T12:44:08","guid":{"rendered":"https:\/\/www.novaconcursos.com.br\/portal\/?p=250695"},"modified":"2025-04-15T15:15:47","modified_gmt":"2025-04-15T18:15:47","slug":"edital-dataprev-publicado-2024","status":"publish","type":"post","link":"https:\/\/www.novaconcursos.com.br\/portal\/noticias\/edital-dataprev-publicado-2024\/","title":{"rendered":"Edital Dataprev 2024 \u00e9 publicado com 2.145 vagas!"},"content":{"rendered":"<p>O <strong>edital <a href=\"https:\/\/www.novaconcursos.com.br\/portal\/concursos\/concurso-dataprev\/\">Dataprev<\/a> 2024 \u00e9 publicado com 2.145 vagas<\/strong> para provimento imediato e para forma\u00e7\u00e3o de cadastro reserva para cargos de n\u00edveis m\u00e9dio, t\u00e9cnico e superior de escolaridade.<\/p>\n\n\n\n<p>O concurso conta com as vagas distribu\u00eddas entre diversos estados, com sal\u00e1rios que podem chegar a R$ 10 mil!<\/p>\n\n\n\n<p>Se interessa pelo certame e quer ficar por dentro de todas as not\u00edcias sobre o novo concurso Dataprev? Acompanhe a nossa p\u00e1gina e mantenha-se informado(a)!<\/p>\n\n\n\n<h2 class=\"wp-block-heading\" id=\"resumo-do-edital-dataprev\">Resumo do Edital Dataprev<\/h2>\n\n\n\n<p>Vagas: 236+1.909CR<br>Escolaridade: n\u00edveis m\u00e9dio, t\u00e9cnico e superior<br>Sal\u00e1rio: de R$3.893,95 a R$9.173,62<br>Per\u00edodo de inscri\u00e7\u00e3o: de 6\/9\/2024 at\u00e9 3\/10\/2024<br>Taxa de inscri\u00e7\u00e3o: R$80,00 e R$100,00<br>Prova: 17\/11\/2024<br>Banca: FGV (Funda\u00e7\u00e3o Get\u00falio Vargas) <br><a href=\"https:\/\/www.novaconcursos.com.br\/portal\/wp-content\/uploads\/2024\/09\/Edital-Dataprev.pdf\">Baixe o edital<\/a><\/p>\n\n\n\n<h2 class=\"wp-block-heading\" id=\"como-se-inscrever-no-edital-dataprev\">Como se inscrever no edital Dataprev?<\/h2>\n\n\n\n<p>Os interessados em participar do certame poder\u00e3o realizar as inscri\u00e7\u00f5es <strong>a partir do dia 06 de setembro at\u00e9 o dia 03 de outubro de 2024<\/strong>, atrav\u00e9s do site da banca organizadora, <a href=\"https:\/\/conhecimento.fgv.br\/concursos?categoria=Em%20andamento\" target=\"_blank\" rel=\"noreferrer noopener\">FGV<\/a> (Funda\u00e7\u00e3o Get\u00falio Vargas).<\/p>\n\n\n\n<p>Para que a inscri\u00e7\u00e3o seja homologada \u00e9 necess\u00e1rio que o candidato efetue o pagamento de uma taxa no valor referente ao n\u00edvel de escolaridade do cargo pretendido, sendo no valor de R$80,00 para os cargos de n\u00edvel m\u00e9dio e de R$100,00 para os cargos de n\u00edvel superior.<\/p>\n\n\n\n<p>O pagamento da taxa do edital Dataprev deve ser realizado at\u00e9 at\u00e9 as 16h do dia 04 de outubro de 2024.<\/p>\n\n\n\n<p>Haver\u00e1 a possibilidade de solicitar a <strong>isen\u00e7\u00e3o da taxa<\/strong> de participa\u00e7\u00e3o no per\u00edodo das 16h do dia 06 de setembro de 2024 e 16h do dia 10 de setembro de 2024, para o candidato que for inscrito no Cadastro \u00danico para Programas Sociais do Governo Federal \u2013 Cad\u00danico e que for doador de medula \u00f3ssea.<\/p>\n\n\n\n<h2 class=\"wp-block-heading\" id=\"cargos-e-vagas\">Cargos e vagas<\/h2>\n\n\n\n<p>Conforme o edital Dataprev, ao todo est\u00e3o sendo ofertadas <strong>2.145 vagas, sendo sendo 236 oportunidades imediatas e 1.909 para forma\u00e7\u00e3o de cadastro reserva<\/strong> para cargos de n\u00edveis m\u00e9dio e superior de escolaridade.<\/p>\n\n\n\n<p>Para o cargo de n\u00edvel m\u00e9dio\/t\u00e9cnico as vagas s\u00e3o para os cargos de Auxiliar de Enfermagem do Trabalho\u00a0(05CR) e T\u00e9cnico de Seguran\u00e7a do Trabalho (10CR).<\/p>\n\n\n\n<p>J\u00e1 para o n\u00edvel superior as oportunidades s\u00e3o para o cargo de Analista de Tecnologia da Informa\u00e7\u00e3o nas especialidades de Analista de Neg\u00f3cios de TI (08+122CR), Arquitetura, Engenharia e Sustenta\u00e7\u00e3o Tecnol\u00f3gica (36+390CR), Desenvolvimento de Software (129+591CR) e Intelig\u00eancia da Informa\u00e7\u00e3o (20+150CR).<\/p>\n\n\n\n<p>Para a mesma carreira, h\u00e1 oportunidades ainda para as especialidades de Seguran\u00e7a Cibern\u00e9tica de Prote\u00e7\u00e3o de Dados (5+95CR), Gest\u00e3o de Servi\u00e7os de TIC (15+135CR), Advocacia (5+55CR), Contabilidade (20CR), Comunica\u00e7\u00e3o Social (40CR), Gest\u00e3o Econ\u00f4mica-Financeira (40CR), Administra\u00e7\u00e3o e Governan\u00e7a (15+185CR) e Engenharia (60CR).<\/p>\n\n\n\n<p>Ainda de n\u00edvel superior, o edital Dataprev oferta vagas para os cargos de Analista de Processamento (3+57CR), Engenharia de Seguran\u00e7a do Trabalho (5CR) e M\u00e9dico do Trabalho (5CR).<\/p>\n\n\n\n<h3 class=\"wp-block-heading\">Quanto ganha um funcion\u00e1rio Dataprev?<\/h3>\n\n\n\n<p>Segundo o edital Dataprev, os cargos de Auxiliar ou T\u00e9cnico de Enfermagem do Trabalho e T\u00e9cnico de Seguran\u00e7a do Trabalho t\u00eam uma remunera\u00e7\u00e3o inicial de R$3.893,95.<\/p>\n\n\n\n<p>Por outro lado, o sal\u00e1rio para o cargo de Analista de Processamento come\u00e7a em R$7.103,31, enquanto Analistas de Tecnologia da Informa\u00e7\u00e3o, Engenheiros de Seguran\u00e7a do Trabalho e M\u00e9dicos do Trabalho recebem R$9.173,62.<\/p>\n\n\n\n<p>Os colaboradores da Dataprev contam com uma s\u00e9rie de benef\u00edcios, como vale-alimenta\u00e7\u00e3o\/refei\u00e7\u00e3o de R$1.165,20, aux\u00edlio pr\u00e9-escolar ou escolar de at\u00e9 R$1.586,71, e aux\u00edlio para tratamento especializado de filhos com defici\u00eancia, que pode chegar a R$1.230,00.<\/p>\n\n\n\n<p>Al\u00e9m desses benef\u00edcios, s\u00e3o oferecidos seguro de vida em grupo, assist\u00eancia \u00e0 sa\u00fade com reembolso conforme regulamento, previd\u00eancia complementar, participa\u00e7\u00e3o nos lucros e resultados, gratifica\u00e7\u00e3o vari\u00e1vel por desempenho (GVR) e oportunidade de progress\u00e3o na carreira.<\/p>\n\n\n\n<ul class=\"wp-block-list\"><li><strong>Confira: <\/strong><a href=\"https:\/\/www.novaconcursos.com.br\/apostila\/dataprev-comum-todos-cargos-conhecimentos-gerais\">Apostila DATAPREV \u2013 Comum a Todos os Cargos (Conhecimentos Gerais)<\/a><\/li>\n<\/ul><p>Estude para o concurso dos seus sonhos com o\u00a0M\u00e9todo\u00a0que j\u00e1 ajudou na\u00a0aprova\u00e7\u00e3o de mais de 70 mil alunos!\u00a0<a href=\"https:\/\/www.novaconcursos.com.br\/eventos\/assinatura\/?promo_creative=Clique+aqui&amp;promo_name=concurso&amp;promo_id=%2Fportal%2Fconcursos%2Fconcurso-mte&amp;promo_position=corpo-texto\" target=\"_blank\" rel=\"noreferrer noopener\">Clique aqui<\/a>\u00a0e saiba mais!<\/p>\n\n\n\n<h2 class=\"wp-block-heading\" id=\"quais-so-os-requisitos-para-participar-do-certame\">Quais s\u00e3o os requisitos para participar do certame?<\/h2>\n\n\n\n<p>Al\u00e9m da escolaridade exigida, os candidatos devem ficar atentos \u00e0s seguintes exig\u00eancias do edital Dataprev:<\/p>\n\n\n\n<ul class=\"wp-block-list\"><li>Ter sido aprovado e classificado no Concurso P\u00fablico na forma estabelecida neste Edital, em seus anexos e eventuais retifica\u00e7\u00f5es;<\/li>\n\n\n\n<li>Ter nacionalidade brasileira ou portuguesa e, no caso de nacionalidade portuguesa, estar amparado pelo estatuto de igualdade entre brasileiros e portugueses, com reconhecimento do gozo dos direitos pol\u00edticos, nos termos do \u00a7 1\u00ba do art. 12 da Constitui\u00e7\u00e3o da Rep\u00fablica Federativa do Brasil e na forma do disposto no Art. 13 do Decreto n\u00ba 70.436, de 18 de abril de 1972;<\/li>\n\n\n\n<li>Ter idade m\u00ednima de 18 anos completos;<\/li>\n\n\n\n<li>Estar no gozo dos direitos pol\u00edticos, quite com as obriga\u00e7\u00f5es eleitorais e, se do sexo masculino, tamb\u00e9m com as militares;<\/li>\n\n\n\n<li>Ter aptid\u00e3o f\u00edsica e mental para o exerc\u00edcio do cargo\/perfil;<\/li>\n\n\n\n<li>Possuir os requisitos exigidos para o cargo\/perfil, conforme Anexo II deste Edital;<\/li>\n\n\n\n<li>Possuir escolaridade exigida em institui\u00e7\u00e3o devidamente reconhecida pelo Minist\u00e9rio da Educa\u00e7\u00e3o, bem como o registro profissional correspondente \u00e0 forma\u00e7\u00e3o a que se candidatou, conforme estabelecido no Anexo II deste Edital;<\/li>\n\n\n\n<li>N\u00e3o registrar antecedentes criminais que impliquem perda ou \u00f3bice para assumir cargo ou emprego p\u00fablico, oriundos de senten\u00e7a transitada em julgado ou demonstrar o cumprimento integral das penas que tenham sido cominadas;<\/li>\n\n\n\n<li>N\u00e3o ter sofrido, no exerc\u00edcio da fun\u00e7\u00e3o p\u00fablica, penalidade incompat\u00edvel com nova investidura em cargo\/emprego p\u00fablico;<\/li>\n\n\n\n<li>N\u00e3o se encontrar acumulando cargo, emprego ou fun\u00e7\u00e3o p\u00fablica em desconformidade com as hip\u00f3teses de acumula\u00e7\u00e3o l\u00edcitas previstas em lei e na Constitui\u00e7\u00e3o Federal;<\/li>\n\n\n\n<li>N\u00e3o receber, nos termos do art. 37, \u00a7 10, da Constitui\u00e7\u00e3o Federal, proventos de aposentadoria decorrentes do art. 40 ou dos arts. 42 e 142 da Constitui\u00e7\u00e3o Federal, ressalvados os cargos acumul\u00e1veis na forma da referida Constitui\u00e7\u00e3o;<\/li>\n\n\n\n<li>Cumprir as determina\u00e7\u00f5es deste Edital.<\/li>\n<\/ul><h2 class=\"wp-block-heading\" id=\"etapas-de-seleo\">Etapas de sele\u00e7\u00e3o<\/h2>\n\n\n\n<p>Os candidatos da <a href=\"https:\/\/www.dataprev.gov.br\/\" target=\"_blank\" rel=\"noreferrer noopener\">Empresa de Tecnologia e Informa\u00e7\u00f5es da Previd\u00eancia<\/a> ser\u00e3o avaliados por meio de prova objetiva, de car\u00e1ter eliminat\u00f3rio e classificat\u00f3rio, que est\u00e1 previsto para ser realizada no dia <strong>17 de novembro de 2024<\/strong>, das 13h \u00e0s 17h, ou seja, os candidatos que ter\u00e3o o tempo m\u00e1ximo de 4 horas para realizarem o exame.<\/p>\n\n\n\n<p>A avalia\u00e7\u00e3o ser\u00e1 composta por<em> 70 quest\u00f5es de m\u00faltipla escolha<\/em> que ser\u00e3o versadas em disciplinas de L\u00edngua Portuguesa (12), L\u00edngua Inglesa (12), Racioc\u00ednio L\u00f3gico Matem\u00e1tico (6), Atualidades (5), Legisla\u00e7\u00e3o Acerca de Seguran\u00e7a da Informa\u00e7\u00e3o e Prote\u00e7\u00e3o de Dados (5) e Conhecimentos Espec\u00edficos (30).<\/p>\n\n\n\n<h3 class=\"wp-block-heading\">Como saber se eu fui aprovado no concurso Dataprev?<\/h3>\n\n\n\n<p>Cada quest\u00e3o de m\u00faltipla escolha valer\u00e1 1 ponto no M\u00f3dulo de Conhecimentos Gerais, e 2,5 pontos no M\u00f3dulo de Conhecimentos Espec\u00edficos, sendo 115 pontos a pontua\u00e7\u00e3o m\u00e1xima, para todos os cargos.<\/p>\n\n\n\n<p>Ser\u00e1 considerado aprovado no edital Dataprev o candidato que obtiver, no m\u00ednimo, 57,5 pontos na prova objetiva e n\u00e3o zerar nenhuma disciplina.<\/p>\n\n\n\n<p><a href=\"https:\/\/www.novaconcursos.com.br\/portal\/concursos-abertos\/\">Confira aqui todos os concursos abertos a n\u00edvel nacional!<\/a><\/p>\n\n\n\n<p><strong>Fiquem ligados na nossa p\u00e1gina para as pr\u00f3ximas not\u00edcias sobre o edital Dataprev!<\/strong><\/p>","protected":false},"excerpt":{"rendered":"<p>O edital Dataprev 2024 \u00e9 publicado com 2.145 vagas para provimento imediato e para forma\u00e7\u00e3o de cadastro reserva para cargos de n\u00edveis m\u00e9dio, t\u00e9cnico e superior de escolaridade. O concurso conta com as vagas distribu\u00eddas entre diversos estados, com sal\u00e1rios que podem chegar a R$ 10 mil! Se interessa pelo certame e quer ficar por [&hellip;]<\/p>\n","protected":false},"author":54687,"featured_media":250696,"comment_status":"closed","ping_status":"closed","sticky":false,"template":"","format":"standard","meta":{"_acf_changed":false,"footnotes":"","_wp_rev_ctl_limit":""},"categories":[228],"tags":[],"class_list":["post-250695","post","type-post","status-publish","format-standard","has-post-thumbnail","hentry","category-noticias"],"acf":[],"_links":{"self":[{"href":"https:\/\/www.novaconcursos.com.br\/portal\/wp-json\/wp\/v2\/posts\/250695","targetHints":{"allow":["GET"]}}],"collection":[{"href":"https:\/\/www.novaconcursos.com.br\/portal\/wp-json\/wp\/v2\/posts"}],"about":[{"href":"https:\/\/www.novaconcursos.com.br\/portal\/wp-json\/wp\/v2\/types\/post"}],"author":[{"embeddable":true,"href":"https:\/\/www.novaconcursos.com.br\/portal\/wp-json\/wp\/v2\/users\/54687"}],"replies":[{"embeddable":true,"href":"https:\/\/www.novaconcursos.com.br\/portal\/wp-json\/wp\/v2\/comments?post=250695"}],"version-history":[{"count":15,"href":"https:\/\/www.novaconcursos.com.br\/portal\/wp-json\/wp\/v2\/posts\/250695\/revisions"}],"predecessor-version":[{"id":279392,"href":"https:\/\/www.novaconcursos.com.br\/portal\/wp-json\/wp\/v2\/posts\/250695\/revisions\/279392"}],"wp:featuredmedia":[{"embeddable":true,"href":"https:\/\/www.novaconcursos.com.br\/portal\/wp-json\/wp\/v2\/media\/250696"}],"wp:attachment":[{"href":"https:\/\/www.novaconcursos.com.br\/portal\/wp-json\/wp\/v2\/media?parent=250695"}],"wp:term":[{"taxonomy":"category","embeddable":true,"href":"https:\/\/www.novaconcursos.com.br\/portal\/wp-json\/wp\/v2\/categories?post=250695"},{"taxonomy":"post_tag","embeddable":true,"href":"https:\/\/www.novaconcursos.com.br\/portal\/wp-json\/wp\/v2\/tags?post=250695"}],"curies":[{"name":"wp","href":"https:\/\/api.w.org\/{rel}","templated":true}]}}