{"id":253093,"date":"2024-09-26T12:39:27","date_gmt":"2024-09-26T15:39:27","guid":{"rendered":"https:\/\/www.novaconcursos.com.br\/portal\/?p=253093"},"modified":"2025-12-29T11:06:58","modified_gmt":"2025-12-29T14:06:58","slug":"saiba-como-conciliar-os-estudos-pf-administrativo-e-pcdf","status":"publish","type":"post","link":"https:\/\/www.novaconcursos.com.br\/portal\/artigos\/saiba-como-conciliar-os-estudos-pf-administrativo-e-pcdf\/","title":{"rendered":"D\u00e1 para conciliar os estudos PF Administrativo e PCDF? Confira aqui!"},"content":{"rendered":"<p>O concurso <a href=\"https:\/\/www.novaconcursos.com.br\/portal\/concursos\/pf-administrativo\/\">PF Administrativo<\/a> segue sendo um dos mais aguardados pelos concurseiros, em raz\u00e3o do tempo de publica\u00e7\u00e3o do \u00faltimo edital, 2013.<\/p>\n\n\n\n<p>Entretanto, essa espera parece estar chegando ao fim, com a informa\u00e7\u00e3o do SinpecPF (Sindicato Nacional dos Servidores do Plano Especial de Cargos da Pol\u00edcia Federal), sobre a <strong>autoriza\u00e7\u00e3o<\/strong> em andamento para que o certame aconte\u00e7a. <\/p>\n\n\n\n<p>Mas, enquanto a publica\u00e7\u00e3o do edital n\u00e3o acontece efetivamente, os concurseiros devem aproveitar a oportunidade de editais publicados, como <strong>PCDF Administrativo<\/strong>, ofertando 744 vagas de n\u00edveis m\u00e9dio e superior. <\/p>\n\n\n\n<p>Al\u00e9m de destinar vagas para mesma \u00e1rea, ambos os certames tem chances de ingresso para candidatos de <strong>n\u00edvel m\u00e9dio<\/strong>, al\u00e9m de outras caracter\u00edsticas em comum. <\/p>\n\n\n\n<p>Quer saber quais s\u00e3o as similaridades entre os certames PF Administrativo e PCDF, especialmente no planejamento de estudos? Vem comigo e confira! <\/p>\n\n\n\n<h2 class=\"wp-block-heading\" id=\"quando-sa-o-concurso-pf-administrativo-\">Quando sa\u00ed o concurso PF Administrativo? <\/h2>\n\n\n\n<p>Finalmente o concurso da <a href=\"https:\/\/www.gov.br\/pf\/pt-br\" target=\"_blank\" rel=\"noreferrer noopener\">Pol\u00edcia Federal<\/a> para \u00e1rea administrativa, ir\u00e1 sair do papel. <\/p>\n\n\n\n<p>Com informar\u00e7\u00f5es do SinpecPF, a sele\u00e7\u00e3o ser\u00e1 autorizada em breve pelo MGI, ofertando aproximadamente <strong>185 vagas<\/strong>, sendo: <\/p>\n\n\n\n<p><em>100 para cargos de n\u00edvel m\u00e9dio,<\/em> e<\/p>\n\n\n\n<p> <em>85 vaga para n\u00edvel superior. <\/em><\/p>\n\n\n\n<p>Ainda de acordo com o Sindicato Nacional dos Servidores da Pol\u00edcia Federal, o foco maior das oportunidades ser\u00e1 na<strong> \u00e1rea da sa\u00fade. <\/strong><\/p>\n\n\n\n<p>A informa\u00e7\u00e3o do <a href=\"https:\/\/www.sinpecpf.org.br\/site\/\" target=\"_blank\" rel=\"noreferrer noopener\">SindpecPF<\/a>, vai de encontro a fala do diretor-geral da corpora\u00e7\u00e3o, Andrei Passos, em 13 de agosto, de que j\u00e1 estava tudo certo para a realiza\u00e7\u00e3o do concurso, faltando apenas a publica\u00e7\u00e3o da portaria para <strong>oficializa\u00e7\u00e3o<\/strong>. <\/p>\n\n\n\n<p>? Saiba mais: <a href=\"https:\/\/www.novaconcursos.com.br\/portal\/noticias\/concurso-pf-administrativo-aval-vagas\/\">PF Administrativo deve receber aval para 185 vagas!<\/a><\/p>\n\n\n\n<h3 class=\"wp-block-heading\">Autoriza\u00e7\u00e3o \u00e9 inferior ao pedido <\/h3>\n\n\n\n<p>Caso o aval confirme as 185 vagas, o n\u00famero ser\u00e1 inferior aos \u00faltimos pedidos solicitados pela institui\u00e7\u00e3o. <\/p>\n\n\n\n<p>Este ano, a PF encaminhou uma <strong>solicita\u00e7\u00e3o<\/strong> para o provimento de 789 vagas, com a seguinte distruibui\u00e7\u00e3o: <\/p>\n\n\n\n<h4 class=\"wp-block-heading\"><em>N\u00edvel m\u00e9dio <\/em><\/h4>\n\n\n\n<ul class=\"wp-block-list\"><li><a href=\"https:\/\/www.novaconcursos.com.br\/apostila\/pf-prep-agente-adm\">Agente Administrativo (626) <\/a><\/li>\n<\/ul><h4 class=\"wp-block-heading\"><em>N\u00edvel superior <\/em><\/h4>\n\n\n\n<ul class=\"wp-block-list\"><li>Administrador (26)<\/li>\n\n\n\n<li>Arquivista (9)<\/li>\n\n\n\n<li>Assistente Social (13)<\/li>\n\n\n\n<li>Bibliotec\u00e1rio (1)<\/li>\n\n\n\n<li>Contador (9)<\/li>\n\n\n\n<li>Economista (3)<\/li>\n\n\n\n<li>Enfermeiro (3)<\/li>\n\n\n\n<li>Estat\u00edstico (4)<\/li>\n\n\n\n<li>Farmac\u00eautico (2)<\/li>\n\n\n\n<li>M\u00e9dico (70)<\/li>\n\n\n\n<li>Nutricionista (1)<\/li>\n\n\n\n<li>Psic\u00f3logo (6)<\/li>\n\n\n\n<li>T\u00e9cnico em Assuntos Educacionais (13)<\/li>\n\n\n\n<li>T\u00e9cnico em Comunica\u00e7\u00e3o Social (3)<\/li>\n<\/ul><p>Em 2023, o pedido feito pela corpora\u00e7\u00e3o para a \u00e1rea administrativa, era de 734 vagas. Confira mais informa\u00e7\u00f5es <a href=\"https:\/\/www.novaconcursos.com.br\/portal\/noticias\/concurso-pf-administrativo-734-vagas-solicitadas-ao-ministerio\/\">aqui. <\/a><\/p>\n\n\n\n<p>Estude para o concurso dos seus sonhos com o\u00a0<strong>M\u00e9todo<\/strong>\u00a0que j\u00e1 ajudou na\u00a0<strong>aprova\u00e7\u00e3o de mais de 70 mil alunos!<\/strong>\u00a0<a href=\"https:\/\/aprovacao.novaconcursos.com.br\/assinatura?promo_creative=Clique+aqui&amp;promo_name=noticia&amp;promo_id=%2Fportal%2Fnoticias%2Fedital-mppr-locais-horarios-de-prova&amp;promo_position=corpo-texto\" target=\"_blank\" rel=\"noreferrer noopener\">Clique aqui<\/a>\u00a0e saiba mais!<\/p>\n\n\n\n<h2 class=\"wp-block-heading\" id=\"conciliando-os-estudos-pf-administrativo-e-pcdf-\">Conciliando os estudos PF Administrativo e PCDF <\/h2>\n\n\n\n<p>Respondendo primeiramente a sua d\u00favida concurseiro, d\u00e1 para conciliar os dois certames SIM. E o primeiro fator, \u00e9 que as duas sele\u00e7\u00f5es est\u00e3o inseridos na mesma \u00e1rea: <strong>administrativa<\/strong>. <\/p>\n\n\n\n<p>Outro fator, \u00e9 o tempo de prepara\u00e7\u00e3o. Visto que o edital PF Administrativo ainda \u00e9 previsto e n\u00e3o foi publicado. Por outro lado, o certame PC DF, publicado em setembro, as prova para Analista de Apoio (n\u00edvel m\u00e9dio), ocorrer\u00e3o apenas em <strong>19 de janeiro de 2025. <\/strong><\/p>\n\n\n\n<p>Outra similiaridade entre as sele\u00e7\u00f5es \u00e9 referente a banca organizadora. Tanto o edital em andamento da Pol\u00edcia Civil DF Administrativa e o \u00faltimo certame da Policia Federal, 2013, est\u00e3o sob responsabilidade do <strong>Cebraspe\/Cespe. <\/strong><\/p>\n\n\n\n<ul class=\"wp-block-list\"><li><strong>Adquira: <\/strong><a href=\"https:\/\/www.novaconcursos.com.br\/curso-online\/pacote-completo-policia-federal-agente-administrativo\">Concurso PF Administrativo \u2013 Curso Online  Completo<\/a> <\/li>\n\n\n\n<li><strong>Adquira:<\/strong> <a href=\"https:\/\/www.novaconcursos.com.br\/mapa-mental\/mapas-mentais-policia-federal-agente-administrativo-pdf\">Concurso Pol\u00edcia Federal Adm: 297 Mapas Mentais<\/a><\/li>\n<\/ul><p>Relacionado as disciplinas exigidas, com foco no cargo de <strong>n\u00edvel m\u00e9dio<\/strong>, de ambas as sele\u00e7\u00f5es, podemos constatar o seguinte: <\/p>\n\n\n\n<h3 class=\"wp-block-heading\">PF Agente Administrativo 2013 <\/h3>\n\n\n\n<p>Com o julgamento de \u201ccerto\u201d ou errado\u201d, os candidatos responderam a <strong> 120 quest\u00f5es<\/strong> de conhecimentos b\u00e1sicos e espec\u00edficos, sendo: <\/p>\n\n\n\n<h4 class=\"wp-block-heading\"><em>Conhecimentos b\u00e1sicos <\/em><\/h4>\n\n\n\n<ul class=\"wp-block-list\"><li>L\u00edngua Portuguesa, <\/li>\n\n\n\n<li>No\u00e7\u00f5es de Inform\u00e1tica; <\/li>\n\n\n\n<li>Racioc\u00ednio L\u00f3gico; <\/li>\n\n\n\n<li>Atualidades; <\/li>\n\n\n\n<li>Direito Administrativo; \n<ul class=\"wp-block-list\"><li>Constitucional. <\/li>\n<\/ul><\/li>\n<\/ul><h4 class=\"wp-block-heading\"><em>Conhecimentos espec\u00edficos <\/em><\/h4>\n\n\n\n<ul class=\"wp-block-list\"><li>No\u00e7\u00f5es de \n<ul class=\"wp-block-list\"><li>Administra\u00e7\u00e3o P\u00fablica, <\/li>\n\n\n\n<li>Administra\u00e7\u00e3o Financeira e Or\u00e7ament\u00e1ria; <\/li>\n\n\n\n<li>Gest\u00e3o de Pessoas nas Organiza\u00e7\u00f5es; <\/li>\n\n\n\n<li>Administra\u00e7\u00e3o de Recursos Materiais; <\/li>\n\n\n\n<li>Arquivologia; e <\/li>\n<\/ul><\/li>\n\n\n\n<li>Legisla\u00e7\u00e3o aplicada \u00e0 Pol\u00edcia Federal<\/li>\n<\/ul><p><\/p>\n\n\n\n<p><a href=\"http:\/\/www.cespe.unb.br\/concursos\/dpf_13_administrativo\/arquivos\/ED_1_2013_DPF_ADMINISTRATIVO___ABERTURA.PDF\" target=\"_blank\" rel=\"noreferrer noopener\">Acesse o edital no \u00edntegra<\/a><\/p>\n\n\n\n<p><\/p>\n\n\n\n\n\n<p><\/p>\n\n\n\n<h3 class=\"wp-block-heading\">PCDF 2024  <\/h3>\n\n\n\n<p>No edital em andamento da <a href=\"https:\/\/www.pcdf.df.gov.br\/\" target=\"_blank\" rel=\"noreferrer noopener\">Pol\u00edcia Civil do Distrito Federal,<\/a> os candidatos inscritos no cargo de <strong>Analista de Apoio \u00e0s Atividades Policiais Civis \u2013 <\/strong>Agente Administrativo, devem responder as seguintes quest\u00f5es na prova objetiva: <\/p>\n\n\n\n<p><em>50 quest\u00f5es de conhecimentos b\u00e1sicos<\/em> e <\/p>\n\n\n\n<p><em>70 de conhecimentos espec\u00edficos <\/em><\/p>\n\n\n\n<p>Na parte de conhecimentos b\u00e1sicos, teremos<strong> L\u00edngua Portuguesa e Racioc\u00ednio L\u00f3gico<\/strong>, como disciplinas semelhantes. <\/p>\n\n\n\n<p>Entretanto, a \u00fanica diferen\u00e7a ser\u00e1 na <strong>inclus\u00e3o<\/strong> das disciplinas de Legisla\u00e7\u00e3o e Conhecimentos do Distrito Federal e Pol\u00edtica para Mulheres. <\/p>\n\n\n\n<p>J\u00e1 nos <strong>conhecimentos espec\u00edficos,<\/strong> ser\u00e3o cobrados: <\/p>\n\n\n\n<ul class=\"wp-block-list\"><li>No\u00e7\u00f5es de Administra\u00e7\u00e3o \n<ul class=\"wp-block-list\"><li>P\u00fablica, <\/li>\n\n\n\n<li>Financeira e Or\u00e7ament\u00e1ria; <\/li>\n\n\n\n<li>de Recursos Humanos; <\/li>\n\n\n\n<li>de Recursos Materiais; e <\/li>\n<\/ul><\/li>\n\n\n\n<li>Arquivologia. <\/li>\n<\/ul><p>Sendo assim, d\u00e1 para constatar a familiaridade entre os certames, certo, concurseiro? Entretanto, nesse momento, o <strong>foco dos estudos<\/strong> deve estar no PCDF Administrativo, cuja o edital est\u00e1 em aberto. <\/p>\n\n\n\n<p>Dessa forma, voc\u00ea estar\u00e1 construindo uma base s\u00f3lida para sua <strong>prepara\u00e7\u00e3o<\/strong> no certame da Pol\u00edcia Federal \u00e1rea administrativa, otimizando tempo, sendo mais direto, certeiro na absor\u00e7\u00e3o das informa\u00e7oes e aumentando suas chances de APROVA\u00c7\u00c3O! <\/p>\n\n\n\n<h2 class=\"wp-block-heading\" id=\"concurso-pcdf-administrativo-\">Concurso PCDF Administrativo <\/h2>\n\n\n\n<p>No mais, com edital publicado em 6 de setembro, o certame oferta <strong>744 vagas de n\u00edveis m\u00e9dio e superior, <\/strong>sendo 260 imediatas e 484 em cadastro reserva. <\/p>\n\n\n\n<p>As oportunidades se dividem em especialidade <\/p>\n\n\n\n<h3 class=\"wp-block-heading\">N\u00edvel m\u00e9dio <\/h3>\n\n\n\n<ul class=\"wp-block-list\"><li><a href=\"https:\/\/www.novaconcursos.com.br\/curso-online\/curso-pc-df-analista-de-apoio-as-atividades-policiais-agente-administrativo\">Analista de Apoio \u00e0s Atividades Policiais <\/a>(200 vagas + 300 CR) \n<ul class=\"wp-block-list\"><li>Analista Administrativo <\/li>\n<\/ul><\/li>\n<\/ul><p>Remunera\u00e7\u00e3o de R$ 4.162,94 at\u00e9<strong> R$ 7.291,73<\/strong> a depender da carga hor\u00e1ria (30h ou 40h) <\/p>\n\n\n\n<h3 class=\"wp-block-heading\">Ensino superior <\/h3>\n\n\n\n<ul class=\"wp-block-list\"><li>Gestor de Apoio \u00e0s Atividades Policiais \n<ul class=\"wp-block-list\"><li>Analista de Inform\u00e1tica, <\/li>\n\n\n\n<li><a href=\"https:\/\/www.novaconcursos.com.br\/curso-online\/curso-pc-df-analista-de-apoio-as-atividades-policiais-arquivista\">Arquivista; <\/a><\/li>\n\n\n\n<li>Assistente Social, <\/li>\n\n\n\n<li>Bibliotec\u00e1rio; <\/li>\n\n\n\n<li>Contador; <\/li>\n\n\n\n<li>Enfermeiro; <\/li>\n\n\n\n<li>Farmac\u00eautico; <\/li>\n\n\n\n<li>Fisioterapeuta; <\/li>\n\n\n\n<li>Fonoaudi\u00f3logo; <\/li>\n\n\n\n<li>Nutricionista; <\/li>\n\n\n\n<li>Odont\u00f3logo; <\/li>\n\n\n\n<li>Pedagogo; <\/li>\n\n\n\n<li>Psciologia; <\/li>\n\n\n\n<li>Educa\u00e7\u00e3o F\u00edsica. <\/li>\n<\/ul><\/li>\n<\/ul><p>O vencimento b\u00e1sico inicial \u00e9 de R$ 6.539,35 at\u00e9 <strong>R$ 11.454,21<\/strong> com a progress\u00e3o de carreira e conforme a carga hor\u00e1ria. <\/p>\n\n\n\n<p>Os interessados na sele\u00e7\u00e3o j\u00e1 podem se inscrever no site do<a href=\"https:\/\/www.cebraspe.org.br\/concursos\/pc_df_24_adm\" target=\"_blank\" rel=\"noreferrer noopener\"> Cebraspe<\/a>, at\u00e9 <strong>\u00e0s 18h do dia 12 de novembro de 2024. <\/strong><\/p>\n\n\n\n<p>A aplica\u00e7\u00e3o das <strong>provas objetivas e discursivas<\/strong>, est\u00e3o previstas para o dia: <\/p>\n\n\n\n<p><em>Gestor: 12 de janeiro de 2025 <\/em><\/p>\n\n\n\n<p><em>Analista: 19 de janeiro de 2025 <\/em><\/p>\n\n\n\n<p><a href=\"https:\/\/cdn.cebraspe.org.br\/concursos\/pc_df_24_adm\/arquivos\/ED_1_PCDF_ADM_2024_ABERTURA.PDF\" target=\"_blank\" rel=\"noreferrer noopener\">Acesse aqui <\/a>o edital<\/p>\n\n\n\n<p><\/p>","protected":false},"excerpt":{"rendered":"<p>A \u00e1rea administrativa dentro da carreira policial, est\u00e1 com \u00f3timas oportunidades em vista. O primeiro, \u00e9 o PCDF, com edital publicado, mais de 700 vagas de n\u00edveis m\u00e9dio e superior. O segundo, \u00e9 a PF, que est\u00e1 pr\u00f3ximo de autorizar o certame. <\/p>\n","protected":false},"author":54664,"featured_media":253105,"comment_status":"closed","ping_status":"closed","sticky":false,"template":"","format":"standard","meta":{"_acf_changed":false,"footnotes":"","_wp_rev_ctl_limit":""},"categories":[33508],"tags":[37074],"class_list":["post-253093","post","type-post","status-publish","format-standard","has-post-thumbnail","hentry","category-artigos","tag-concurso-pf-administrativo"],"acf":[],"_links":{"self":[{"href":"https:\/\/www.novaconcursos.com.br\/portal\/wp-json\/wp\/v2\/posts\/253093","targetHints":{"allow":["GET"]}}],"collection":[{"href":"https:\/\/www.novaconcursos.com.br\/portal\/wp-json\/wp\/v2\/posts"}],"about":[{"href":"https:\/\/www.novaconcursos.com.br\/portal\/wp-json\/wp\/v2\/types\/post"}],"author":[{"embeddable":true,"href":"https:\/\/www.novaconcursos.com.br\/portal\/wp-json\/wp\/v2\/users\/54664"}],"replies":[{"embeddable":true,"href":"https:\/\/www.novaconcursos.com.br\/portal\/wp-json\/wp\/v2\/comments?post=253093"}],"version-history":[{"count":92,"href":"https:\/\/www.novaconcursos.com.br\/portal\/wp-json\/wp\/v2\/posts\/253093\/revisions"}],"predecessor-version":[{"id":301463,"href":"https:\/\/www.novaconcursos.com.br\/portal\/wp-json\/wp\/v2\/posts\/253093\/revisions\/301463"}],"wp:featuredmedia":[{"embeddable":true,"href":"https:\/\/www.novaconcursos.com.br\/portal\/wp-json\/wp\/v2\/media\/253105"}],"wp:attachment":[{"href":"https:\/\/www.novaconcursos.com.br\/portal\/wp-json\/wp\/v2\/media?parent=253093"}],"wp:term":[{"taxonomy":"category","embeddable":true,"href":"https:\/\/www.novaconcursos.com.br\/portal\/wp-json\/wp\/v2\/categories?post=253093"},{"taxonomy":"post_tag","embeddable":true,"href":"https:\/\/www.novaconcursos.com.br\/portal\/wp-json\/wp\/v2\/tags?post=253093"}],"curies":[{"name":"wp","href":"https:\/\/api.w.org\/{rel}","templated":true}]}}