{"id":254643,"date":"2024-10-04T10:36:57","date_gmt":"2024-10-04T13:36:57","guid":{"rendered":"https:\/\/www.novaconcursos.com.br\/portal\/?p=254643"},"modified":"2024-10-10T12:02:55","modified_gmt":"2024-10-10T15:02:55","slug":"cnu-suspencao-provas-bloco-4","status":"publish","type":"post","link":"https:\/\/www.novaconcursos.com.br\/portal\/noticias\/cnu-suspencao-provas-bloco-4\/","title":{"rendered":"CNU: Justi\u00e7a Federal suspende as provas do bloco 4!"},"content":{"rendered":"<p>Aten\u00e7\u00e3o, concurseiros! <strong>A Justi\u00e7a Federal suspendeu as provas do bloco 4 do <a href=\"https:\/\/www.novaconcursos.com.br\/portal\/concursos\/cnu\/\">CNU<\/a><\/strong> (Concurso Nacional Unificado) ap\u00f3s viola\u00e7\u00e3o \u00e0 isonomia.<\/p>\n\n\n\n<p>Vale relembrar que as vagas do certame s\u00e3o destinadas para os cargos de n\u00edveis m\u00e9dio e superior de escolaridade distribu\u00eddas entre 21 \u00f3rg\u00e3os federais.<\/p>\n\n\n\n<p>Se interessa pelo Enem dos concursos e n\u00e3o quer perder nenhuma informa\u00e7\u00e3o? Acompanhe a nossa p\u00e1gina e fique por dentro de todas as not\u00edcias! ?<\/p>\n\n\n\n<h2 class=\"wp-block-heading\" id=\"por-que-as-provas-do-bloco-4-do-cnu-foram-suspensas\">Por que as provas do bloco 4 do CNU foram suspensas?<\/h2>\n\n\n\n<p>A Se\u00e7\u00e3o Judici\u00e1ria do Distrito Federal, do Tribunal Regional Federal da 1\u00aa Regi\u00e3o (TRF1), suspendeu as provas do Bloco 4 do <a href=\"https:\/\/www.gov.br\/gestao\/pt-br\/concursonacional\" target=\"_blank\" rel=\"noreferrer noopener\">Concurso Nacional Unificado<\/a> ap\u00f3s um incidente ocorrido em Recife\/PE. A decis\u00e3o foi tomada pela ju\u00edza Lucineia Tofolo, que avaliou a ocorr\u00eancia como uma viola\u00e7\u00e3o \u00e0 isonomia do certame.<\/p>\n\n\n\n<p>O problema aconteceu na Escola de Refer\u00eancia em Ensino M\u00e9dio (EREM) Jornalista Trajano Chacon, onde um grupo de candidatos relatou que fiscais de prova, durante o turno da manh\u00e3, abriram um envelope contendo os cadernos de provas da tarde, referentes ao Bloco 4, de conhecimentos espec\u00edficos. <\/p>\n\n\n\n<p>Um dos candidatos do CNU afirmou ter folheado o material por completo e anotado seu nome antes de perceber que se tratava da prova vespertina. Ap\u00f3s ser alertada, a equipe de fiscaliza\u00e7\u00e3o recolheu os cadernos e distribuiu as provas corretas.<\/p>\n\n\n\n<p>Apesar da corre\u00e7\u00e3o imediata do erro, a ju\u00edza entendeu que o epis\u00f3dio comprometeu a igualdade de condi\u00e7\u00f5es entre os candidatos, j\u00e1 que houve acesso pr\u00e9vio ao conte\u00fado das quest\u00f5es. <\/p>\n\n\n\n<p>A suspens\u00e3o das provas levantou questionamentos sobre a seguran\u00e7a do processo seletivo, com a a\u00e7\u00e3o popular que motivou a liminar destacando a viola\u00e7\u00e3o dos princ\u00edpios da moralidade e impessoalidade no CNU. <\/p>\n\n\n\n<p><a href=\"https:\/\/www.novaconcursos.com.br\/portal\/wp-content\/uploads\/2024\/10\/Suspensao-das-provas-do-bloco-4.pdf\" target=\"_blank\" rel=\"noreferrer noopener\">Confira a liminar na \u00edntegra.<\/a><\/p>\n\n\n\n<h2 class=\"wp-block-heading\" id=\"qual-o-posicionamento-do-governo-federal\">Qual \u00e9 o posicionamento do Governo Federal?<\/h2>\n\n\n\n<p>Em uma manifesta\u00e7\u00e3o preliminar enviada ao Tribunal Regional Federal da 1\u00aa Regi\u00e3o (TRF1), a Uni\u00e3o reconheceu um erro na condu\u00e7\u00e3o das provas do Bloco 4, que inclui o cargo de Auditor-Fiscal do Trabalho (AFT), mas negou o vazamento do conte\u00fado das avalia\u00e7\u00f5es. <\/p>\n\n\n\n<p>Segundo o governo, os cadernos de quest\u00f5es do CNU foram recolhidos antes da autoriza\u00e7\u00e3o para o in\u00edcio das provas, o que teria evitado qualquer preju\u00edzo ao processo seletivo.<\/p>\n\n\n\n<p><em>\u201cAo contr\u00e1rio do defendido pelo autor, n\u00e3o houve vazamento de prova, nem quebra de isonomia em benef\u00edcio de alguns candidatos, uma vez que n\u00e3o houve acesso \u00e0s quest\u00f5es do caderno, mas apenas distribui\u00e7\u00e3o das provas de outro turno, fato imediatamente corrigido, antes mesmo da autoriza\u00e7\u00e3o para in\u00edcio da resolu\u00e7\u00e3o de quest\u00f5es. (\u2026) o caderno de prova da tarde foi entregue por engano no per\u00edodo da manh\u00e3. Com isso, o envelope com os cadernos foi lacrado novamente e ficou sob guarda da fiscaliza\u00e7\u00e3o e do certificador externo do Minist\u00e9rio da Gest\u00e3o e da Inova\u00e7\u00e3o. As provas, segundo o Minist\u00e9rio, permaneceram sob sigilo at\u00e9 a aplica\u00e7\u00e3o no turno da tarde\u201d<\/em>, alegou a Uni\u00e3o.<\/p>\n\n\n\n<p>No entanto, o autor da a\u00e7\u00e3o judicial contestou essa vers\u00e3o, apresentando provas no processo, incluindo um e-mail de uma candidata que teria presenciado a situa\u00e7\u00e3o e um \u00e1udio de outra concorrente relatando \u00e0 banca examinadora o acesso antecipado \u00e0s quest\u00f5es da prova aplicada no per\u00edodo da tarde.<\/p>\n\n\n\n<p>\u201c<em>(\u2026) Diante do exposto, registro que esse e-mail est\u00e1 sendo enviado \u00e0s 12:44 e, como prova, eu j\u00e1 vi as quest\u00f5es da prova da tarde e, inclusive, a primeira delas \u00e9 sobre Motiva\u00e7\u00e3o. Nesse sentido, o que garante que fotos da prova ou disponibiliza\u00e7\u00e3o a terceiros n\u00e3o ir\u00e1 ocorrer? A embalagem ficou aberta, \u00e0 tarde n\u00e3o precisarei anotar meu nome na prova, pois j\u00e1 anotei pela manh\u00e3. T\u00e3o pouco o fiscal poder\u00e1 mostrar a embalagem sem viola\u00e7\u00e3o, pois essa j\u00e1 foi violada pela manh\u00e3. Nesse sentido, pe\u00e7o provid\u00eancias no sentido de que o princ\u00edpio a garantia do presente certame seja garantida.<\/em>\u201c, relato da candidata enviado antes da aplica\u00e7\u00e3o das provas da tarde.<\/p>\n\n\n\n<p>A ju\u00edza respons\u00e1vel pelo caso, em sua decis\u00e3o liminar, destacou que a primeira quest\u00e3o do caderno de provas tratava sobre o tema motiva\u00e7\u00e3o, confirmando parte das alega\u00e7\u00f5es feitas pelos candidatos. No entanto, como se trata de uma liminar, a decis\u00e3o pode ser revertida em inst\u00e2ncias superiores.<\/p>\n\n\n\n<ul class=\"wp-block-list\"><li><strong>Confira: <\/strong><a href=\"https:\/\/www.novaconcursos.com.br\/apostila\/cnu-bloco-4-trabalho-e-saude-do-servidor\">Apostila CNU 2024 \u2013 Bloco 4 \u2013 Trabalho e Sa\u00fade do Servidor<\/a><\/li>\n<\/ul><p>Estude para o concurso dos seus sonhos com o\u00a0M\u00e9todo\u00a0que j\u00e1 ajudou na\u00a0aprova\u00e7\u00e3o de mais de 70 mil alunos!\u00a0<a href=\"https:\/\/www.novaconcursos.com.br\/eventos\/assinatura\/?promo_creative=Clique+aqui&amp;promo_name=concurso&amp;promo_id=%2Fportal%2Fconcursos%2Fconcurso-mte&amp;promo_position=corpo-texto\" target=\"_blank\" rel=\"noreferrer noopener\">Clique aqui<\/a>\u00a0e saiba mais!<\/p>\n\n\n\n<h2 class=\"wp-block-heading\" id=\"o-que-diz-o-mgi\">O que diz o MGI?<\/h2>\n\n\n\n<p>O <a href=\"https:\/\/www.gov.br\/gestao\/pt-br\" target=\"_blank\" rel=\"noreferrer noopener\">Minist\u00e9rio da Gest\u00e3o e Inova\u00e7\u00e3o<\/a> (MGI), respons\u00e1vel pela organiza\u00e7\u00e3o do concurso em conjunto com a Funda\u00e7\u00e3o Cesgranrio, emitiu uma nota oficial informando que medidas foram tomadas imediatamente ap\u00f3s a detec\u00e7\u00e3o do erro. <\/p>\n\n\n\n<p>Segundo o MGI, os envelopes permaneceram lacrados at\u00e9 a aplica\u00e7\u00e3o das provas no turno da tarde, mas o caso agora est\u00e1 sendo avaliado pela Justi\u00e7a.<\/p>\n\n\n\n<p>O Minist\u00e9rio P\u00fablico Federal (MPF) tamb\u00e9m se pronunciou, recomendando que os candidatos do CNU que n\u00e3o tenham assinalado o tipo de gabarito e transcrito a frase no Cart\u00e3o-Resposta n\u00e3o sejam eliminados do certame, uma vez que essas falhas n\u00e3o comprometeriam, por si s\u00f3, a legalidade da avalia\u00e7\u00e3o.<\/p>\n\n\n\n<p>Em nota oficial divulgada nesta quinta-feira (3), o MGI informou que ainda n\u00e3o foi notificado da decis\u00e3o judicial que suspende as provas do bloco 4 do Concurso Unificado. <\/p>\n\n\n\n<p>A decis\u00e3o foi deferida pela Se\u00e7\u00e3o Judici\u00e1ria do Distrito Federal, do Tribunal Regional Federal da 1\u00aa Regi\u00e3o, ap\u00f3s uma liminar que questiona a isonomia do certame.<\/p>\n\n\n\n<p>Em rela\u00e7\u00e3o ao cronograma do CNU, o MGI assegura que a divulga\u00e7\u00e3o do resultado preliminar da prova discursiva continua marcada para o dia 8 de outubro. <\/p>\n\n\n\n<p>Al\u00e9m disso, os candidatos poder\u00e3o solicitar a revis\u00e3o das notas at\u00e9 o dia 9 de outubro. O envio dos t\u00edtulos pelos participantes permanece previsto para os dias 9 e 10 de outubro.<\/p>\n\n\n\n<p><a href=\"https:\/\/www.novaconcursos.com.br\/portal\/noticias\/concurso-nacional-unificado-proximas-datas\/\">Confira as pr\u00f3ximas datas da 1\u00aa edi\u00e7\u00e3o do Enem dos concursos aqui!<\/a><\/p>\n\n\n\n\n\n<h2 class=\"wp-block-heading\" id=\"panorama-geral-do-cnu\">Panorama geral do CNU<\/h2>\n\n\n\n<p>O Enem dos Concursos, organizado pela <a href=\"https:\/\/www.cesgranrio.org.br\/\" target=\"_blank\" rel=\"noreferrer noopener\">Funda\u00e7\u00e3o Cesgranrio<\/a>, oferece um total de 6.640 vagas para n\u00edveis m\u00e9dio e superior em 21 \u00f3rg\u00e3os e entidades do Poder Executivo Federal. <\/p>\n\n\n\n<p>As oportunidades do CNU est\u00e3o divididas em oito blocos tem\u00e1ticos, abrangendo \u00e1reas como infraestrutura, tecnologia, meio ambiente, sa\u00fade, educa\u00e7\u00e3o e gest\u00e3o p\u00fablica.<\/p>\n\n\n\n<p>Os sal\u00e1rios iniciais variam conforme o cargo, indo de R$ 5.866,69, para o cargo de T\u00e9cnico do IBGE, at\u00e9 R$ 22.921,71, para Auditor Fiscal do Trabalho.<\/p>\n\n\n\n<p>As provas objetivas e discursivas foram aplicadas simultaneamente no \u00faltimo domingo (18\/8), com dois turnos distintos. <\/p>\n\n\n\n<p>Os editais foram retificados e a prova de t\u00edtulos teve mudan\u00e7as, confira os detalhes no seguinte not\u00edcia: <a href=\"https:\/\/www.novaconcursos.com.br\/portal\/noticias\/cnu-editais-retificados\/\">CNU: editais s\u00e3o retificados e prova de t\u00edtulos tem mudan\u00e7as!<\/a><\/p>\n\n\n\n<p>Quer ingressar na carreira p\u00fablica?\u00a0<a href=\"https:\/\/www.novaconcursos.com.br\/portal\/concursos-abertos\/nacional\/\">Confira todos os concursos nacionais abertos!<\/a><\/p>\n\n\n\n<p><strong>Fiquem ligados na nossa p\u00e1gina para as pr\u00f3ximas not\u00edcias sobre o CNU!<\/strong><\/p>","protected":false},"excerpt":{"rendered":"<p>Aten\u00e7\u00e3o, concurseiros! A Justi\u00e7a Federal suspendeu as provas do bloco 4 do CNU (Concurso Nacional Unificado) ap\u00f3s viola\u00e7\u00e3o \u00e0 isonomia. Vale relembrar que as vagas do certame s\u00e3o destinadas para os cargos de n\u00edveis m\u00e9dio e superior de escolaridade distribu\u00eddas entre 21 \u00f3rg\u00e3os federais. Se interessa pelo Enem dos concursos e n\u00e3o quer perder nenhuma [&hellip;]<\/p>\n","protected":false},"author":54687,"featured_media":254644,"comment_status":"closed","ping_status":"closed","sticky":false,"template":"","format":"standard","meta":{"_acf_changed":false,"footnotes":"","_wp_rev_ctl_limit":""},"categories":[228],"tags":[44919],"class_list":["post-254643","post","type-post","status-publish","format-standard","has-post-thumbnail","hentry","category-noticias","tag-concurso-nacional-unificado"],"acf":[],"_links":{"self":[{"href":"https:\/\/www.novaconcursos.com.br\/portal\/wp-json\/wp\/v2\/posts\/254643","targetHints":{"allow":["GET"]}}],"collection":[{"href":"https:\/\/www.novaconcursos.com.br\/portal\/wp-json\/wp\/v2\/posts"}],"about":[{"href":"https:\/\/www.novaconcursos.com.br\/portal\/wp-json\/wp\/v2\/types\/post"}],"author":[{"embeddable":true,"href":"https:\/\/www.novaconcursos.com.br\/portal\/wp-json\/wp\/v2\/users\/54687"}],"replies":[{"embeddable":true,"href":"https:\/\/www.novaconcursos.com.br\/portal\/wp-json\/wp\/v2\/comments?post=254643"}],"version-history":[{"count":13,"href":"https:\/\/www.novaconcursos.com.br\/portal\/wp-json\/wp\/v2\/posts\/254643\/revisions"}],"predecessor-version":[{"id":255885,"href":"https:\/\/www.novaconcursos.com.br\/portal\/wp-json\/wp\/v2\/posts\/254643\/revisions\/255885"}],"wp:featuredmedia":[{"embeddable":true,"href":"https:\/\/www.novaconcursos.com.br\/portal\/wp-json\/wp\/v2\/media\/254644"}],"wp:attachment":[{"href":"https:\/\/www.novaconcursos.com.br\/portal\/wp-json\/wp\/v2\/media?parent=254643"}],"wp:term":[{"taxonomy":"category","embeddable":true,"href":"https:\/\/www.novaconcursos.com.br\/portal\/wp-json\/wp\/v2\/categories?post=254643"},{"taxonomy":"post_tag","embeddable":true,"href":"https:\/\/www.novaconcursos.com.br\/portal\/wp-json\/wp\/v2\/tags?post=254643"}],"curies":[{"name":"wp","href":"https:\/\/api.w.org\/{rel}","templated":true}]}}