{"id":254714,"date":"2024-10-04T14:12:22","date_gmt":"2024-10-04T17:12:22","guid":{"rendered":"https:\/\/www.novaconcursos.com.br\/portal\/?p=254714"},"modified":"2024-10-04T14:12:26","modified_gmt":"2024-10-04T17:12:26","slug":"cnu-prova-titulos","status":"publish","type":"post","link":"https:\/\/www.novaconcursos.com.br\/portal\/noticias\/cnu-prova-titulos\/","title":{"rendered":"CNU: Veja quais documentos ser\u00e3o aceitos na prova de t\u00edtulos!"},"content":{"rendered":"<p>Com a data da prova de t\u00edtulos se aproximando e com a recente retifica\u00e7\u00e3o do edital <a href=\"https:\/\/www.novaconcursos.com.br\/portal\/concursos\/cnu\/\">CNU<\/a> (Concurso Nacional Unificado) <strong>\u00e9 preciso ficar atento aos documentos que ser\u00e3o aceitos para a avalia\u00e7\u00e3o<\/strong>.<\/p>\n\n\n\n<p>O certame oferta 6.640 vagas para cargos de n\u00edveis m\u00e9dio e superior de escolaridade com iniciais de at\u00e9 R$22 mil.<\/p>\n\n\n\n<p>Se interessa pelo Concurso Unificado e quer ficar por dentro de todas as informa\u00e7\u00f5es sobre o certame? Acompanhe a nossa p\u00e1gina e n\u00e3o perca nenhuma not\u00edcia! ?<\/p>\n\n\n\n<h2 class=\"wp-block-heading\" id=\"cnu-documentao-para-a-prova-de-ttulos\">CNU: Documenta\u00e7\u00e3o para a prova de t\u00edtulos<\/h2>\n\n\n\n<p>Uma <a href=\"https:\/\/www.novaconcursos.com.br\/portal\/noticias\/cnu-editais-retificados\/\">retifica\u00e7\u00e3o do CNU publicada em 1\u00ba de outubro<\/a> trouxe novas exig\u00eancias para o envio de t\u00edtulos. Agora, \u00e9 necess\u00e1rio que as imagens dos diplomas e demais documentos incluam frente e verso, atendendo a requisitos como data e assinatura. <\/p>\n\n\n\n<p>Al\u00e9m disso, a autentica\u00e7\u00e3o em cart\u00f3rio passa a ser obrigat\u00f3ria para mais tipos de documentos, intensificando os cuidados com a autenticidade durante a etapa de avalia\u00e7\u00e3o. Confira abaixo os documentos exigidos:<\/p>\n\n\n\n<h3 class=\"wp-block-heading\">Confira quais ser\u00e3o os diplomas aceitos para a avalia\u00e7\u00e3o no CNU<\/h3>\n\n\n\n<p><span style=\"text-decoration: underline;\">Stricto Sensu (Doutorado e Mestrado)<\/span><\/p>\n\n\n\n<p>Imagem do diploma (frente e verso) original ou c\u00f3pia autenticada, devidamente registrado e emitido por institui\u00e7\u00e3o reconhecida pelo MEC; ou certificado\/declara\u00e7\u00e3o de conclus\u00e3o acompanhado de hist\u00f3rico escolar com cr\u00e9ditos, disciplinas, men\u00e7\u00f5es e resultado dos exames e tese. Para diplomas estrangeiros, \u00e9 necess\u00e1ria a revalida\u00e7\u00e3o no Brasil e tradu\u00e7\u00e3o juramentada.<\/p>\n\n\n\n<p><span style=\"text-decoration: underline;\">Lato Sensu<\/span><\/p>\n\n\n\n<p><em>Especializa\u00e7\u00e3o<\/em><\/p>\n\n\n\n<p>Imagem do certificado ou c\u00f3pia autenticada de curso de especializa\u00e7\u00e3o (m\u00ednimo de 360h), ou declara\u00e7\u00e3o de conclus\u00e3o com hist\u00f3rico escolar, expedido por institui\u00e7\u00e3o credenciada conforme regulamenta\u00e7\u00e3o do Conselho Nacional de Educa\u00e7\u00e3o.<\/p>\n\n\n\n<p><em>Resid\u00eancia Multiprofissional em Sa\u00fade coletiva\/p\u00fablica <\/em><\/p>\n\n\n\n<p>Imagem do certificado ou c\u00f3pia autenticada de curso de resid\u00eancia multiprofissional em sa\u00fade coletiva\/p\u00fablica ou \u00e1reas afins, ou declara\u00e7\u00e3o de conclus\u00e3o com hist\u00f3rico, expedidos por institui\u00e7\u00e3o credenciada conforme regulamenta\u00e7\u00e3o vigente.<\/p>\n\n\n\n<p><span style=\"text-decoration: underline;\">Gradua\u00e7\u00e3o<\/span><\/p>\n\n\n\n<p>Imagem do diploma (frente e verso) original ou c\u00f3pia autenticada, devidamente registrado, ou certificado\/declara\u00e7\u00e3o de conclus\u00e3o com hist\u00f3rico escolar. Para diplomas estrangeiros, \u00e9 necess\u00e1ria a revalida\u00e7\u00e3o no Brasil e tradu\u00e7\u00e3o juramentada.<\/p>\n\n\n\n<ul class=\"wp-block-list\"><li><strong>Confira: <\/strong><a href=\"https:\/\/www.novaconcursos.com.br\/apostila\/cnu-bloco-7-gestao-governamental-administracao-publica\">Apostila CNU 2024 \u2013 Bloco 7 \u2013 Gest\u00e3o Governamental e Administra\u00e7\u00e3o P\u00fablica<\/a><\/li>\n<\/ul><p>Estude para o concurso dos seus sonhos com o\u00a0M\u00e9todo\u00a0que j\u00e1 ajudou na\u00a0aprova\u00e7\u00e3o de mais de 70 mil alunos!\u00a0<a href=\"https:\/\/www.novaconcursos.com.br\/eventos\/assinatura\/?promo_creative=Clique+aqui&amp;promo_name=concurso&amp;promo_id=%2Fportal%2Fconcursos%2Fconcurso-mte&amp;promo_position=corpo-texto\" target=\"_blank\" rel=\"noreferrer noopener\">Clique aqui<\/a>\u00a0e saiba mais!<\/p>\n\n\n\n<h3 class=\"wp-block-heading\">Como comprovar a experi\u00eancia profissional?<\/h3>\n\n\n\n<p><span style=\"text-decoration: underline;\">Experi\u00eancia \/ institui\u00e7\u00e3o profissional<\/span><\/p>\n\n\n\n<p>Apresentar a Carteira de Trabalho e Previd\u00eancia Social (CTPS) com a folha de identifica\u00e7\u00e3o, qualifica\u00e7\u00e3o civil, contrato de trabalho (com datas de admiss\u00e3o e sa\u00edda) e folhas de altera\u00e7\u00f5es (se houver). <\/p>\n\n\n\n<p>Incluir declara\u00e7\u00e3o do empregador, datada e assinada, informando o servi\u00e7o realizado, descri\u00e7\u00e3o das atividades e per\u00edodo. Anexar diploma de conclus\u00e3o de curso de gradua\u00e7\u00e3o (frente e verso) ou documento certificador de n\u00edvel superior (se aplic\u00e1vel).<\/p>\n\n\n\n<p><span style=\"text-decoration: underline;\">Institui\u00e7\u00e3o p\u00fablica<\/span><\/p>\n\n\n\n<p>Apresentar Termo de posse, Termo de exerc\u00edcio ou Certid\u00e3o de Tempo de Servi\u00e7o, datada e assinada. Incluir declara\u00e7\u00e3o da institui\u00e7\u00e3o com informa\u00e7\u00f5es sobre o servi\u00e7o, atividades e per\u00edodo, al\u00e9m do diploma de gradua\u00e7\u00e3o ou documento certificador de n\u00edvel superior.<\/p>\n\n\n\n<p><span style=\"text-decoration: underline;\">Atividade\/servi\u00e7o prestado por meio de contrato de trabalho ou de presta\u00e7\u00e3o de servi\u00e7o como Microempreendedor Individual (MEI), como s\u00f3cio de empresa, como consultor de projeto em organismo internacional ou outras naturezas de contrata\u00e7\u00e3o distintas<\/span><\/p>\n\n\n\n<p>Apresentar contrato de presta\u00e7\u00e3o de servi\u00e7o entre o contratante e o candidato ou a empresa, acompanhado do Contrato Social\/CCMEI. Incluir declara\u00e7\u00e3o do contratante sobre o servi\u00e7o realizado, descri\u00e7\u00e3o das atividades e per\u00edodo. Anexar diploma de gradua\u00e7\u00e3o ou documento certificador de n\u00edvel superior.<\/p>\n\n\n\n<p><span style=\"text-decoration: underline;\">Atividade\/servi\u00e7o prestado como aut\u00f4nomo<\/span><\/p>\n\n\n\n<p>Apresentar Recibo de Pagamento a Aut\u00f4nomo (RPA), incluindo pelo menos o primeiro e o \u00faltimo recibo do per\u00edodo. Incluir contrato de presta\u00e7\u00e3o de servi\u00e7os e declara\u00e7\u00e3o do contratante sobre o servi\u00e7o realizado, descri\u00e7\u00e3o das atividades e per\u00edodo. Anexar diploma de gradua\u00e7\u00e3o ou documento certificador de n\u00edvel superior.<\/p>\n\n\n\n<p><span style=\"text-decoration: underline;\">Atividade\/servi\u00e7o de advocacia<\/span><\/p>\n\n\n\n<p>Apresentar certid\u00f5es de atua\u00e7\u00e3o em, no m\u00ednimo, cinco novos processos judiciais diferentes por ano, emitidas pelas varas ou cart\u00f3rios competentes. Incluir documento oficial da OAB atestando a data de inscri\u00e7\u00e3o e diploma de gradua\u00e7\u00e3o ou documento certificador de n\u00edvel superior.<\/p>\n\n\n\n\n\n<h2 class=\"wp-block-heading\" id=\"quando-os-documentos-devero-ser-enviados\">Quando os documentos dever\u00e3o ser enviados?<\/h2>\n\n\n\n<p>Na pr\u00f3xima ter\u00e7a-feira, 8 de outubro, o<a href=\"https:\/\/www.gov.br\/gestao\/pt-br\/concursonacional\" target=\"_blank\" rel=\"noopener\"> Concurso Nacional Unificado<\/a> publicar\u00e1 os resultados finais das provas objetivas, os resultados preliminares da prova discursiva, al\u00e9m da convoca\u00e7\u00e3o para o envio dos t\u00edtulos.<\/p>\n\n\n\n<p>Os candidatos convocados para esta fase ter\u00e3o um prazo curto: apenas os dias 9 e 10 de outubro para encaminhar a documenta\u00e7\u00e3o comprobat\u00f3ria de especializa\u00e7\u00f5es acad\u00eamicas e experi\u00eancias profissionais.<\/p>\n\n\n\n<p>Vale destacar que estes documentos poder\u00e3o ser convertidos em pontos adicionais na nota final, potencialmente impactando a classifica\u00e7\u00e3o dos participantes no CNU.<\/p>\n\n\n\n<p>Dado o curto per\u00edodo para envio, a organiza\u00e7\u00e3o do CNU recomenda que os candidatos j\u00e1 comecem a separar e preparar a documenta\u00e7\u00e3o exigida, evitando qualquer contratempo que possa comprometer o cumprimento do prazo estabelecido.<\/p>\n\n\n\n<h2 class=\"wp-block-heading\" id=\"quando-o-resultado-final-da-prova-de-ttulos-do-cnu-ser-divul\">Quando o resultado final da prova de t\u00edtulos do CNU ser\u00e1 divulgado?<\/h2>\n\n\n\n<p>No dia <strong>4 de novembro<\/strong>, ser\u00e1 divulgado o resultado preliminar da avalia\u00e7\u00e3o dos t\u00edtulos, com um prazo nos dias 4 e 5 de novembro para a interposi\u00e7\u00e3o de poss\u00edveis recursos relacionados a esse resultado. <\/p>\n\n\n\n<p>Posteriormente, no dia 19 de novembro, ser\u00e1 apresentada a divulga\u00e7\u00e3o do resultado dos pedidos de revis\u00e3o das notas dos t\u00edtulos. A expectativa \u00e9 que os resultados finais do CNU sejam revelados no dia 21 de novembro.<\/p>\n\n\n\n<p>Para os cargos que t\u00eam o curso de forma\u00e7\u00e3o como etapa do CNU, as chamadas est\u00e3o previstas para come\u00e7ar em dezembro deste ano. J\u00e1 para os demais cargos, a convoca\u00e7\u00e3o dos aprovados ter\u00e1 in\u00edcio em janeiro de 2025. <\/p>\n\n\n\n<p>\u00c9 importante destacar que o CNU ter\u00e1 validade inicial de 12 meses, podendo ser prorrogado por mais 12 meses. Durante esse per\u00edodo, al\u00e9m dos 6.640 aprovados, outros candidatos poder\u00e3o ser convocados para assumir o cargo, conforme a necessidade.<\/p>\n\n\n\n<p><a href=\"https:\/\/www.novaconcursos.com.br\/portal\/concursos-abertos\/nacional\/\">Confira todos os concursos abertos a n\u00edvel nacional!<\/a><\/p>\n\n\n\n<p><strong>Fiquem ligados na nossa p\u00e1gina para as pr\u00f3ximas not\u00edcias sobre o CNU!<\/strong><\/p>","protected":false},"excerpt":{"rendered":"<p>Com a data da prova de t\u00edtulos se aproximando e com a recente retifica\u00e7\u00e3o do edital CNU (Concurso Nacional Unificado) \u00e9 preciso ficar atento aos documentos que ser\u00e3o aceitos para a avalia\u00e7\u00e3o. O certame oferta 6.640 vagas para cargos de n\u00edveis m\u00e9dio e superior de escolaridade com iniciais de at\u00e9 R$22 mil. Se interessa pelo [&hellip;]<\/p>\n","protected":false},"author":54687,"featured_media":254739,"comment_status":"closed","ping_status":"closed","sticky":false,"template":"","format":"standard","meta":{"_acf_changed":false,"footnotes":"","_wp_rev_ctl_limit":""},"categories":[228],"tags":[44919],"class_list":["post-254714","post","type-post","status-publish","format-standard","has-post-thumbnail","hentry","category-noticias","tag-concurso-nacional-unificado"],"acf":[],"_links":{"self":[{"href":"https:\/\/www.novaconcursos.com.br\/portal\/wp-json\/wp\/v2\/posts\/254714","targetHints":{"allow":["GET"]}}],"collection":[{"href":"https:\/\/www.novaconcursos.com.br\/portal\/wp-json\/wp\/v2\/posts"}],"about":[{"href":"https:\/\/www.novaconcursos.com.br\/portal\/wp-json\/wp\/v2\/types\/post"}],"author":[{"embeddable":true,"href":"https:\/\/www.novaconcursos.com.br\/portal\/wp-json\/wp\/v2\/users\/54687"}],"replies":[{"embeddable":true,"href":"https:\/\/www.novaconcursos.com.br\/portal\/wp-json\/wp\/v2\/comments?post=254714"}],"version-history":[{"count":12,"href":"https:\/\/www.novaconcursos.com.br\/portal\/wp-json\/wp\/v2\/posts\/254714\/revisions"}],"predecessor-version":[{"id":254744,"href":"https:\/\/www.novaconcursos.com.br\/portal\/wp-json\/wp\/v2\/posts\/254714\/revisions\/254744"}],"wp:featuredmedia":[{"embeddable":true,"href":"https:\/\/www.novaconcursos.com.br\/portal\/wp-json\/wp\/v2\/media\/254739"}],"wp:attachment":[{"href":"https:\/\/www.novaconcursos.com.br\/portal\/wp-json\/wp\/v2\/media?parent=254714"}],"wp:term":[{"taxonomy":"category","embeddable":true,"href":"https:\/\/www.novaconcursos.com.br\/portal\/wp-json\/wp\/v2\/categories?post=254714"},{"taxonomy":"post_tag","embeddable":true,"href":"https:\/\/www.novaconcursos.com.br\/portal\/wp-json\/wp\/v2\/tags?post=254714"}],"curies":[{"name":"wp","href":"https:\/\/api.w.org\/{rel}","templated":true}]}}